{"id":73692,"date":"2017-12-15T10:43:50","date_gmt":"2017-12-15T09:43:50","guid":{"rendered":"http:\/\/vackerunderbar.se\/?p=73692"},"modified":"2017-12-19T11:45:55","modified_gmt":"2017-12-19T10:45:55","slug":"testa-bookbeat","status":"publish","type":"post","link":"https:\/\/vackerunderbar.se\/?p=73692","title":{"rendered":"Testa BookBeat!"},"content":{"rendered":"<p><a href=\"http:\/\/vackerunderbar.se\/wp-content\/uploads\/2016\/10\/bookbeat2.jpg\"><img loading=\"lazy\" decoding=\"async\" class=\"alignnone size-large wp-image-70448\" src=\"http:\/\/vackerunderbar.se\/wp-content\/uploads\/2016\/10\/bookbeat2-700x362.jpg\" alt=\"\" width=\"700\" height=\"362\" srcset=\"https:\/\/vackerunderbar.se\/wp-content\/uploads\/2016\/10\/bookbeat2-700x362.jpg 700w, https:\/\/vackerunderbar.se\/wp-content\/uploads\/2016\/10\/bookbeat2-340x176.jpg 340w, https:\/\/vackerunderbar.se\/wp-content\/uploads\/2016\/10\/bookbeat2-768x397.jpg 768w, https:\/\/vackerunderbar.se\/wp-content\/uploads\/2016\/10\/bookbeat2-732x378.jpg 732w, https:\/\/vackerunderbar.se\/wp-content\/uploads\/2016\/10\/bookbeat2.jpg 871w\" sizes=\"(max-width: 700px) 100vw, 700px\" \/><\/a><\/p>\n<p>Ni har v\u00e4l inte missat att jag samarbetar med BookBeat? BookBeat \u00e4r Bonniers boktj\u00e4nst f\u00f6r e-b\u00f6cker och ljudb\u00f6cker och det betyder ett enormt utbud av b\u00f6cker.\u00a0Vill du signa upp dig p\u00e5\u00a0BookBeat\u00a0g\u00f6r du det h\u00e4r\u00a0<a href=\"http:\/\/www.bookbeat.se\/blogteam\" target=\"_blank\" rel=\"noopener\">&gt;BookBeat&lt;<\/a>. Denna l\u00e4nk leder till ett registreringsfl\u00f6de som g\u00e4ller en fri m\u00e5nad. Ingen bindningstid! D\u00e4refter kostar det 169 kr per m\u00e5nad att lyssna\/l\u00e4sa hur m\u00e5nga b\u00f6cker du vill.<\/p>\n<p>Mitt samarbete med BookBeat \u00e4r snart slut. Jag har l\u00e4st 17 b\u00f6cker under \u00e5ret vilket verkligen \u00e4r d\u00e5ligt. Men jag har verkligen gillar att ha b\u00f6cker s\u00e5 tillg\u00e4ngligt i min mobil. Det finns ett v\u00e4ldigt bra urval dessutom, b\u00e5de av ljud- och e-b\u00f6cker.<\/p>\n<p>H\u00e4r n\u00e5gra b\u00f6cker jag l\u00e4st p\u00e5 sistone!<\/p>\n<h3><a href=\"http:\/\/vackerunderbar.se\/wp-content\/uploads\/2017\/12\/IMG_20171215_102719.png\"><img loading=\"lazy\" decoding=\"async\" class=\"alignleft wp-image-73694 \" src=\"http:\/\/vackerunderbar.se\/wp-content\/uploads\/2017\/12\/IMG_20171215_102719-340x498.png\" alt=\"\" width=\"100\" height=\"146\" srcset=\"https:\/\/vackerunderbar.se\/wp-content\/uploads\/2017\/12\/IMG_20171215_102719-340x498.png 340w, https:\/\/vackerunderbar.se\/wp-content\/uploads\/2017\/12\/IMG_20171215_102719-768x1125.png 768w, https:\/\/vackerunderbar.se\/wp-content\/uploads\/2017\/12\/IMG_20171215_102719-700x1024.png 700w, https:\/\/vackerunderbar.se\/wp-content\/uploads\/2017\/12\/IMG_20171215_102719-732x1072.png 732w, https:\/\/vackerunderbar.se\/wp-content\/uploads\/2017\/12\/IMG_20171215_102719.png 1080w\" sizes=\"(max-width: 100px) 100vw, 100px\" \/><\/a> <strong>H\u00e4r ligger jag och bl\u00f6der av Jenny J\u00e4gerfeld<\/strong><\/h3>\n<p>Ungdomsromaner st\u00f6r mig alltid, blir s\u00e5 provocerad av menl\u00f6sheten. Men denna \u00e4r r\u00e4tt sm\u00e5kul iaf, lite tragisk ocks\u00e5 men mest provocerande.<\/p>\n<p>&nbsp;<\/p>\n<p>&nbsp;<\/p>\n<p>&nbsp;<\/p>\n<h3><a href=\"http:\/\/vackerunderbar.se\/wp-content\/uploads\/2017\/12\/IMG_20171215_102733.png\"><img loading=\"lazy\" decoding=\"async\" class=\"alignleft  wp-image-73695\" src=\"http:\/\/vackerunderbar.se\/wp-content\/uploads\/2017\/12\/IMG_20171215_102733-319x500.png\" alt=\"\" width=\"100\" height=\"157\" srcset=\"https:\/\/vackerunderbar.se\/wp-content\/uploads\/2017\/12\/IMG_20171215_102733-319x500.png 319w, https:\/\/vackerunderbar.se\/wp-content\/uploads\/2017\/12\/IMG_20171215_102733-768x1205.png 768w, https:\/\/vackerunderbar.se\/wp-content\/uploads\/2017\/12\/IMG_20171215_102733-652x1024.png 652w, https:\/\/vackerunderbar.se\/wp-content\/uploads\/2017\/12\/IMG_20171215_102733-732x1149.png 732w, https:\/\/vackerunderbar.se\/wp-content\/uploads\/2017\/12\/IMG_20171215_102733.png 1080w\" sizes=\"(max-width: 100px) 100vw, 100px\" \/><\/a><strong>Det var vi som var Mulvaneys av Joyce Carol Oates<\/strong><\/h3>\n<p>\u00c5h jag \u00e4lskar Oates. Den h\u00e4r boken l\u00e4ste jag just n\u00e4r #metoo kom som mest. Den handlar om dottern i familjen Mulvaneys som blir v\u00e5ldtagen, detta i en tid p\u00e5 femtiotalets USA d\u00e4r flickans dygd v\u00e4rderades i pengar. Hela familjen splittrades och f\u00f6rst\u00f6rdes. Mycket l\u00e4sv\u00e4rd och stark bok.<\/p>\n<p>&nbsp;<\/p>\n<p>&nbsp;<\/p>\n<h3><a href=\"http:\/\/vackerunderbar.se\/wp-content\/uploads\/2017\/12\/IMG_20171215_102807.png\"><img loading=\"lazy\" decoding=\"async\" class=\"alignleft  wp-image-73696\" src=\"http:\/\/vackerunderbar.se\/wp-content\/uploads\/2017\/12\/IMG_20171215_102807-316x500.png\" alt=\"\" width=\"100\" height=\"159\" srcset=\"https:\/\/vackerunderbar.se\/wp-content\/uploads\/2017\/12\/IMG_20171215_102807-316x500.png 316w, https:\/\/vackerunderbar.se\/wp-content\/uploads\/2017\/12\/IMG_20171215_102807-768x1217.png 768w, https:\/\/vackerunderbar.se\/wp-content\/uploads\/2017\/12\/IMG_20171215_102807-646x1024.png 646w, https:\/\/vackerunderbar.se\/wp-content\/uploads\/2017\/12\/IMG_20171215_102807-732x1160.png 732w, https:\/\/vackerunderbar.se\/wp-content\/uploads\/2017\/12\/IMG_20171215_102807.png 1075w\" sizes=\"(max-width: 100px) 100vw, 100px\" \/><\/a><strong>Playground av Lars Kepler<\/strong><\/h3>\n<p>Den h\u00e4r var gripande. Utspelar sig mestadels i d\u00f6dsriket, v\u00e4ldigt annorlunda grepp och sp\u00e4nnande. Sv\u00e5rt att veta \u00e4nda till slutet hur det skulle sluta.<\/p>\n<p>&nbsp;<\/p>\n<p>&nbsp;<\/p>\n<p>&nbsp;<\/p>\n<p>&nbsp;<\/p>\n<h3><a href=\"http:\/\/vackerunderbar.se\/wp-content\/uploads\/2017\/12\/IMG_20171215_102821.png\"><img loading=\"lazy\" decoding=\"async\" class=\"alignleft  wp-image-73697\" src=\"http:\/\/vackerunderbar.se\/wp-content\/uploads\/2017\/12\/IMG_20171215_102821-336x500.png\" alt=\"\" width=\"100\" height=\"149\" srcset=\"https:\/\/vackerunderbar.se\/wp-content\/uploads\/2017\/12\/IMG_20171215_102821-336x500.png 336w, https:\/\/vackerunderbar.se\/wp-content\/uploads\/2017\/12\/IMG_20171215_102821-768x1142.png 768w, https:\/\/vackerunderbar.se\/wp-content\/uploads\/2017\/12\/IMG_20171215_102821-689x1024.png 689w, https:\/\/vackerunderbar.se\/wp-content\/uploads\/2017\/12\/IMG_20171215_102821-732x1088.png 732w, https:\/\/vackerunderbar.se\/wp-content\/uploads\/2017\/12\/IMG_20171215_102821.png 1065w\" sizes=\"(max-width: 100px) 100vw, 100px\" \/><\/a><strong>Prio ett av Emelie Schepp<\/strong><\/h3>\n<p>Tack och lov har Schepp skaffat sig en redakt\u00f6r! Denna tredje bok om Jana som utspelar sig i Norrk\u00f6ping \u00e4r riktigt l\u00e4sv\u00e4rd. Sp\u00e4nnande och h\u00e5ller fast en till slutet. Dessutom slipper jag irritera mig p\u00e5 spr\u00e5ket och hackiga meningar.<\/p>\n<p>&nbsp;<\/p>\n<p>&nbsp;<\/p>\n<p>&nbsp;<\/p>\n<h3><a href=\"http:\/\/vackerunderbar.se\/wp-content\/uploads\/2017\/12\/IMG_20171215_102838.png\"><img loading=\"lazy\" decoding=\"async\" class=\"alignleft  wp-image-73698\" src=\"http:\/\/vackerunderbar.se\/wp-content\/uploads\/2017\/12\/IMG_20171215_102838-325x500.png\" alt=\"\" width=\"100\" height=\"154\" srcset=\"https:\/\/vackerunderbar.se\/wp-content\/uploads\/2017\/12\/IMG_20171215_102838-325x500.png 325w, https:\/\/vackerunderbar.se\/wp-content\/uploads\/2017\/12\/IMG_20171215_102838-768x1180.png 768w, https:\/\/vackerunderbar.se\/wp-content\/uploads\/2017\/12\/IMG_20171215_102838-667x1024.png 667w, https:\/\/vackerunderbar.se\/wp-content\/uploads\/2017\/12\/IMG_20171215_102838-732x1124.png 732w, https:\/\/vackerunderbar.se\/wp-content\/uploads\/2017\/12\/IMG_20171215_102838.png 1080w\" sizes=\"(max-width: 100px) 100vw, 100px\" \/><\/a><strong>Pappas pojke av Emelie Schepp<\/strong><\/h3>\n<p>Fj\u00e4rde boken om Jana. Hennes agerande \u00e4r helt outragous i den h\u00e4r boken, som om? Men sj\u00e4lva ber\u00e4ttelsen \u00e4r v\u00e4ldigt gripande och sp\u00e4nnande. B\u00e4st \u00e4r \u00e4nd\u00e5 Norrk\u00f6pingsplaceringen!<\/p>\n<p>&nbsp;<\/p>\n<p>&nbsp;<\/p>\n<p>&nbsp;<\/p>\n<p>&nbsp;<\/p>\n<p>&nbsp;<\/p>\n<p>&nbsp;<\/p>\n","protected":false},"excerpt":{"rendered":"<p>Ni har v\u00e4l inte missat att jag samarbetar med BookBeat? BookBeat \u00e4r Bonniers boktj\u00e4nst f\u00f6r e-b\u00f6cker och ljudb\u00f6cker och det betyder ett enormt utbud av &hellip; <\/p>\n","protected":false},"author":1,"featured_media":0,"comment_status":"open","ping_status":"open","sticky":false,"template":"","format":"standard","meta":{"footnotes":""},"categories":[424],"tags":[],"_links":{"self":[{"href":"https:\/\/vackerunderbar.se\/index.php?rest_route=\/wp\/v2\/posts\/73692"}],"collection":[{"href":"https:\/\/vackerunderbar.se\/index.php?rest_route=\/wp\/v2\/posts"}],"about":[{"href":"https:\/\/vackerunderbar.se\/index.php?rest_route=\/wp\/v2\/types\/post"}],"author":[{"embeddable":true,"href":"https:\/\/vackerunderbar.se\/index.php?rest_route=\/wp\/v2\/users\/1"}],"replies":[{"embeddable":true,"href":"https:\/\/vackerunderbar.se\/index.php?rest_route=%2Fwp%2Fv2%2Fcomments&post=73692"}],"version-history":[{"count":5,"href":"https:\/\/vackerunderbar.se\/index.php?rest_route=\/wp\/v2\/posts\/73692\/revisions"}],"predecessor-version":[{"id":73704,"href":"https:\/\/vackerunderbar.se\/index.php?rest_route=\/wp\/v2\/posts\/73692\/revisions\/73704"}],"wp:attachment":[{"href":"https:\/\/vackerunderbar.se\/index.php?rest_route=%2Fwp%2Fv2%2Fmedia&parent=73692"}],"wp:term":[{"taxonomy":"category","embeddable":true,"href":"https:\/\/vackerunderbar.se\/index.php?rest_route=%2Fwp%2Fv2%2Fcategories&post=73692"},{"taxonomy":"post_tag","embeddable":true,"href":"https:\/\/vackerunderbar.se\/index.php?rest_route=%2Fwp%2Fv2%2Ftags&post=73692"}],"curies":[{"name":"wp","href":"https:\/\/api.w.org\/{rel}","templated":true}]}}