{"id":72716,"date":"2017-07-13T12:47:23","date_gmt":"2017-07-13T10:47:23","guid":{"rendered":"http:\/\/vackerunderbar.se\/?p=72716"},"modified":"2017-07-11T19:49:01","modified_gmt":"2017-07-11T17:49:01","slug":"bocker-jag-last-senaste-tiden","status":"publish","type":"post","link":"https:\/\/vackerunderbar.se\/?p=72716","title":{"rendered":"B\u00f6cker jag l\u00e4st senaste tiden"},"content":{"rendered":"<p>D\u00e5 har jag \u00e5ter hunnit l\u00e4sa lite, inte som innan jag fick Mika men \u00e4ndock. Dessutom har det tagit oerh\u00f6rt l\u00e5ng tid att l\u00e4sa dessa men s\u00e5 kan det vara. Jag \u00e4r iaf n\u00e4stan tillbaka!<\/p>\n<p>Vi tar en titt!<br \/>\n&nbsp;<\/p>\n<h4>En osynlig av Pontus Ljunghill<\/h4>\n<p><a href=\"http:\/\/vackerunderbar.se\/wp-content\/uploads\/2017\/07\/IMG_20170704_184054.png\"><img loading=\"lazy\" decoding=\"async\" class=\"alignleft wp-image-72711 \" src=\"http:\/\/vackerunderbar.se\/wp-content\/uploads\/2017\/07\/IMG_20170704_184054-340x498.png\" alt=\"\" width=\"151\" height=\"221\" \/><\/a><em>Stockholm 1928. \u00c5tta\u00e5riga Ingrid Bengtsson hittas m\u00f6rdad ute p\u00e5 det nedlagda Djurg\u00e5rdsvarvet. Mordet v\u00e4cker stor uppst\u00e5ndelse och pressen rapporterar dagligen om utredningen. Den unge och lovande kommissarien John Stierna f\u00e5r fallet p\u00e5 sitt bord &#8211; det blir en jakt p\u00e5 en m\u00f6rdare som n\u00e4stan inte l\u00e4mnat n\u00e5gra sp\u00e5r efter sig och d\u00e4r Stierna sj\u00e4lv f\u00e5r betala ett h\u00f6gt personligt pris.<\/em><\/p>\n<p>Sp\u00e4nnande deckare som utspelar sig i Stockholm p\u00e5 tjugotalet och p\u00e5 Visby 1958. Sp\u00e4nnande att se hur utvecklad polisarbetet var redan d\u00e5, det trodde jag inte (jag kollade upp det p\u00e5 wikipedia). Dessutom med en h\u00e4rlig twist p\u00e5 slutet som jag gillar!<\/p>\n<p>Riktigt bra bok, del 1 av en serie som heter <a href=\"http:\/\/www.bokus.com\/cgi-bin\/product_search.cgi?series=Historiska%20Stockholmsmord\" target=\"_blank\" rel=\"noopener\">Historiska stockholmsmord<\/a>.<\/p>\n<p>\u21d2 <a href=\"http:\/\/www.bokus.com\/bok\/9789175031040\/en-osynlig\/\" target=\"_blank\" rel=\"noopener\">L\u00e4s mer h\u00e4r!<\/a><\/p>\n<p>&nbsp;<\/p>\n<h4>Det handlar om dig av Sandra Beijer<\/h4>\n<p><a href=\"http:\/\/vackerunderbar.se\/wp-content\/uploads\/2017\/07\/IMG_20170704_184110.png\"><img loading=\"lazy\" decoding=\"async\" class=\"alignleft wp-image-72712 \" src=\"http:\/\/vackerunderbar.se\/wp-content\/uploads\/2017\/07\/IMG_20170704_184110-340x500.png\" alt=\"\" width=\"150\" height=\"221\" \/><\/a><em>Det handlar om dig \u00e4r historien om den f\u00f6rsta, stora k\u00e4rleken. Den utspelar sig i Stockholms innerstad under n\u00e5gra febriga h\u00f6stm\u00e5nader och man kastas mellan hopp och f\u00f6rtvivlan, lycka och sorg, upphetsning och apati. Sandra Beijer ber\u00e4ttar sin historia p\u00e5 ett poetiskt men \u00e4nd\u00e5 enkelt och sj\u00e4lvklart s\u00e4tt och alla som n\u00e5gon g\u00e5ng har varit k\u00e4ra kan k\u00e4nna igen sig &#8211; det spelar ingen roll om man \u00e4r 15 eller 45.<\/em><\/p>\n<p>Jag har l\u00e4st Sandras blogg NioTillFem i flera \u00e5r, s\u00e4kert 10 \u00e5r och hon skriver otroligt bra. Vackert spr\u00e5k i boken och i bloggen. Tilltalet i b\u00f6ckerna \u00e4r v\u00e4ldigt ungt, jag \u00e4r verkligen inte m\u00e5lgruppen och sitter ibland och suckar \u00f6ver den stackars tjejen i boken.<\/p>\n<p>Men den \u00e4r ledsam och stark, hon \u00e4r en riktigt bra f\u00f6rfattare!<\/p>\n<p>\u21d2 <a href=\"http:\/\/www.bokus.com\/bok\/9789129689747\/det-handlar-om-dig\/\" target=\"_blank\" rel=\"noopener\">L\u00e4s mer h\u00e4r!<\/a><\/p>\n<p>&nbsp;<\/p>\n<h4>Allt som blir kvar av Sandra Beijer<\/h4>\n<p><a href=\"http:\/\/vackerunderbar.se\/wp-content\/uploads\/2017\/07\/IMG_20170704_184133.png\"><img loading=\"lazy\" decoding=\"async\" class=\"alignleft wp-image-72713 \" src=\"http:\/\/vackerunderbar.se\/wp-content\/uploads\/2017\/07\/IMG_20170704_184133-340x461.png\" alt=\"\" width=\"150\" height=\"203\" \/><\/a><em>Mitt under brinnande juli g\u00f6r Matildas pojkv\u00e4n slut. Kvar \u00e4r hon, i en \u00f6de l\u00e4genhet. Vem \u00e4r hon, utan honom? Matilda m\u00e5ste fylla tomrummet och b\u00e4sta v\u00e4nnen Miron tar henne under sina vingar. Han lovar att bed\u00f6va sm\u00e4rtan med nya \u00e4ventyr. Tillsammans ska de rida ut sorgen, explodera i natten. Men hur l\u00e5ngt kan man egentligen g\u00e5 och vilka \u00e4r Mirons verkliga motiv? Och n\u00e4r vet man om man m\u00e5r b\u00e4ttre eller inte l\u00e4ngre k\u00e4nner n\u00e5got alls? En m\u00e4sterlig skildring av den vilsenhet som kan uppst\u00e5 i gr\u00e4nslandet mellan ungdom och vuxenhet.<\/em><\/p>\n<p>Forts\u00e4ttningen kan man s\u00e4ga p\u00e5 boken ovan, lite \u00e4ldre och visare men fortfarande lika sugen p\u00e5 k\u00e4rlek. Fin bok men som sagt, inte riktigt r\u00e4tt m\u00e5lgrupp.<\/p>\n<p>\u21d2 <a href=\"http:\/\/www.bokus.com\/bok\/9789127148277\/allt-som-blir-kvar\/\" target=\"_blank\" rel=\"noopener\">L\u00e4s mer h\u00e4r!<\/a><br \/>\n&nbsp;<br \/>\n&nbsp;<\/p>\n<h4>Saker min son beh\u00f6ver veta om v\u00e4rlden av Fredrik Backman<\/h4>\n<p><a href=\"http:\/\/vackerunderbar.se\/wp-content\/uploads\/2017\/07\/IMG_20170704_184247.png\"><img loading=\"lazy\" decoding=\"async\" class=\"alignleft wp-image-72715 \" src=\"http:\/\/vackerunderbar.se\/wp-content\/uploads\/2017\/07\/IMG_20170704_184247-340x458.png\" alt=\"\" width=\"150\" height=\"202\" \/><\/a><em>Saker min son beh\u00f6ver veta om v\u00e4rlden \u00e4r en pappas stapplande f\u00f6rs\u00f6k att f\u00f6rklara v\u00e4rlden f\u00f6r en tv\u00e5\u00e5ring. I kapitel som &#8221;Vad du kommer att beh\u00f6va veta om Ikea&#8221;, &#8221;Vad du kommer att beh\u00f6va veta om r\u00f6relseaktiverade toalettlampor&#8221; och &#8221;Vad du kommer att beh\u00f6va veta om varf\u00f6r Felicias mamma \u00e4r sur p\u00e5 mig&#8221; blottl\u00e4gger Fredrik Backman med stor komisk tr\u00e4ffs\u00e4kerhet 2000-talets sm\u00e5barnsf\u00f6r\u00e4ldrars alla \u00e4ngsligheter och tillkortakommanden. Men mellan igenk\u00e4nnande gapskratt och skarpa samtidsreflektioner finns ocks\u00e5 kapitel som &#8221;Vad du kommer att beh\u00f6va veta om manlighet&#8221; och &#8221;Vad du kommer att beh\u00f6va vet om n\u00e4r jag h\u00e5ller dig lite f\u00f6r h\u00e5rt i handen&#8221;. Med uppriktiga r\u00e4dslor och villkorsl\u00f6sa k\u00e4rleksf\u00f6rklaringar som g\u00e5r rakt in i br\u00f6stet hos l\u00e4saren. Vare sig man \u00e4r f\u00f6r\u00e4lder eller inte.<\/em><\/p>\n<p>H\u00e4r har vi en bok som mycket mer gick mig rakt in i hj\u00e4rtat, n\u00e4r Fredrik skrev den h\u00e4r boken var hans son 2 \u00e5r precis som Mika \u00e4r nu. Igenk\u00e4nningen \u00e4r stor (men \u00e4nd\u00e5 inte), k\u00e4rleken till v\u00e5ra barn \u00e4r enorm och den lyser igenom i den h\u00e4r boken. N\u00e5got bortgl\u00f6md bok eller hur? Fredrik \u00e4r verkligen genialisk, \u00e4lskar hans spr\u00e5k!<\/p>\n<p>\u21d2 <a href=\"http:\/\/www.bokus.com\/bok\/9789175032207\/saker-min-son-behover-veta-om-varlden\/\" target=\"_blank\" rel=\"noopener\">L\u00e4s mer h\u00e4r!<\/a><\/p>\n<p>&nbsp;<\/p>\n<h4>I bunkerl\u00e4karens v\u00e5ld : den sanna historien bakom rubrikerna av Isabel Eriksson<\/h4>\n<p><a href=\"http:\/\/vackerunderbar.se\/wp-content\/uploads\/2017\/07\/IMG_20170704_184212.png\"><img loading=\"lazy\" decoding=\"async\" class=\"alignleft wp-image-72714 \" src=\"http:\/\/vackerunderbar.se\/wp-content\/uploads\/2017\/07\/IMG_20170704_184212-333x500.png\" alt=\"\" width=\"150\" height=\"225\" \/><\/a><em>Den 38-\u00e5rige l\u00e4karen Martin Trenneborg, som i september 2015 drogade och f\u00f6rde bort Isabel Eriksson och h\u00f6ll henne inl\u00e5st i sex dygn, blev k\u00e4nd i media som &#8221;bunkerl\u00e4karen&#8221;. Han d\u00f6mdes s\u00e5 sm\u00e5ningom till tio \u00e5rs f\u00e4ngelse, vilket han \u00f6verklagade och domen s\u00e4nktes till \u00e5tta \u00e5r.<\/em><br \/>\n<em>F\u00f6r Isabel Eriksson lever mardr\u00f6mmen vidare. En del av henne kommer alltid vara kvar i bunkerl\u00e4karens v\u00e5ld. H\u00e4r ber\u00e4ttar hon f\u00f6r f\u00f6rsta g\u00e5ngen om sin fruktansv\u00e4rda upplevelse i bunkern och hur hon lyckades ta sig d\u00e4rifr\u00e5n.<\/em><\/p>\n<p>En lite mer aktuell bok, tror ingen missade det h\u00e4r? T\u00e4nk dig att bli insp\u00e4rrad i en bunker med os\u00e4kerheten om att n\u00e5gonsin f\u00e5 se dagsljus igen! Sp\u00e4nnande och otroligt skr\u00e4mmande!<\/p>\n<p>\u21d2 <a href=\"http:\/\/www.bokus.com\/bok\/9789174619485\/i-bunkerlakarens-vald-den-sanna-historien-bakom-rubrikerna\/\" target=\"_blank\" rel=\"noopener\">L\u00e4s mer h\u00e4r!<\/a><\/p>\n","protected":false},"excerpt":{"rendered":"<p>D\u00e5 har jag \u00e5ter hunnit l\u00e4sa lite, inte som innan jag fick Mika men \u00e4ndock. Dessutom har det tagit oerh\u00f6rt l\u00e5ng tid att l\u00e4sa dessa &hellip; <\/p>\n","protected":false},"author":1,"featured_media":0,"comment_status":"open","ping_status":"open","sticky":false,"template":"","format":"standard","meta":{"footnotes":""},"categories":[424],"tags":[],"_links":{"self":[{"href":"https:\/\/vackerunderbar.se\/index.php?rest_route=\/wp\/v2\/posts\/72716"}],"collection":[{"href":"https:\/\/vackerunderbar.se\/index.php?rest_route=\/wp\/v2\/posts"}],"about":[{"href":"https:\/\/vackerunderbar.se\/index.php?rest_route=\/wp\/v2\/types\/post"}],"author":[{"embeddable":true,"href":"https:\/\/vackerunderbar.se\/index.php?rest_route=\/wp\/v2\/users\/1"}],"replies":[{"embeddable":true,"href":"https:\/\/vackerunderbar.se\/index.php?rest_route=%2Fwp%2Fv2%2Fcomments&post=72716"}],"version-history":[{"count":4,"href":"https:\/\/vackerunderbar.se\/index.php?rest_route=\/wp\/v2\/posts\/72716\/revisions"}],"predecessor-version":[{"id":72734,"href":"https:\/\/vackerunderbar.se\/index.php?rest_route=\/wp\/v2\/posts\/72716\/revisions\/72734"}],"wp:attachment":[{"href":"https:\/\/vackerunderbar.se\/index.php?rest_route=%2Fwp%2Fv2%2Fmedia&parent=72716"}],"wp:term":[{"taxonomy":"category","embeddable":true,"href":"https:\/\/vackerunderbar.se\/index.php?rest_route=%2Fwp%2Fv2%2Fcategories&post=72716"},{"taxonomy":"post_tag","embeddable":true,"href":"https:\/\/vackerunderbar.se\/index.php?rest_route=%2Fwp%2Fv2%2Ftags&post=72716"}],"curies":[{"name":"wp","href":"https:\/\/api.w.org\/{rel}","templated":true}]}}