{"id":71516,"date":"2017-02-13T15:10:15","date_gmt":"2017-02-13T14:10:15","guid":{"rendered":"http:\/\/vackerunderbar.se\/?p=71516"},"modified":"2017-02-13T16:25:11","modified_gmt":"2017-02-13T15:25:11","slug":"vecka-6-med-instagram-5","status":"publish","type":"post","link":"https:\/\/vackerunderbar.se\/?p=71516","title":{"rendered":"Vecka 6 med Instagram"},"content":{"rendered":"<p>Dags igen att kolla f\u00f6rra veckan!<\/p>\n<p><a href=\"http:\/\/vackerunderbar.se\/wp-content\/uploads\/2017\/02\/photogrid_1486985921075.png\"><img loading=\"lazy\" decoding=\"async\" width=\"700\" height=\"700\" alt=\"\" src=\"http:\/\/vackerunderbar.se\/wp-content\/uploads\/2017\/02\/photogrid_1486985921075.png\" title=\"\" class=\"alignnone size-full wp-image-71513\" srcset=\"https:\/\/vackerunderbar.se\/wp-content\/uploads\/2017\/02\/photogrid_1486985921075.png 1920w, https:\/\/vackerunderbar.se\/wp-content\/uploads\/2017\/02\/photogrid_1486985921075-150x150.png 150w, https:\/\/vackerunderbar.se\/wp-content\/uploads\/2017\/02\/photogrid_1486985921075-340x340.png 340w, https:\/\/vackerunderbar.se\/wp-content\/uploads\/2017\/02\/photogrid_1486985921075-768x768.png 768w, https:\/\/vackerunderbar.se\/wp-content\/uploads\/2017\/02\/photogrid_1486985921075-700x700.png 700w, https:\/\/vackerunderbar.se\/wp-content\/uploads\/2017\/02\/photogrid_1486985921075-732x732.png 732w, https:\/\/vackerunderbar.se\/wp-content\/uploads\/2017\/02\/photogrid_1486985921075-1140x1140.png 1140w\" sizes=\"(max-width: 700px) 100vw, 700px\" \/><\/a><\/p>\n<ol>\n<li>M\u00e5ndag och vi b\u00f6rjade p\u00e5 f\u00f6rskolan!&nbsp;<\/li>\n<li>S\u00e5g p\u00e5 Timehop att Gr\u00f6n Onsdag startades f\u00f6r 4 \u00e5r sedan! Yikes!<\/li>\n<li>&nbsp;Dag 2 och skrutt var lite bekv\u00e4mare.<\/li>\n<li>Onsdag morgon och jag fick inskolningsledigt. S\u00e5 sk\u00f6nt med egentid!<\/li>\n<\/ol>\n<p><a href=\"http:\/\/vackerunderbar.se\/wp-content\/uploads\/2017\/02\/photogrid_1486985952498.png\"><img loading=\"lazy\" decoding=\"async\" width=\"700\" height=\"700\" alt=\"\" src=\"http:\/\/vackerunderbar.se\/wp-content\/uploads\/2017\/02\/photogrid_1486985952498.png\" title=\"\" class=\"alignnone size-full wp-image-71514\" srcset=\"https:\/\/vackerunderbar.se\/wp-content\/uploads\/2017\/02\/photogrid_1486985952498.png 1920w, https:\/\/vackerunderbar.se\/wp-content\/uploads\/2017\/02\/photogrid_1486985952498-150x150.png 150w, https:\/\/vackerunderbar.se\/wp-content\/uploads\/2017\/02\/photogrid_1486985952498-340x340.png 340w, https:\/\/vackerunderbar.se\/wp-content\/uploads\/2017\/02\/photogrid_1486985952498-768x768.png 768w, https:\/\/vackerunderbar.se\/wp-content\/uploads\/2017\/02\/photogrid_1486985952498-700x700.png 700w, https:\/\/vackerunderbar.se\/wp-content\/uploads\/2017\/02\/photogrid_1486985952498-732x732.png 732w, https:\/\/vackerunderbar.se\/wp-content\/uploads\/2017\/02\/photogrid_1486985952498-1140x1140.png 1140w\" sizes=\"(max-width: 700px) 100vw, 700px\" \/><\/a><\/p>\n<ol>\n<li>Jag hann med att swatcha lite lack \u00e5t er, yay eftersom solen dessutom sken!<\/li>\n<li>Gulleunge med sitt lilla konstprojekt.<\/li>\n<li>Gullekatt 1!<\/li>\n<li>Och Gullekatt 2!<\/li>\n<\/ol>\n<p><a href=\"http:\/\/vackerunderbar.se\/wp-content\/uploads\/2017\/02\/photogrid_1486985985963.png\"><img loading=\"lazy\" decoding=\"async\" width=\"700\" height=\"700\" alt=\"\" src=\"http:\/\/vackerunderbar.se\/wp-content\/uploads\/2017\/02\/photogrid_1486985985963.png\" title=\"\" class=\"alignnone size-full wp-image-71515\" srcset=\"https:\/\/vackerunderbar.se\/wp-content\/uploads\/2017\/02\/photogrid_1486985985963.png 1920w, https:\/\/vackerunderbar.se\/wp-content\/uploads\/2017\/02\/photogrid_1486985985963-150x150.png 150w, https:\/\/vackerunderbar.se\/wp-content\/uploads\/2017\/02\/photogrid_1486985985963-340x340.png 340w, https:\/\/vackerunderbar.se\/wp-content\/uploads\/2017\/02\/photogrid_1486985985963-768x768.png 768w, https:\/\/vackerunderbar.se\/wp-content\/uploads\/2017\/02\/photogrid_1486985985963-700x700.png 700w, https:\/\/vackerunderbar.se\/wp-content\/uploads\/2017\/02\/photogrid_1486985985963-732x732.png 732w, https:\/\/vackerunderbar.se\/wp-content\/uploads\/2017\/02\/photogrid_1486985985963-1140x1140.png 1140w\" sizes=\"(max-width: 700px) 100vw, 700px\" \/><\/a><\/p>\n<ol>\n<li>I l\u00f6rdags var vi p\u00e5 promenad. Kallt och j\u00e4vligt.<\/li>\n<li>Men fint med \u00f6versn\u00f6ade vinterrosor.<\/li>\n<li>Och en glad Mika!<\/li>\n<li>Fast det var nog \u00e4nd\u00e5 sk\u00f6nare att skrota omkring i pyjamas och \u00e4ta kakor.<\/li>\n<\/ol>\n","protected":false},"excerpt":{"rendered":"<p>Dags igen att kolla f\u00f6rra veckan! M\u00e5ndag och vi b\u00f6rjade p\u00e5 f\u00f6rskolan!&nbsp; S\u00e5g p\u00e5 Timehop att Gr\u00f6n Onsdag startades f\u00f6r 4 \u00e5r sedan! Yikes! &nbsp;Dag &hellip; <\/p>\n","protected":false},"author":1,"featured_media":0,"comment_status":"open","ping_status":"open","sticky":false,"template":"","format":"standard","meta":{"footnotes":""},"categories":[56],"tags":[436],"_links":{"self":[{"href":"https:\/\/vackerunderbar.se\/index.php?rest_route=\/wp\/v2\/posts\/71516"}],"collection":[{"href":"https:\/\/vackerunderbar.se\/index.php?rest_route=\/wp\/v2\/posts"}],"about":[{"href":"https:\/\/vackerunderbar.se\/index.php?rest_route=\/wp\/v2\/types\/post"}],"author":[{"embeddable":true,"href":"https:\/\/vackerunderbar.se\/index.php?rest_route=\/wp\/v2\/users\/1"}],"replies":[{"embeddable":true,"href":"https:\/\/vackerunderbar.se\/index.php?rest_route=%2Fwp%2Fv2%2Fcomments&post=71516"}],"version-history":[{"count":2,"href":"https:\/\/vackerunderbar.se\/index.php?rest_route=\/wp\/v2\/posts\/71516\/revisions"}],"predecessor-version":[{"id":71518,"href":"https:\/\/vackerunderbar.se\/index.php?rest_route=\/wp\/v2\/posts\/71516\/revisions\/71518"}],"wp:attachment":[{"href":"https:\/\/vackerunderbar.se\/index.php?rest_route=%2Fwp%2Fv2%2Fmedia&parent=71516"}],"wp:term":[{"taxonomy":"category","embeddable":true,"href":"https:\/\/vackerunderbar.se\/index.php?rest_route=%2Fwp%2Fv2%2Fcategories&post=71516"},{"taxonomy":"post_tag","embeddable":true,"href":"https:\/\/vackerunderbar.se\/index.php?rest_route=%2Fwp%2Fv2%2Ftags&post=71516"}],"curies":[{"name":"wp","href":"https:\/\/api.w.org\/{rel}","templated":true}]}}