{"id":66357,"date":"2015-03-20T12:08:25","date_gmt":"2015-03-20T11:08:25","guid":{"rendered":"http:\/\/vackerunderbar.se\/?p=66357"},"modified":"2015-03-19T15:41:59","modified_gmt":"2015-03-19T14:41:59","slug":"idun-lanserar-nagellack","status":"publish","type":"post","link":"https:\/\/vackerunderbar.se\/?p=66357","title":{"rendered":"Idun lanserar nagellack"},"content":{"rendered":"<p>Det h\u00e4r \u00e4r ju knappast en nyhet l\u00e4ngre, men nu under februari-mars lanserade svenska mineralmakeupm\u00e4rket <a href=\"http:\/\/idunminerals.com\/produktkategori\/nagellack\" target=\"_blank\">Idun nagellack<\/a>! Emma Green frontade m\u00e4rket vid lanseringen, hon blev ju k\u00e4nd f\u00f6r att s\u00e4ga sin mening genom nagellack.<\/p>\n<p><a href=\"http:\/\/vackerunderbar.se\/wp-content\/uploads\/2015\/03\/Idun-nagellack.jpg\"><img loading=\"lazy\" decoding=\"async\" class=\"aligncenter size-large wp-image-66362\" src=\"http:\/\/vackerunderbar.se\/wp-content\/uploads\/2015\/03\/Idun-nagellack-700x275.jpg\" alt=\"Idun-nagellack\" width=\"700\" height=\"275\" srcset=\"https:\/\/vackerunderbar.se\/wp-content\/uploads\/2015\/03\/Idun-nagellack-700x275.jpg 700w, https:\/\/vackerunderbar.se\/wp-content\/uploads\/2015\/03\/Idun-nagellack-340x134.jpg 340w, https:\/\/vackerunderbar.se\/wp-content\/uploads\/2015\/03\/Idun-nagellack.jpg 900w\" sizes=\"(max-width: 700px) 100vw, 700px\" \/><\/a><\/p>\n<p><strong>IDUN Minerals nagellacksserie<\/strong> best\u00e5r av 13 klassiska f\u00e4rger samt ett topplack och ett baslack. Nagellacket inneh\u00e5ller ingredienser av h\u00f6gsta kvalit\u00e9 och har en long-lasting formula som ger str\u00e5lande glans. Nagellacket \u00e4r en s\u00e5 kallad 5-free-formula vilket inneb\u00e4r att man tagit bort fem h\u00e4lsov\u00e5dliga kemikalier. IDUN Minerals nagellack \u00e4r berikat med mineraler, vitaminer och mandelolja. Dessa ingredienser \u00e4r tillsatta f\u00f6r att v\u00e5rda och skydda naglarna p\u00e5 b\u00e4sta s\u00e4tt.<\/p>\n<p>Topplacket ger extra glans, g\u00f6r nagellacket extra h\u00e5llbart och inneh\u00e5ller keratin, nagelns struktur protein som \u00e4r v\u00e5rdande f\u00f6r naglarna.<br \/>\nBaslacket skyddar naglarna, f\u00f6rhindrar missf\u00e4rgning och inneh\u00e5ller keratin, nagelns struktur protein som \u00e4r v\u00e5rdande f\u00f6r naglarna.<\/p>\n<p>Lacken i sig har fin kvalit\u00e9, en bra och bred pensel som \u00e4r l\u00e4tt att m\u00e5la med och en kork som \u00e4r l\u00e4tt att h\u00e5lla i (dold under den fyrkantiga korken). Men i mitt tycke vansinnigt tr\u00e5kiga f\u00e4rger, 13 klassiska f\u00e4rger i beige, brunt och r\u00f6tt. *G\u00e4sp* Men visst, de v\u00e4nder sig mot en marknad som efterfr\u00e5gar mer naturliga nyanser.<\/p>\n<p>Jag har f\u00e5tt fyra av lacken, vitbeiga Marmor, taupebruna Granit, korallr\u00f6da Korall och djupt r\u00f6da Japsis. Jag kommer visa upp dessa under v\u00e5ren s\u00e5 ni f\u00e5r se dem, nedan en liten sneakpeak!<\/p>\n<p><a href=\"http:\/\/vackerunderbar.se\/wp-content\/uploads\/2015\/03\/idun-marmor-1.jpg\"><img loading=\"lazy\" decoding=\"async\" class=\"alignnone size-thumbnail wp-image-66358\" src=\"http:\/\/vackerunderbar.se\/wp-content\/uploads\/2015\/03\/idun-marmor-1-150x150.jpg\" alt=\"idun-marmor-1\" width=\"150\" height=\"150\" srcset=\"https:\/\/vackerunderbar.se\/wp-content\/uploads\/2015\/03\/idun-marmor-1-150x150.jpg 150w, https:\/\/vackerunderbar.se\/wp-content\/uploads\/2015\/03\/idun-marmor-1-340x340.jpg 340w, https:\/\/vackerunderbar.se\/wp-content\/uploads\/2015\/03\/idun-marmor-1.jpg 690w\" sizes=\"(max-width: 150px) 100vw, 150px\" \/><\/a><a href=\"http:\/\/vackerunderbar.se\/wp-content\/uploads\/2015\/03\/idun-granit-1.jpg\"><img loading=\"lazy\" decoding=\"async\" class=\"alignnone size-thumbnail wp-image-66361\" src=\"http:\/\/vackerunderbar.se\/wp-content\/uploads\/2015\/03\/idun-granit-1-150x150.jpg\" alt=\"idun-granit-1\" width=\"150\" height=\"150\" srcset=\"https:\/\/vackerunderbar.se\/wp-content\/uploads\/2015\/03\/idun-granit-1-150x150.jpg 150w, https:\/\/vackerunderbar.se\/wp-content\/uploads\/2015\/03\/idun-granit-1-340x340.jpg 340w, https:\/\/vackerunderbar.se\/wp-content\/uploads\/2015\/03\/idun-granit-1.jpg 690w\" sizes=\"(max-width: 150px) 100vw, 150px\" \/><\/a><a href=\"http:\/\/vackerunderbar.se\/wp-content\/uploads\/2015\/03\/idun-korall-1.jpg\"><img loading=\"lazy\" decoding=\"async\" class=\"alignnone size-thumbnail wp-image-66359\" src=\"http:\/\/vackerunderbar.se\/wp-content\/uploads\/2015\/03\/idun-korall-1-150x150.jpg\" alt=\"idun-korall-1\" width=\"150\" height=\"150\" srcset=\"https:\/\/vackerunderbar.se\/wp-content\/uploads\/2015\/03\/idun-korall-1-150x150.jpg 150w, https:\/\/vackerunderbar.se\/wp-content\/uploads\/2015\/03\/idun-korall-1-340x340.jpg 340w, https:\/\/vackerunderbar.se\/wp-content\/uploads\/2015\/03\/idun-korall-1.jpg 690w\" sizes=\"(max-width: 150px) 100vw, 150px\" \/><\/a><a href=\"http:\/\/vackerunderbar.se\/wp-content\/uploads\/2015\/03\/idun-japsis-1.jpg\"><img loading=\"lazy\" decoding=\"async\" class=\"alignnone size-thumbnail wp-image-66360\" src=\"http:\/\/vackerunderbar.se\/wp-content\/uploads\/2015\/03\/idun-japsis-1-150x150.jpg\" alt=\"idun-japsis-1\" width=\"150\" height=\"150\" srcset=\"https:\/\/vackerunderbar.se\/wp-content\/uploads\/2015\/03\/idun-japsis-1-150x150.jpg 150w, https:\/\/vackerunderbar.se\/wp-content\/uploads\/2015\/03\/idun-japsis-1-340x340.jpg 340w, https:\/\/vackerunderbar.se\/wp-content\/uploads\/2015\/03\/idun-japsis-1.jpg 690w\" sizes=\"(max-width: 150px) 100vw, 150px\" \/><\/a><\/p>\n","protected":false},"excerpt":{"rendered":"<p>Det h\u00e4r \u00e4r ju knappast en nyhet l\u00e4ngre, men nu under februari-mars lanserade svenska mineralmakeupm\u00e4rket Idun nagellack! Emma Green frontade m\u00e4rket vid lanseringen, hon blev &hellip; <\/p>\n","protected":false},"author":1,"featured_media":0,"comment_status":"open","ping_status":"open","sticky":false,"template":"","format":"standard","meta":{"footnotes":""},"categories":[43,41],"tags":[506,513],"_links":{"self":[{"href":"https:\/\/vackerunderbar.se\/index.php?rest_route=\/wp\/v2\/posts\/66357"}],"collection":[{"href":"https:\/\/vackerunderbar.se\/index.php?rest_route=\/wp\/v2\/posts"}],"about":[{"href":"https:\/\/vackerunderbar.se\/index.php?rest_route=\/wp\/v2\/types\/post"}],"author":[{"embeddable":true,"href":"https:\/\/vackerunderbar.se\/index.php?rest_route=\/wp\/v2\/users\/1"}],"replies":[{"embeddable":true,"href":"https:\/\/vackerunderbar.se\/index.php?rest_route=%2Fwp%2Fv2%2Fcomments&post=66357"}],"version-history":[{"count":2,"href":"https:\/\/vackerunderbar.se\/index.php?rest_route=\/wp\/v2\/posts\/66357\/revisions"}],"predecessor-version":[{"id":66364,"href":"https:\/\/vackerunderbar.se\/index.php?rest_route=\/wp\/v2\/posts\/66357\/revisions\/66364"}],"wp:attachment":[{"href":"https:\/\/vackerunderbar.se\/index.php?rest_route=%2Fwp%2Fv2%2Fmedia&parent=66357"}],"wp:term":[{"taxonomy":"category","embeddable":true,"href":"https:\/\/vackerunderbar.se\/index.php?rest_route=%2Fwp%2Fv2%2Fcategories&post=66357"},{"taxonomy":"post_tag","embeddable":true,"href":"https:\/\/vackerunderbar.se\/index.php?rest_route=%2Fwp%2Fv2%2Ftags&post=66357"}],"curies":[{"name":"wp","href":"https:\/\/api.w.org\/{rel}","templated":true}]}}