{"id":64545,"date":"2014-09-24T08:01:43","date_gmt":"2014-09-24T06:01:43","guid":{"rendered":"http:\/\/vackerunderbar.se\/?p=64545"},"modified":"2014-09-23T13:01:42","modified_gmt":"2014-09-23T11:01:42","slug":"gron-onsdag-essie-dive-bar","status":"publish","type":"post","link":"https:\/\/vackerunderbar.se\/?p=64545","title":{"rendered":"Gr\u00f6n Onsdag: Essie &#8211; Dive Bar"},"content":{"rendered":"<p><img loading=\"lazy\" decoding=\"async\" class=\"alignnone size-large wp-image-64546\" src=\"http:\/\/vackerunderbar.se\/wp-content\/uploads\/2014\/09\/essie-divebar-1-700x466.jpg\" alt=\"essie-divebar-1\" width=\"700\" height=\"466\" srcset=\"https:\/\/vackerunderbar.se\/wp-content\/uploads\/2014\/09\/essie-divebar-1-700x466.jpg 700w, https:\/\/vackerunderbar.se\/wp-content\/uploads\/2014\/09\/essie-divebar-1-340x226.jpg 340w, https:\/\/vackerunderbar.se\/wp-content\/uploads\/2014\/09\/essie-divebar-1.jpg 800w\" sizes=\"(max-width: 700px) 100vw, 700px\" \/><\/p>\n<p>V\u00e4lkommen till veckans Gr\u00f6na Onsdag! \u00c4r sjukskriven den h\u00e4r veckan, s\u00e5 inget tjat om att vara med f\u00f6re 21! Hoppas du vill vara med dock? Vore j\u00e4ttekul att se din gr\u00f6na manikyr eller din gr\u00f6na mejk! L\u00e4gg till din l\u00e4nk nedan via inLinkz.<\/p>\n<p><strong>Info om United in Green:<\/strong> Nu finns en Facebooksida (borde jag ha startat en grupp ist\u00e4llet?) f\u00f6r de som vill vara med under United in Green. Jag kommer informera h\u00e4r ocks\u00e5 under v 40, men om du vill ha all info p\u00e5 ett st\u00e4lle finns det allts\u00e5 en facebooksida. H\u00e4r hittar du den: <a href=\"http:\/\/facebook.com\/UnitedinGreen\" target=\"_blank\">facebook.com\/UnitedinGreen<\/a><\/p>\n<p>Idag vill jag iaf visa ett lack som jag nog kommer bli beskylld f\u00f6r att vara f\u00e4rgblind igen,\u00a0<strong>Essie &#8211; Dive Bar<\/strong>. Jag uppfattade iaf detta som gr\u00f6nt, framf\u00f6rallt d\u00e5 jag spillde ut det p\u00e5 vita vaxduken&#8230; I mina \u00f6gon (eller p\u00e5 min sk\u00e4rm snarare!) \u00e4r det en m\u00f6rkt gr\u00f6n nyans som skiftar en aning i bl\u00e5tt, lite s\u00e5d\u00e4r n\u00e4stan-svart antar jag. En h\u00e4rlig nyans \u00e4ven om det s\u00e5g mer sp\u00e4nnande ut i flaskan \u00e4n vad det g\u00f6r p\u00e5 naglarna.<\/p>\n<p>H\u00e4r \u00e4r det tre lager, det var en bra formula och som ni <a href=\"http:\/\/vackerunderbar.se\/?p=64497\">s\u00e5g i inl\u00e4gget ig\u00e5r<\/a> beh\u00f6vde jag st\u00e4da lite eftersom det rann en aning. Men annars var det l\u00e4ttapplicerat och inga konstigheter, vet inte om detta \u00e4r den ber\u00f6mda nya penseln eller inte?<\/p>\n<p>N\u00e5ja, vad tycker du om detta? Och visst \u00e4r du v\u00e4l med idag?<\/p>\n<p><a href=\"http:\/\/vackerunderbar.se\/wp-content\/uploads\/2014\/09\/essie-divebar-2.jpg\"><img loading=\"lazy\" decoding=\"async\" class=\"alignnone size-large wp-image-64547\" src=\"http:\/\/vackerunderbar.se\/wp-content\/uploads\/2014\/09\/essie-divebar-2-700x466.jpg\" alt=\"essie-divebar-2\" width=\"700\" height=\"466\" srcset=\"https:\/\/vackerunderbar.se\/wp-content\/uploads\/2014\/09\/essie-divebar-2-700x466.jpg 700w, https:\/\/vackerunderbar.se\/wp-content\/uploads\/2014\/09\/essie-divebar-2-340x226.jpg 340w, https:\/\/vackerunderbar.se\/wp-content\/uploads\/2014\/09\/essie-divebar-2.jpg 800w\" sizes=\"(max-width: 700px) 100vw, 700px\" \/><\/a><a href=\"http:\/\/vackerunderbar.se\/wp-content\/uploads\/2014\/09\/essie-divebar-3.jpg\"><img loading=\"lazy\" decoding=\"async\" class=\"alignnone size-large wp-image-64548\" src=\"http:\/\/vackerunderbar.se\/wp-content\/uploads\/2014\/09\/essie-divebar-3-700x521.jpg\" alt=\"essie-divebar-3\" width=\"700\" height=\"521\" srcset=\"https:\/\/vackerunderbar.se\/wp-content\/uploads\/2014\/09\/essie-divebar-3-700x521.jpg 700w, https:\/\/vackerunderbar.se\/wp-content\/uploads\/2014\/09\/essie-divebar-3-340x253.jpg 340w, https:\/\/vackerunderbar.se\/wp-content\/uploads\/2014\/09\/essie-divebar-3.jpg 800w\" sizes=\"(max-width: 700px) 100vw, 700px\" \/><\/a><a href=\"http:\/\/vackerunderbar.se\/wp-content\/uploads\/2014\/09\/essie-divebar-4.jpg\"><img loading=\"lazy\" decoding=\"async\" class=\"alignnone size-large wp-image-64549\" src=\"http:\/\/vackerunderbar.se\/wp-content\/uploads\/2014\/09\/essie-divebar-4-700x466.jpg\" alt=\"essie-divebar-4\" width=\"700\" height=\"466\" srcset=\"https:\/\/vackerunderbar.se\/wp-content\/uploads\/2014\/09\/essie-divebar-4-700x466.jpg 700w, https:\/\/vackerunderbar.se\/wp-content\/uploads\/2014\/09\/essie-divebar-4-340x226.jpg 340w, https:\/\/vackerunderbar.se\/wp-content\/uploads\/2014\/09\/essie-divebar-4.jpg 800w\" sizes=\"(max-width: 700px) 100vw, 700px\" \/><\/a><\/p>\n<p>[inlinkz_linkup id=449303 mode=1]<\/p>\n","protected":false},"excerpt":{"rendered":"<p>V\u00e4lkommen till veckans Gr\u00f6na Onsdag! \u00c4r sjukskriven den h\u00e4r veckan, s\u00e5 inget tjat om att vara med f\u00f6re 21! Hoppas du vill vara med dock? &hellip; <\/p>\n","protected":false},"author":1,"featured_media":0,"comment_status":"open","ping_status":"open","sticky":false,"template":"","format":"standard","meta":{"footnotes":""},"categories":[43],"tags":[506,432,499,471,431],"_links":{"self":[{"href":"https:\/\/vackerunderbar.se\/index.php?rest_route=\/wp\/v2\/posts\/64545"}],"collection":[{"href":"https:\/\/vackerunderbar.se\/index.php?rest_route=\/wp\/v2\/posts"}],"about":[{"href":"https:\/\/vackerunderbar.se\/index.php?rest_route=\/wp\/v2\/types\/post"}],"author":[{"embeddable":true,"href":"https:\/\/vackerunderbar.se\/index.php?rest_route=\/wp\/v2\/users\/1"}],"replies":[{"embeddable":true,"href":"https:\/\/vackerunderbar.se\/index.php?rest_route=%2Fwp%2Fv2%2Fcomments&post=64545"}],"version-history":[{"count":1,"href":"https:\/\/vackerunderbar.se\/index.php?rest_route=\/wp\/v2\/posts\/64545\/revisions"}],"predecessor-version":[{"id":64550,"href":"https:\/\/vackerunderbar.se\/index.php?rest_route=\/wp\/v2\/posts\/64545\/revisions\/64550"}],"wp:attachment":[{"href":"https:\/\/vackerunderbar.se\/index.php?rest_route=%2Fwp%2Fv2%2Fmedia&parent=64545"}],"wp:term":[{"taxonomy":"category","embeddable":true,"href":"https:\/\/vackerunderbar.se\/index.php?rest_route=%2Fwp%2Fv2%2Fcategories&post=64545"},{"taxonomy":"post_tag","embeddable":true,"href":"https:\/\/vackerunderbar.se\/index.php?rest_route=%2Fwp%2Fv2%2Ftags&post=64545"}],"curies":[{"name":"wp","href":"https:\/\/api.w.org\/{rel}","templated":true}]}}