{"id":5505,"date":"2009-08-19T19:12:33","date_gmt":"2009-08-19T17:12:33","guid":{"rendered":"http:\/\/www.vackerunderbar.se\/?p=5505"},"modified":"2009-08-19T17:16:55","modified_gmt":"2009-08-19T15:16:55","slug":"bloggintervjuer-hostdrommar","status":"publish","type":"post","link":"https:\/\/vackerunderbar.se\/?p=5505","title":{"rendered":"Bloggintervjuer: H\u00f6stdr\u00f6mmar"},"content":{"rendered":"<p>Jag best\u00e4mde mig f\u00f6r att fr\u00e5ga mina favoriter inom sk\u00f6nhetsbloggarna vad deras h\u00f6stdr\u00f6mmar \u00e4r. Dessa bloggar \u00e4r inte bara stora , de \u00e4r ocks\u00e5 otroligt inspirerande och h\u00e4rliga tjejer som h\u00e5llt fanan h\u00f6gt med h\u00e4rliga mejker, nagellack och id\u00e9er hela sommaren. Nu \u00e4r det ju snart h\u00f6st och vad passar d\u00e5 b\u00e4ttre \u00e4n lite mer inspiration f\u00f6r att inte v\u00e4lkomna h\u00f6sten med d\u00e5ligt hum\u00f6r?<\/p>\n<p><strong>Mina fr\u00e5gor:<\/strong><\/p>\n<p>1) Vad har du f\u00f6r h\u00f6stdr\u00f6mmar? (inom sk\u00f6nhet d\u00e5)<br \/>\n2) Vilken produkt har du inte saknat i sommar?<br \/>\n3) Vilken produkt kommer du anv\u00e4nda mest i h\u00f6st?<\/p>\n<p style=\"text-align: center;\"><span style=\"color: #33cccc;\">\u2665\u2665\u2665<\/span><\/p>\n<h3><a href=\"http:\/\/micromiss.blogg.se\/\" target=\"_blank\">Linda Hallberg<\/a><\/h3>\n<p><a href=\"http:\/\/micromiss.blogg.se\"><img loading=\"lazy\" decoding=\"async\" class=\"alignright\" src=\"http:\/\/micromiss.blogg.se\/images\/2009\/bsta_45667805.png\" alt=\"\" width=\"230\" height=\"107\" \/><\/a> <span class=\"anfang\">1) <\/span>I h\u00f6st vill jag kunna g\u00e5 ut i naturen, m\u00f6ta h\u00f6stens alla vackra f\u00e4rger och finna massor av ny inspiration till mina make-uper!<\/p>\n<p><span class=\"anfang\">2) <\/span> Jag har inte saknat foundationen! Det \u00e4r s\u00e5 himla sk\u00f6nt att kunna g\u00e5 utan foundation p\u00e5 sommaren och \u00e4nd\u00e5 k\u00e4nna sig fr\u00e4sch och fin!<\/p>\n<p><span class=\"anfang\">3) <\/span>Jag tror inte jag kommer anv\u00e4nda n\u00e5gon speciell produkt mer \u00e4n den andra, men nu n\u00e4r h\u00f6sten kommer, och huden blir gr\u00e5 och tr\u00e5kig kommer jag satsa mycket p\u00e5 hudv\u00e5rdsprodukter som f\u00e5r hyn att str\u00e5la! Trots solbr\u00e4nnan som bleknar bort\u00a0 =)<\/p>\n<p style=\"text-align: center;\"><span style=\"color: #33cccc;\">\u2665\u2665\u2665<\/span><\/p>\n<h3><a href=\"http:\/\/sminkan.blogg.se\" target=\"_blank\">Sminkan<\/a><\/h3>\n<p><a href=\"http:\/\/sminkan.blogg.se\"><img loading=\"lazy\" decoding=\"async\" class=\"alignright\" src=\"http:\/\/img525.imageshack.us\/img525\/5131\/sminkansheaderirosare9.jpg\" alt=\"\" width=\"224\" height=\"94\" \/><\/a> <span class=\"anfang\">1) <\/span>Mina h\u00f6stdr\u00f6mmar \u00e4r att naglarna ska bli lite l\u00e4ngre. ;D<br \/>\nAnnars \u00e4r jag sugen p\u00e5 det gotiska, mer \u00e4n vanligt allts\u00e5. Lila, svart, vinr\u00f6tt. Jag \u00e4r inne p\u00e5 kontraster mellan matt, skimmer och glansiga kr\u00e4mlack. \u00c4ven i smink vill jag utforska lite av texturer inom samma f\u00e4rg. Mer svart men olika svart!<\/p>\n<p><span class=\"anfang\">2) <\/span>I sommar har jag inte saknat foundation! Jag tycker\u00a0det \u00e4r sk\u00f6nt att g\u00e5 osminkad och l\u00e5ta huden andas under n\u00e5gra m\u00e5nader.\u00a0Eller menar du vad jag st\u00e4ndigt anv\u00e4nde? Jag saknade inte nagellack alla fall. Hade nog minst 100 olika med ut i stugan att v\u00e4lja och vraka mellan!<\/p>\n<p><span class=\"anfang\">3) <\/span>I h\u00f6st kommer jag anv\u00e4nda matta foundations med pudriga ytor och ljusa porslinstoner. Jag skiter i om\u00a0det passar min hudton, i \u00e5r ska jag banne mig vara blekast i stan! Annars gissar jag att m\u00f6rka kr\u00e4mlack ligger bra till och kanske \u00e4ven lila \u00f6gonskuggor.<\/p>\n<p style=\"text-align: center;\"><span style=\"color: #33cccc;\">\u2665\u2665\u2665<\/span><\/p>\n<h3><a href=\"http:\/\/purity.webblogg.se\/\" target=\"_blank\">Purity<\/a><\/h3>\n<p><a href=\"http:\/\/purity.webblogg.se\/\"><img loading=\"lazy\" decoding=\"async\" class=\"alignright\" src=\"http:\/\/purity.webblogg.se\/images\/2009\/banner2_42469034.jpg\" alt=\"\" width=\"228\" height=\"76\" \/><\/a><span class=\"anfang\">1) <\/span>Jag ser fram emot alla produkter f\u00f6r sotade \u00f6gon som fullkomligen v\u00e4ller in i h\u00f6st. Jag \u00e4lskar sotade \u00f6gon, det passar bra till allt och k\u00e4nns helr\u00e4tt n\u00e4r det b\u00f6rjar bli m\u00f6rkare och kallare ute!<\/p>\n<p><span class=\"anfang\">2) <\/span>Min feta hudkr\u00e4m till kroppen. Det \u00e4r s\u00e5 sk\u00f6nt att inte beh\u00f6va sm\u00f6rja in mig efter varje g\u00e5ng jag har varit i kontakt med vatten som jag m\u00e5ste g\u00f6ra under de kallare m\u00e5naderna p\u00e5 \u00e5ret.<\/p>\n<p><span class=\"anfang\">3) <\/span> Jag k\u00f6pte precis ett underbart snyggt, m\u00f6rkt b\u00e4rf\u00e4rgat l\u00e4ppstift, rebel fr\u00e5n MAC. Det kommer nog bli en given favorit i h\u00f6stm\u00f6rkret!<\/p>\n<p style=\"text-align: center;\"><span style=\"color: #33cccc;\">\u2665\u2665\u2665<\/span><\/p>\n<h3><a href=\"http:\/\/saintbellabeauty.blogspot.com\/\">SaintBella<\/a><\/h3>\n<p><a href=\"http:\/\/saintbellabeauty.blogspot.com\/\"><img loading=\"lazy\" decoding=\"async\" class=\"alignright\" src=\"http:\/\/2.bp.blogspot.com\/_We2_FWovDx4\/Sl2xWtqEG_I\/AAAAAAAACqo\/JluHkrIFGGc\/S1600-R\/lips+ram+svart+NU+med+extra+text.jpg\" alt=\"\" width=\"224\" height=\"49\" \/><\/a> <span class=\"anfang\">1) <\/span>Eftersom det \u00e4r h\u00f6st s\u00e5 dr\u00f6mmer jag om m\u00f6rkare f\u00e4rger som f\u00f6r tankarna till en l\u00f6vdoftande skog vid en sj\u00f6, med en h\u00e4rlig stickad kofta och varm choklad.<br \/>\nJag \u00f6nskar\u00a0att det kommer en gr\u00f6n kollektion fr\u00e5n n\u00e5got av budgetm\u00e4rkena, till exempel Isa Dora. De har gjort mycket snyggt det senaste \u00e5ret och b\u00f6rjar komma upp sig rej\u00e4lt, de \u00e4r verkligen typexemplet p\u00e5 att budgetprylar kan vara lika bra som dyrare m\u00e4rken.<br \/>\nAlla f\u00f6rpackningar skulle vara smaragdgr\u00f6na med gulddetaljer, och\u00a0kollektionen skulle heta Goldy Green.<br \/>\nEn palett med olika gr\u00f6na \u00f6gonskuggor, varav en m\u00f6rkt skogsgr\u00f6n med guldskimmer och en smaragdgr\u00f6n, skulle vara flaggskeppet. Sen tv\u00e5, tre olika\u00a0\u00f6gonpennor, en flytande m\u00f6rkgr\u00f6n eyeliner (med pensel och inte filtspets), och eftersom det b\u00f6rjar bli mer och mer inne med f\u00e4rgade mascaror s\u00e5 ing\u00e5r \u00e4ven\u00a0en smaragdgr\u00f6n mascara.<br \/>\nLackfanatiker jag \u00e4r s\u00e5 vill jag ha med ett m\u00f6rkgr\u00f6nt lack med ett subtilt skimmer i guld, ett m\u00f6rkgr\u00f6nt hololack och ett mer klar\/smaragdgr\u00f6nt lack med svart glitter.<\/p>\n<p><span class=\"anfang\">2) <\/span> Brun utan sol.\u00a0Jag\u00a0tycker\u00a0det k\u00e4nns s\u00e5d\u00e4r fr\u00e4scht att vara solbr\u00e4nd, det \u00e4r\u00a0ett tecken p\u00e5\u00a0att man uts\u00e4tter sin hud f\u00f6r den skadliga solen och b\u00e4ddar f\u00f6r rynkor i f\u00f6rtid och hudcancer.<br \/>\nDessutom\u00a0k\u00e4nns det\u00a0s\u00e5 meckigt med brun utan sol; det blir l\u00e4tt flammigt, ger onaturlig f\u00e4rg, luktar illa\u00a0och g\u00e5r bort direkt n\u00e4r man duschar.<br \/>\nOch n\u00e4r vi nu\u00a0berikats med en relativt solig sommar i \u00e5r, d\u00e5 k\u00e4nns brun utan sol ganska \u00f6verfl\u00f6digt, b\u00e4ttre\u00a0 att ers\u00e4tta den med en h\u00f6g solskyddsfaktor. Dessutom kan en blek hud vara fin, ta Dita von Teese som exempel.<\/p>\n<p><span class=\"anfang\">3) <\/span>Jag tror jag inte jag kommer anv\u00e4nda n\u00e5gon speciell produkt mest, utan snarare satsa p\u00e5 andra f\u00e4rgskalor \u00e4n jag anv\u00e4nt mig av i sommar. Lite murrigare f\u00e4rger, mycket brunt, beige, gr\u00f6nt och andra neutrala f\u00e4rger.<br \/>\nJag tycker det \u00e4r snyggt att markera ansiktets struktur n\u00e4r man har neutrala \u00f6gon, s\u00e5 jag kommer\u00a0nog ha stor anv\u00e4ndning av min Contour &amp; Blush-palett fr\u00e5n Coastal Scents.<\/p>\n<p style=\"text-align: center;\"><span style=\"color: #33cccc;\">\u2665\u2665\u2665<\/span><\/p>\n<h3 style=\"text-align: left;\"><a href=\"http:\/\/bjooti.net\" target=\"_blank\"><span style=\"color: #33cccc;\"><span style=\"color: #000000;\">Bjooti<\/span><\/span><\/a><\/h3>\n<p><span class=\"anfang\"><a href=\"http:\/\/bjooti.net\"><img loading=\"lazy\" decoding=\"async\" class=\"alignright\" src=\"http:\/\/my.jetscreenshot.com\/75\/20090819-bria-20kb.jpg\" alt=\"\" width=\"224\" height=\"104\" \/><\/a>1) <\/span>En hudv\u00e5rdsserie som kan f\u00e5 bukt med min hud som just nu \u00e4r i uppror efter en sommar fylld av fet mat och alkohol. Sedan dr\u00f6mmer jag om massor av fina l\u00e4ppstift och eyeliners. Jag vill ha alla f\u00e4rger n\u00e5gonsin skapade.<\/p>\n<p><span class=\"anfang\">2) <\/span>Foundation. Fram till alldeles nyligen har huden h\u00e5llt sig fin och len efter en lagom dos sol och jag har knappt anv\u00e4nd foundation \u00f6ver huvud taget. Har varit himlans sk\u00f6nt faktiskt. Men nu n\u00e4r gl\u00e5miga h\u00f6sttider \u00e4r p\u00e5 int\u00e5gande l\u00e4r det bli andra bullar.<\/p>\n<p><span class=\"anfang\">3) <\/span>Min neccess\u00e4r. Jag \u00e4r sansl\u00f6st lat om mornarna och sover hellre en extra kvart \u00e4n stiger upp och sminkar mig. Fram\u00e5t lunchtid b\u00f6rjar jag k\u00e4nna mig redo att piffa lite s\u00e5 jag b\u00e4r alltid med mig en neccess\u00e4r med grejer till och fr\u00e5n jobbet. Piff p\u00e5 lunchrasten \u00e4r min grej!<\/p>\n","protected":false},"excerpt":{"rendered":"<p>Jag best\u00e4mde mig f\u00f6r att fr\u00e5ga mina favoriter inom sk\u00f6nhetsbloggarna vad deras h\u00f6stdr\u00f6mmar \u00e4r. Dessa bloggar \u00e4r inte bara stora , de \u00e4r ocks\u00e5 otroligt &hellip; <\/p>\n","protected":false},"author":1,"featured_media":0,"comment_status":"open","ping_status":"open","sticky":false,"template":"","format":"standard","meta":{"footnotes":""},"categories":[],"tags":[],"_links":{"self":[{"href":"https:\/\/vackerunderbar.se\/index.php?rest_route=\/wp\/v2\/posts\/5505"}],"collection":[{"href":"https:\/\/vackerunderbar.se\/index.php?rest_route=\/wp\/v2\/posts"}],"about":[{"href":"https:\/\/vackerunderbar.se\/index.php?rest_route=\/wp\/v2\/types\/post"}],"author":[{"embeddable":true,"href":"https:\/\/vackerunderbar.se\/index.php?rest_route=\/wp\/v2\/users\/1"}],"replies":[{"embeddable":true,"href":"https:\/\/vackerunderbar.se\/index.php?rest_route=%2Fwp%2Fv2%2Fcomments&post=5505"}],"version-history":[{"count":27,"href":"https:\/\/vackerunderbar.se\/index.php?rest_route=\/wp\/v2\/posts\/5505\/revisions"}],"predecessor-version":[{"id":5569,"href":"https:\/\/vackerunderbar.se\/index.php?rest_route=\/wp\/v2\/posts\/5505\/revisions\/5569"}],"wp:attachment":[{"href":"https:\/\/vackerunderbar.se\/index.php?rest_route=%2Fwp%2Fv2%2Fmedia&parent=5505"}],"wp:term":[{"taxonomy":"category","embeddable":true,"href":"https:\/\/vackerunderbar.se\/index.php?rest_route=%2Fwp%2Fv2%2Fcategories&post=5505"},{"taxonomy":"post_tag","embeddable":true,"href":"https:\/\/vackerunderbar.se\/index.php?rest_route=%2Fwp%2Fv2%2Ftags&post=5505"}],"curies":[{"name":"wp","href":"https:\/\/api.w.org\/{rel}","templated":true}]}}