{"id":5165,"date":"2009-07-12T21:15:42","date_gmt":"2009-07-12T19:15:42","guid":{"rendered":"http:\/\/www.vackerunderbar.se\/?p=5165"},"modified":"2014-06-03T18:07:24","modified_gmt":"2014-06-03T16:07:24","slug":"dagens-tre-nyanser-av-blatt","status":"publish","type":"post","link":"https:\/\/vackerunderbar.se\/?p=5165","title":{"rendered":"Dagens: Tre nyanser av bl\u00e5tt"},"content":{"rendered":"<p style=\"text-align: center;\"><a href=\"http:\/\/farm3.static.flickr.com\/2442\/3714063636_098d6a163c_o.jpg\"><img loading=\"lazy\" decoding=\"async\" src=\"http:\/\/farm3.static.flickr.com\/2442\/3714063636_098d6a163c_o.jpg\" alt=\"\" width=\"141\" height=\"302\" \/><\/a><a href=\"http:\/\/farm4.static.flickr.com\/3455\/3713252943_6728cc13ca_o.jpg\"><img loading=\"lazy\" decoding=\"async\" src=\"http:\/\/farm4.static.flickr.com\/3455\/3713252943_6728cc13ca_o.jpg\" alt=\"\" width=\"180\" height=\"301\" \/><\/a><\/p>\n<p>Hah, s\u00e5 l\u00e4nge sedan jag lade upp en Dagens att jag inte kom ih\u00e5g om jag brukar skriva Dagens: i rubriken eller Dagens mejk: ! Haha, s\u00e5 dant. N\u00e5, det \u00e4r sommar och smink k\u00e4nns s\u00e5 malplac\u00e9 p\u00e5 n\u00e5t vis!<\/p>\n<p>Ig\u00e5r hade jag absolut inget att blogga om. Vi sov alldeles f\u00f6r l\u00e4nge och sedan f\u00f6rsvann dagen bara p\u00e5 n\u00e5t vis. Idag sov vi inte riktigt l\u00e4nge, men \u00e4nd\u00e5 l\u00e4ngre \u00e4n vad normala m\u00e4nniskor g\u00f6r. N\u00e5ja, vi m\u00e5r bra med det antar jag. Idag v\u00e4ntade Nailmail-pack av Orly Gems samt \u00e4ven ett m\u00f6te med en bunt olika kulturgrupper och entrepren\u00f6rer h\u00e4r i Norrk\u00f6ping. M\u00e5nga av dessa grupper blir heml\u00f6sa nu fram\u00f6ver och vi ska d\u00e4rf\u00f6r arbeta f\u00f6r att starta ett nytt &#8221;kulturhus&#8221; d\u00e4r vi kan samsas med en massa verksamheter under ett tak. Mycket bra intiativ och jag och Anders kommer joina utifr\u00e5n v\u00e5r ideella f\u00f6rening Cloudberry Event.<\/p>\n<p style=\"text-align: center;\"><a href=\"http:\/\/farm4.static.flickr.com\/3442\/3714065558_ed4529a1f0_o.jpg\"><img loading=\"lazy\" decoding=\"async\" src=\"http:\/\/farm4.static.flickr.com\/3442\/3714065558_ed4529a1f0_o.jpg\" alt=\"mejk\" width=\"252\" height=\"156\" \/><\/a><a href=\"http:\/\/farm3.static.flickr.com\/2635\/3713253529_0bfd5092bd_o.jpg\"><img loading=\"lazy\" decoding=\"async\" src=\"http:\/\/farm3.static.flickr.com\/2635\/3713253529_0bfd5092bd_o.jpg\" alt=\"mejk\" width=\"195\" height=\"156\" \/><\/a><\/p>\n<p>Idag sminkade jag mig f\u00f6r f\u00f6rsta g\u00e5ngen p\u00e5 evigheter. B\u00f6rjade med att grunda med UDPP och foundation fr\u00e5n Clinique, f\u00f6r att sedan anv\u00e4nda Dignity fr\u00e5n Face som bas p\u00e5 hela \u00f6gonlocket. D\u00e4refter tre olika skuggor fr\u00e5n Manly, en turkosbl\u00e5 i den inre \u00f6gonvr\u00e5n, en lilabl\u00e5 i den allra yttersta samt en gr\u00f6nbl\u00e5 under \u00f6gat. Svart mascara och turkos kajal p\u00e5 slemhinnan mot \u00f6gat.<\/p>\n<p style=\"text-align: center;\"><img decoding=\"async\" class=\"aligncenter\" src=\"http:\/\/farm3.static.flickr.com\/2606\/3713256409_a04704490b_o.jpg\" alt=\"mejk\" \/><img decoding=\"async\" src=\"http:\/\/farm3.static.flickr.com\/2557\/3713253999_148f16eb2d_o.jpg\" alt=\"mejk\" \/><img decoding=\"async\" src=\"http:\/\/farm4.static.flickr.com\/3453\/3713253587_cb920380d5_o.jpg\" alt=\"mejk\" \/><\/p>\n<p>Ser ni mitt linne f\u00f6rresten? Fr\u00e5n H&amp;M, det med nagellack som jag bloggade om f\u00f6r n\u00e5gra veckor sedan. Lite f\u00f6r genomskinligt men annars mycket tjusigt! :D<\/p>\n","protected":false},"excerpt":{"rendered":"<p>Hah, s\u00e5 l\u00e4nge sedan jag lade upp en Dagens att jag inte kom ih\u00e5g om jag brukar skriva Dagens: i rubriken eller Dagens mejk: ! &hellip; <\/p>\n","protected":false},"author":1,"featured_media":0,"comment_status":"open","ping_status":"open","sticky":false,"template":"","format":"standard","meta":{"footnotes":""},"categories":[421],"tags":[505],"_links":{"self":[{"href":"https:\/\/vackerunderbar.se\/index.php?rest_route=\/wp\/v2\/posts\/5165"}],"collection":[{"href":"https:\/\/vackerunderbar.se\/index.php?rest_route=\/wp\/v2\/posts"}],"about":[{"href":"https:\/\/vackerunderbar.se\/index.php?rest_route=\/wp\/v2\/types\/post"}],"author":[{"embeddable":true,"href":"https:\/\/vackerunderbar.se\/index.php?rest_route=\/wp\/v2\/users\/1"}],"replies":[{"embeddable":true,"href":"https:\/\/vackerunderbar.se\/index.php?rest_route=%2Fwp%2Fv2%2Fcomments&post=5165"}],"version-history":[{"count":2,"href":"https:\/\/vackerunderbar.se\/index.php?rest_route=\/wp\/v2\/posts\/5165\/revisions"}],"predecessor-version":[{"id":5167,"href":"https:\/\/vackerunderbar.se\/index.php?rest_route=\/wp\/v2\/posts\/5165\/revisions\/5167"}],"wp:attachment":[{"href":"https:\/\/vackerunderbar.se\/index.php?rest_route=%2Fwp%2Fv2%2Fmedia&parent=5165"}],"wp:term":[{"taxonomy":"category","embeddable":true,"href":"https:\/\/vackerunderbar.se\/index.php?rest_route=%2Fwp%2Fv2%2Fcategories&post=5165"},{"taxonomy":"post_tag","embeddable":true,"href":"https:\/\/vackerunderbar.se\/index.php?rest_route=%2Fwp%2Fv2%2Ftags&post=5165"}],"curies":[{"name":"wp","href":"https:\/\/api.w.org\/{rel}","templated":true}]}}