{"id":50255,"date":"2014-05-26T18:30:46","date_gmt":"2014-05-26T16:30:46","guid":{"rendered":"http:\/\/www.vackerunderbar.se\/?p=50255"},"modified":"2014-06-03T18:48:35","modified_gmt":"2014-06-03T16:48:35","slug":"vecka-21-med-instagram-3","status":"publish","type":"post","link":"https:\/\/vackerunderbar.se\/?p=50255","title":{"rendered":"Vecka 21 med Instagram"},"content":{"rendered":"<p>Phew, nyss hemkommen fr\u00e5n en runda runt Str\u00f6mmen, det \u00e4r s\u00e5 vackert i den h\u00e4r stan! Men ack s\u00e5 varmt, jag luktar verkligen inte hallon just nu&#8230;<\/p>\n<p>Men f\u00f6rst ska vi titta p\u00e5 f\u00f6rra veckans instabilder! Eller hur?! F\u00f6lj mig p\u00e5 <a href=\"http:\/\/instagram.com\/akrogirl\" target=\"_blank\">@akrogirl<\/a> vetja!<\/p>\n<p><a href=\"http:\/\/www.vackerunderbar.se\/wp-content\/uploads\/2014\/05\/IMG_20140519_095831.jpg\"><img loading=\"lazy\" decoding=\"async\" class=\"alignnone size-medium wp-image-50258\" src=\"http:\/\/www.vackerunderbar.se\/wp-content\/uploads\/2014\/05\/IMG_20140519_095831-340x340.jpg\" alt=\"IMG_20140519_095831\" width=\"340\" height=\"340\" \/><\/a><a href=\"http:\/\/www.vackerunderbar.se\/wp-content\/uploads\/2014\/05\/IMG_20140519_152055.jpg\"><img loading=\"lazy\" decoding=\"async\" class=\"alignnone size-medium wp-image-50259\" src=\"http:\/\/www.vackerunderbar.se\/wp-content\/uploads\/2014\/05\/IMG_20140519_152055-340x340.jpg\" alt=\"IMG_20140519_152055\" width=\"340\" height=\"340\" \/><\/a><a href=\"http:\/\/www.vackerunderbar.se\/wp-content\/uploads\/2014\/05\/IMG_20140519_154109.jpg\"><img loading=\"lazy\" decoding=\"async\" class=\"alignnone size-medium wp-image-50260\" src=\"http:\/\/www.vackerunderbar.se\/wp-content\/uploads\/2014\/05\/IMG_20140519_154109-340x340.jpg\" alt=\"IMG_20140519_154109\" width=\"340\" height=\"340\" \/><\/a><a href=\"http:\/\/www.vackerunderbar.se\/wp-content\/uploads\/2014\/05\/IMG_20140519_163219.jpg\"><img loading=\"lazy\" decoding=\"async\" class=\"alignnone size-medium wp-image-50261\" src=\"http:\/\/www.vackerunderbar.se\/wp-content\/uploads\/2014\/05\/IMG_20140519_163219-340x340.jpg\" alt=\"IMG_20140519_163219\" width=\"340\" height=\"340\" \/><\/a><\/p>\n<p>1. Veckan b\u00f6rjade med lite bus med Uchi! Han \u00e4r nog universums s\u00f6taste!<br \/>\n2. Sedan \u00e5kte mamma och jag till Valdemarsvik! Det h\u00e4r \u00e4r hennes nya hus! Hurra! Efter 30 \u00e5r i samma hus \u00e4r det \u00e4ntligen dags att flytta, sp\u00e4nnande!<br \/>\n3. Jag med en h\u00e5rknut.<br \/>\n4. Utanf\u00f6r Valdemarsvik finns dessa konstverk. Tjusigt!<\/p>\n<p>&nbsp;<\/p>\n<p><a href=\"http:\/\/www.vackerunderbar.se\/wp-content\/uploads\/2014\/05\/IMG_20140520_113303.jpg\"><img loading=\"lazy\" decoding=\"async\" class=\"alignnone size-medium wp-image-50266\" src=\"http:\/\/www.vackerunderbar.se\/wp-content\/uploads\/2014\/05\/IMG_20140520_113303-340x340.jpg\" alt=\"IMG_20140520_113303\" width=\"340\" height=\"340\" \/><\/a><a href=\"http:\/\/www.vackerunderbar.se\/wp-content\/uploads\/2014\/05\/IMG_20140520_171714.jpg\"><img loading=\"lazy\" decoding=\"async\" class=\"alignnone size-medium wp-image-50262\" src=\"http:\/\/www.vackerunderbar.se\/wp-content\/uploads\/2014\/05\/IMG_20140520_171714-340x340.jpg\" alt=\"IMG_20140520_171714\" width=\"340\" height=\"340\" \/><\/a><a href=\"http:\/\/www.vackerunderbar.se\/wp-content\/uploads\/2014\/05\/IMG_20140521_073731.jpg\"><img loading=\"lazy\" decoding=\"async\" class=\"alignnone size-medium wp-image-50263\" src=\"http:\/\/www.vackerunderbar.se\/wp-content\/uploads\/2014\/05\/IMG_20140521_073731-340x340.jpg\" alt=\"IMG_20140521_073731\" width=\"340\" height=\"340\" \/><\/a><a href=\"http:\/\/www.vackerunderbar.se\/wp-content\/uploads\/2014\/05\/IMG_20140521_134100.jpg\"><img loading=\"lazy\" decoding=\"async\" class=\"alignnone size-medium wp-image-50264\" src=\"http:\/\/www.vackerunderbar.se\/wp-content\/uploads\/2014\/05\/IMG_20140521_134100-340x340.jpg\" alt=\"IMG_20140521_134100\" width=\"340\" height=\"340\" \/><\/a><\/p>\n<p>1. P\u00e5 v\u00e4g till ett l\u00e4karbes\u00f6k, min vackra stad.<br \/>\n2. Anders och Uchi delade filt en stund, mysigt!<br \/>\n3. Onsdag morgon och dags att \u00e5ka till jobbet igen. En riktigt fin morgon!<br \/>\n4. H\u00e4rliga blommande rapsf\u00e4lt! \u00c4lsk p\u00e5 den h\u00e4r synen!<\/p>\n<p>&nbsp;<\/p>\n<p><a href=\"http:\/\/www.vackerunderbar.se\/wp-content\/uploads\/2014\/05\/IMG_20140521_172238.jpg\"><img loading=\"lazy\" decoding=\"async\" class=\"alignnone size-medium wp-image-50265\" src=\"http:\/\/www.vackerunderbar.se\/wp-content\/uploads\/2014\/05\/IMG_20140521_172238-340x340.jpg\" alt=\"IMG_20140521_172238\" width=\"340\" height=\"340\" \/><\/a><a href=\"http:\/\/www.vackerunderbar.se\/wp-content\/uploads\/2014\/05\/wpid-img_20140522_101033.jpg\"><img loading=\"lazy\" decoding=\"async\" class=\"alignnone size-full\" title=\"IMG_20140522_101033.jpg\" src=\"http:\/\/www.vackerunderbar.se\/wp-content\/uploads\/2014\/05\/wpid-img_20140522_101033.jpg\" alt=\"image\" width=\"340\" height=\"340\" \/><\/a><a href=\"http:\/\/www.vackerunderbar.se\/wp-content\/uploads\/2014\/05\/wpid-img_20140522_150107.jpg\"><img loading=\"lazy\" decoding=\"async\" class=\"alignnone size-full\" title=\"IMG_20140522_150107.jpg\" src=\"http:\/\/www.vackerunderbar.se\/wp-content\/uploads\/2014\/05\/wpid-img_20140522_150107.jpg\" alt=\"image\" width=\"340\" height=\"340\" \/><\/a><a href=\"http:\/\/www.vackerunderbar.se\/wp-content\/uploads\/2014\/05\/wpid-img_20140522_174729.jpg\"><img loading=\"lazy\" decoding=\"async\" class=\"alignnone size-full\" title=\"IMG_20140522_174729.jpg\" src=\"http:\/\/www.vackerunderbar.se\/wp-content\/uploads\/2014\/05\/wpid-img_20140522_174729.jpg\" alt=\"image\" width=\"340\" height=\"340\" \/><\/a><\/p>\n<p>1. Hj\u00e4lpte mamma att t\u00f6mma ett f\u00f6rr\u00e5d med hennes ex-sambos grejer. Ugh, fina bl\u00e5m\u00e4rken fick jag p\u00e5 k\u00f6pet&#8230;<br \/>\n2. P\u00e5 torsdagen konstaterade jag att det var insekt-p\u00e5-vindrute-s\u00e4song. Hurra. Not.<br \/>\n3. Jag r\u00f6star rosa, enda riktningen \u00e4r fram\u00e5t!<br \/>\n4. \u00c4ntligen klar f\u00f6r dagen! En riktigt underbar kv\u00e4ll efter en l\u00e5ng och v\u00e4ldigt svettig dag.<\/p>\n<p>&nbsp;<\/p>\n<p><a href=\"http:\/\/www.vackerunderbar.se\/wp-content\/uploads\/2014\/05\/wpid-img_20140523_183008.jpg\"><img loading=\"lazy\" decoding=\"async\" class=\"alignnone size-full\" title=\"IMG_20140523_183008.jpg\" src=\"http:\/\/www.vackerunderbar.se\/wp-content\/uploads\/2014\/05\/wpid-img_20140523_183008.jpg\" alt=\"image\" width=\"340\" height=\"340\" \/><\/a><a href=\"http:\/\/www.vackerunderbar.se\/wp-content\/uploads\/2014\/05\/wpid-img_20140523_200355.jpg\"><img loading=\"lazy\" decoding=\"async\" class=\"alignnone size-full\" title=\"IMG_20140523_200355.jpg\" src=\"http:\/\/www.vackerunderbar.se\/wp-content\/uploads\/2014\/05\/wpid-img_20140523_200355.jpg\" alt=\"image\" width=\"340\" height=\"340\" \/><\/a><a href=\"http:\/\/www.vackerunderbar.se\/wp-content\/uploads\/2014\/05\/wpid-img_20140523_210833.jpg\"><img loading=\"lazy\" decoding=\"async\" class=\"alignnone size-full\" title=\"IMG_20140523_210833.jpg\" src=\"http:\/\/www.vackerunderbar.se\/wp-content\/uploads\/2014\/05\/wpid-img_20140523_210833.jpg\" alt=\"image\" width=\"340\" height=\"340\" \/><\/a><a href=\"http:\/\/www.vackerunderbar.se\/wp-content\/uploads\/2014\/05\/wpid-img_20140524_181820.jpg\"><img loading=\"lazy\" decoding=\"async\" class=\"alignnone size-full\" title=\"IMG_20140524_181820.jpg\" src=\"http:\/\/www.vackerunderbar.se\/wp-content\/uploads\/2014\/05\/wpid-img_20140524_181820.jpg\" alt=\"image\" width=\"340\" height=\"340\" \/><\/a><\/p>\n<p>1. Fredag, Nadinehelg och \u00e4ntligen kunde vi grilla p\u00e5 balkongen! Hurra! Och Anammas &#8221;k\u00f6ttbitar&#8221;, j\u00e4klar s\u00e5 goda de \u00e4r!<br \/>\n2. P\u00e5 kv\u00e4llen gick vi till parken, Deshi var v\u00e4ldigt n\u00f6jd med sig sj\u00e4lv! Kolla minen i undre bilden! Hahaha!<br \/>\n3. Hela lilla familjen, f\u00f6rutom Uchi! Som ju f\u00f6redrar att vara hemma&#8230;<br \/>\n4. P\u00e5 l\u00f6rdagen var vi alla till badhuset, p\u00e5 kv\u00e4llen fick Nadine f\u00f6lja med en nyfunnen kompis och vi gick till Tr\u00e4dg\u00e5rn och k\u00e4kade. Det h\u00e4r \u00e4r Anders middag med v\u00e5rens prim\u00f6rer. V\u00e4ldigt gott!<\/p>\n<p>&nbsp;<\/p>\n<p><a href=\"http:\/\/www.vackerunderbar.se\/wp-content\/uploads\/2014\/05\/wpid-img_20140524_182150.jpg\"><img loading=\"lazy\" decoding=\"async\" class=\"alignnone size-full\" title=\"IMG_20140524_182150.jpg\" src=\"http:\/\/www.vackerunderbar.se\/wp-content\/uploads\/2014\/05\/wpid-img_20140524_182150.jpg\" alt=\"image\" width=\"340\" height=\"340\" \/><\/a><a href=\"http:\/\/www.vackerunderbar.se\/wp-content\/uploads\/2014\/05\/wpid-img_20140525_114855.jpg\"><img loading=\"lazy\" decoding=\"async\" class=\"alignnone size-full\" title=\"IMG_20140525_114855.jpg\" src=\"http:\/\/www.vackerunderbar.se\/wp-content\/uploads\/2014\/05\/wpid-img_20140525_114855.jpg\" alt=\"image\" width=\"340\" height=\"340\" \/><\/a><a href=\"http:\/\/www.vackerunderbar.se\/wp-content\/uploads\/2014\/05\/wpid-img_20140525_170844.jpg\"><img loading=\"lazy\" decoding=\"async\" class=\"alignnone size-full\" title=\"IMG_20140525_170844.jpg\" src=\"http:\/\/www.vackerunderbar.se\/wp-content\/uploads\/2014\/05\/wpid-img_20140525_170844.jpg\" alt=\"image\" width=\"340\" height=\"340\" \/><\/a><a href=\"http:\/\/www.vackerunderbar.se\/wp-content\/uploads\/2014\/05\/wpid-img_20140525_191934.jpg\"><img loading=\"lazy\" decoding=\"async\" class=\"alignnone size-full\" title=\"IMG_20140525_191934.jpg\" src=\"http:\/\/www.vackerunderbar.se\/wp-content\/uploads\/2014\/05\/wpid-img_20140525_191934.jpg\" alt=\"image\" width=\"340\" height=\"340\" \/><\/a><\/p>\n<p>1. Syrener p\u00e5 Tr\u00e4dg\u00e5rn, vackert!<br \/>\n2. S\u00e5 var det r\u00f6stningsdags! Vi f\u00f6rs\u00f6kte l\u00e4ra Nadine hur det g\u00e5r till, vet inte om hon brydde sig men vi kommer forts\u00e4tta propagera f\u00f6r hennes r\u00f6stningsplikt!<br \/>\n3. Jag k\u00f6pte nya blommor till balkongen, bla hortensior och ett litet zickzacktr\u00e4d.<br \/>\n4. S\u00e5 var det valvaka p\u00e5 Kulturhuset! Wiee f\u00f6r Fi!! &lt;3<\/p>\n","protected":false},"excerpt":{"rendered":"<p>Phew, nyss hemkommen fr\u00e5n en runda runt Str\u00f6mmen, det \u00e4r s\u00e5 vackert i den h\u00e4r stan! Men ack s\u00e5 varmt, jag luktar verkligen inte hallon &hellip; <\/p>\n","protected":false},"author":1,"featured_media":0,"comment_status":"open","ping_status":"open","sticky":false,"template":"","format":"standard","meta":{"footnotes":""},"categories":[56],"tags":[511,436],"_links":{"self":[{"href":"https:\/\/vackerunderbar.se\/index.php?rest_route=\/wp\/v2\/posts\/50255"}],"collection":[{"href":"https:\/\/vackerunderbar.se\/index.php?rest_route=\/wp\/v2\/posts"}],"about":[{"href":"https:\/\/vackerunderbar.se\/index.php?rest_route=\/wp\/v2\/types\/post"}],"author":[{"embeddable":true,"href":"https:\/\/vackerunderbar.se\/index.php?rest_route=\/wp\/v2\/users\/1"}],"replies":[{"embeddable":true,"href":"https:\/\/vackerunderbar.se\/index.php?rest_route=%2Fwp%2Fv2%2Fcomments&post=50255"}],"version-history":[{"count":4,"href":"https:\/\/vackerunderbar.se\/index.php?rest_route=\/wp\/v2\/posts\/50255\/revisions"}],"predecessor-version":[{"id":50360,"href":"https:\/\/vackerunderbar.se\/index.php?rest_route=\/wp\/v2\/posts\/50255\/revisions\/50360"}],"wp:attachment":[{"href":"https:\/\/vackerunderbar.se\/index.php?rest_route=%2Fwp%2Fv2%2Fmedia&parent=50255"}],"wp:term":[{"taxonomy":"category","embeddable":true,"href":"https:\/\/vackerunderbar.se\/index.php?rest_route=%2Fwp%2Fv2%2Fcategories&post=50255"},{"taxonomy":"post_tag","embeddable":true,"href":"https:\/\/vackerunderbar.se\/index.php?rest_route=%2Fwp%2Fv2%2Ftags&post=50255"}],"curies":[{"name":"wp","href":"https:\/\/api.w.org\/{rel}","templated":true}]}}