{"id":45208,"date":"2014-03-31T11:40:18","date_gmt":"2014-03-31T09:40:18","guid":{"rendered":"http:\/\/www.vackerunderbar.se\/?p=45208"},"modified":"2014-06-03T17:57:20","modified_gmt":"2014-06-03T15:57:20","slug":"bla-mandag-catrice-george-blueney","status":"publish","type":"post","link":"https:\/\/vackerunderbar.se\/?p=45208","title":{"rendered":"Bl\u00e5 M\u00e5ndag: Catrice &#8211; George Blueney"},"content":{"rendered":"<p><a href=\"http:\/\/www.vackerunderbar.se\/wp-content\/uploads\/2014\/03\/catrice-georgeblueney-1.jpg\"><img loading=\"lazy\" decoding=\"async\" class=\"alignnone size-large wp-image-45209\" alt=\"catrice-georgeblueney-1\" src=\"http:\/\/www.vackerunderbar.se\/wp-content\/uploads\/2014\/03\/catrice-georgeblueney-1-700x466.jpg\" width=\"700\" height=\"466\" \/><\/a><\/p>\n<p>M\u00e5ndag igen! Tvingade mig sj\u00e4lv upp ur s\u00e4ngen och fullt p\u00e5kl\u00e4dd sitter jag h\u00e4r vid skrivbordet idag. Annars sitter jag ofta i soffan i pyjamas hela dagen, men idag tvingade jag mig till att, jaa, vara normal? Trots det m\u00e5r jag inget vidare, k\u00e4nner mig riktigt tung i huvudet&#8230;<\/p>\n<p>Men m\u00e5ndagar betyder <a href=\"http:\/\/nailme.blogg.se\" target=\"_blank\">Bl\u00e5 M\u00e5ndag, bes\u00f6k Tove<\/a> f\u00f6r fler bl\u00e5 manikyrer idag!<\/p>\n<p>Idag vill jag visa er \u00e4nnu ett lack jag f\u00e5tt fr\u00e5n F\u00f6delsedagsgruppen,\u00a0<strong>Catrice &#8211; George Blueney<\/strong>! Det var Malin som skickade detta till mig, tack fina! Tyv\u00e4rr \u00e4r appliceringen och bilderna r\u00e4tt kassa, jag hade br\u00e5ttom som faen och det blev lite kladdigt och oj\u00e4mnt. Tid \u00e4r alltid bra att ha n\u00e4r man lackar naglarna&#8230; Det h\u00e4r \u00e4r en fin m\u00f6rkbl\u00e5 nyans med skimmer, v\u00e4ldigt tjusigt!<\/p>\n<p>Penseln var ganska bred och stor, f\u00f6rsta g\u00e5ngen jag kom i kontakt med Catrice s\u00e5 det \u00e4r ju en vanesak hur du hanterar den. R\u00e4tt bra formula \u00e5tminstone, \u00e4ven om det ser r\u00e4tt kladdigt ut s\u00e5 beror det mest p\u00e5 slarv. Chippade r\u00e4tt snabbt tyv\u00e4rr&#8230;<\/p>\n<p>Ingen j\u00e4ttefavorit men helt klart vackert! Kul med nya m\u00e4rken att ut\u00f6ka min samling M\u00e4rke-taggar med!<\/p>\n<p>Vad tycker du om detta? Ge mig din \u00e5sikt bland kommentarerna!<\/p>\n<p>&#8211;<\/p>\n<p><em>English:\u00a0Catrice &#8211; George Blueney, dark blue with shimmer. I got this for my birthday from my friend Malin =)<\/em><\/p>\n<p><a href=\"http:\/\/www.vackerunderbar.se\/wp-content\/uploads\/2014\/03\/catrice-georgeblueney-2.jpg\"><img loading=\"lazy\" decoding=\"async\" class=\"alignnone size-large wp-image-45210\" alt=\"catrice-georgeblueney-2\" src=\"http:\/\/www.vackerunderbar.se\/wp-content\/uploads\/2014\/03\/catrice-georgeblueney-2-700x466.jpg\" width=\"700\" height=\"466\" \/><\/a><a href=\"http:\/\/www.vackerunderbar.se\/wp-content\/uploads\/2014\/03\/catrice-georgeblueney-3.jpg\"><img loading=\"lazy\" decoding=\"async\" class=\"alignnone size-large wp-image-45211\" alt=\"catrice-georgeblueney-3\" src=\"http:\/\/www.vackerunderbar.se\/wp-content\/uploads\/2014\/03\/catrice-georgeblueney-3-700x521.jpg\" width=\"700\" height=\"521\" \/><\/a><a href=\"http:\/\/www.vackerunderbar.se\/wp-content\/uploads\/2014\/03\/catrice-georgeblueney-4.jpg\"><img loading=\"lazy\" decoding=\"async\" class=\"alignnone size-large wp-image-45212\" alt=\"catrice-georgeblueney-4\" src=\"http:\/\/www.vackerunderbar.se\/wp-content\/uploads\/2014\/03\/catrice-georgeblueney-4-700x466.jpg\" width=\"700\" height=\"466\" \/><\/a><a href=\"http:\/\/www.vackerunderbar.se\/wp-content\/uploads\/2014\/03\/catrice-georgeblueney-5.jpg\"><img loading=\"lazy\" decoding=\"async\" class=\"alignnone size-medium wp-image-45213\" alt=\"catrice-georgeblueney-5\" src=\"http:\/\/www.vackerunderbar.se\/wp-content\/uploads\/2014\/03\/catrice-georgeblueney-5-340x226.jpg\" width=\"340\" height=\"226\" \/><\/a><a href=\"http:\/\/www.vackerunderbar.se\/wp-content\/uploads\/2014\/03\/catrice-georgeblueney-6.jpg\"><img loading=\"lazy\" decoding=\"async\" class=\"alignnone size-medium wp-image-45214\" alt=\"catrice-georgeblueney-6\" src=\"http:\/\/www.vackerunderbar.se\/wp-content\/uploads\/2014\/03\/catrice-georgeblueney-6-340x226.jpg\" width=\"340\" height=\"226\" \/><\/a><\/p>\n","protected":false},"excerpt":{"rendered":"<p>M\u00e5ndag igen! Tvingade mig sj\u00e4lv upp ur s\u00e4ngen och fullt p\u00e5kl\u00e4dd sitter jag h\u00e4r vid skrivbordet idag. Annars sitter jag ofta i soffan i pyjamas &hellip; <\/p>\n","protected":false},"author":1,"featured_media":0,"comment_status":"open","ping_status":"open","sticky":false,"template":"","format":"standard","meta":{"footnotes":""},"categories":[43],"tags":[506,444,443],"_links":{"self":[{"href":"https:\/\/vackerunderbar.se\/index.php?rest_route=\/wp\/v2\/posts\/45208"}],"collection":[{"href":"https:\/\/vackerunderbar.se\/index.php?rest_route=\/wp\/v2\/posts"}],"about":[{"href":"https:\/\/vackerunderbar.se\/index.php?rest_route=\/wp\/v2\/types\/post"}],"author":[{"embeddable":true,"href":"https:\/\/vackerunderbar.se\/index.php?rest_route=\/wp\/v2\/users\/1"}],"replies":[{"embeddable":true,"href":"https:\/\/vackerunderbar.se\/index.php?rest_route=%2Fwp%2Fv2%2Fcomments&post=45208"}],"version-history":[{"count":2,"href":"https:\/\/vackerunderbar.se\/index.php?rest_route=\/wp\/v2\/posts\/45208\/revisions"}],"predecessor-version":[{"id":45307,"href":"https:\/\/vackerunderbar.se\/index.php?rest_route=\/wp\/v2\/posts\/45208\/revisions\/45307"}],"wp:attachment":[{"href":"https:\/\/vackerunderbar.se\/index.php?rest_route=%2Fwp%2Fv2%2Fmedia&parent=45208"}],"wp:term":[{"taxonomy":"category","embeddable":true,"href":"https:\/\/vackerunderbar.se\/index.php?rest_route=%2Fwp%2Fv2%2Fcategories&post=45208"},{"taxonomy":"post_tag","embeddable":true,"href":"https:\/\/vackerunderbar.se\/index.php?rest_route=%2Fwp%2Fv2%2Ftags&post=45208"}],"curies":[{"name":"wp","href":"https:\/\/api.w.org\/{rel}","templated":true}]}}