{"id":38726,"date":"2013-11-23T18:39:51","date_gmt":"2013-11-23T17:39:51","guid":{"rendered":"http:\/\/www.vackerunderbar.se\/?p=38726"},"modified":"2014-06-03T18:55:58","modified_gmt":"2014-06-03T16:55:58","slug":"vansinne-pa-marsch-en-sjalvbiografi-om-schizoaffektiv-sjukdom-av-maria-radstam","status":"publish","type":"post","link":"https:\/\/vackerunderbar.se\/?p=38726","title":{"rendered":"Vansinne p\u00e5 marsch : en sj\u00e4lvbiografi om schizoaffektiv sjukdom av Maria R\u00e5dstam"},"content":{"rendered":"<p><figure style=\"width: 160px\" class=\"wp-caption alignleft\"><a href=\"http:\/\/www.bokus.com\/bok\/9789174377057\/vansinne-pa-marsch-en-sjalvbiografi-om-schizoaffektiv-sjukdom\/\"><img loading=\"lazy\" decoding=\"async\" class=\" \" alt=\"\" src=\"http:\/\/image.bokus.com\/images2\/9789174377057_200_vansinne-pa-marsch-en-sjalvbiografi-om-schizoaffektiv-sjukdom_haftad\" width=\"160\" height=\"249\" \/><\/a><figcaption class=\"wp-caption-text\">Klicka p\u00e5 bilden f\u00f6r att komma till Bokus!<\/figcaption><\/figure>Vad h\u00e4nder i en persons liv n\u00e4r de drabbas av psykisk sjukdom? I boken <strong>Vansinne p\u00e5 marsch : en sj\u00e4lvbiografi om schizoaffektiv sjukdom av Maria R\u00e5dstam<\/strong> utreder R\u00e5dstam detta p\u00e5 ett mycket personligt s\u00e4tt.<\/p>\n<p>R\u00e5dstam arbetar p\u00e5 en \u00e4ldrev\u00e5rdsavdelning och finner pl\u00f6tsligt att hon har sv\u00e5rt att \u00e4ta. Hon tv\u00e4ttar h\u00e4nderna och spritar ner toaletten p\u00e5 avdelningen och k\u00e4nner mer och mer att hon m\u00e5ste skilja p\u00e5 kl\u00e4derna fr\u00e5n jobbet och de hemma. Efter ett tag blir hon sjukskriven men f\u00e5r ingen diagnos eller hj\u00e4lp av psykiatrin, kanske beroende p\u00e5 att hon inte talar om att hon ser varelser? F\u00f6rst tror hon ocks\u00e5 att de \u00e4r sp\u00f6ken, att hon \u00e4r synsk.<\/p>\n<p>Vi f\u00e5r l\u00e4sa om hennes behov av att sk\u00e4ra sig, hennes resor till akuten och de m\u00e5nga stygnen som beh\u00f6vs f\u00f6r att laga hennes trasiga armar. Men trots att hon blir inlagd p\u00e5 psyket \u00e4r det ingen som utreder henne och vad som \u00e4r fel. F\u00f6rst i epilogen skrivs det att hon f\u00e5tt diagnosen schizoaffektiv sjukdom.<\/p>\n<p>Tyv\u00e4rr \u00e4r den kanske n\u00e5got kortfattad, \u00e4ven om den \u00e4r personlig och n\u00e4ra blir den lite h\u00e4ngande i luften. Vad h\u00e4nde sedan? Fick hon en diagnos och hur och vad h\u00e4nde sedan? Intressant skildring av ett ot\u00e4ckt tillst\u00e5nd, helt klart l\u00e4sv\u00e4rd om du snubblar \u00f6ver den!<\/p>\n<p><strong>Betyg:<\/strong> 3 av 5 | <strong>Genre:<\/strong> Sj\u00e4lvbiografi | <strong>ISBN:<\/strong> 9789174377057 | <strong>Sidor:<\/strong> 178<\/p>\n<blockquote><p>I den h\u00e4r sj\u00e4lvbiografin beskriver Maria R\u00e5dstam den f\u00f6rsta tiden efter insjuknande i schizoaffektiv sjukdom. L\u00e4saren tas med p\u00e5 ett s\u00f6kande efter en f\u00f6rklaring i en verklighet som alltmer l\u00f6ses upp och f\u00f6r\u00e4ndras. S\u00f6kandet tar sin b\u00f6rjan hos medium och spiritistiska \u00f6vningar och forts\u00e4tter till l\u00e4kare och akutmottagningar.<\/p>\n<p>Till de psykotiska symtomen kommer sv\u00e5ra sj\u00e4lvskador som skildras naket och \u00e4kta. Vad \u00e4r det som f\u00e5r en m\u00e4nniska att pl\u00f6tsligt ta fram ett rakblad och b\u00f6rja sk\u00e4ra s\u00f6nder sina egna armar? Maria ger i boken sitt svar p\u00e5 den fr\u00e5gan.<\/p>\n<p>Maria har i boken visat prov p\u00e5 en ovanligt stor beg\u00e5vning i att skildra vansinnet p\u00e5 ett enkelt s\u00e4tt, h\u00e4r och var med glimtar av humor som lyser fram genom det m\u00f6rka. Genom att g\u00f6ra j\u00e4mf\u00f6relser med vardagliga situationer g\u00f6r hon det sv\u00e5rf\u00f6rst\u00e5dda begripligt.<\/p>\n<p>Maria g\u00f6r \u00e4ven flera utvikningar d\u00e4r hon l\u00e5ter l\u00e4saren ta del av resonemang fr\u00e5n stora t\u00e4nkare och filosofer. St\u00e4ndigt p\u00e5g\u00e5r en j\u00e4mf\u00f6relse mellan l\u00e4rda t\u00e4nkares resonemang och den verklighet som inte l\u00e4ngre \u00e4r som den varit tidigare.<\/p><\/blockquote>\n","protected":false},"excerpt":{"rendered":"<p>Vad h\u00e4nder i en persons liv n\u00e4r de drabbas av psykisk sjukdom? I boken Vansinne p\u00e5 marsch : en sj\u00e4lvbiografi om schizoaffektiv sjukdom av Maria &hellip; <\/p>\n","protected":false},"author":1,"featured_media":0,"comment_status":"open","ping_status":"open","sticky":false,"template":"","format":"standard","meta":{"footnotes":""},"categories":[424],"tags":[512],"_links":{"self":[{"href":"https:\/\/vackerunderbar.se\/index.php?rest_route=\/wp\/v2\/posts\/38726"}],"collection":[{"href":"https:\/\/vackerunderbar.se\/index.php?rest_route=\/wp\/v2\/posts"}],"about":[{"href":"https:\/\/vackerunderbar.se\/index.php?rest_route=\/wp\/v2\/types\/post"}],"author":[{"embeddable":true,"href":"https:\/\/vackerunderbar.se\/index.php?rest_route=\/wp\/v2\/users\/1"}],"replies":[{"embeddable":true,"href":"https:\/\/vackerunderbar.se\/index.php?rest_route=%2Fwp%2Fv2%2Fcomments&post=38726"}],"version-history":[{"count":1,"href":"https:\/\/vackerunderbar.se\/index.php?rest_route=\/wp\/v2\/posts\/38726\/revisions"}],"predecessor-version":[{"id":38727,"href":"https:\/\/vackerunderbar.se\/index.php?rest_route=\/wp\/v2\/posts\/38726\/revisions\/38727"}],"wp:attachment":[{"href":"https:\/\/vackerunderbar.se\/index.php?rest_route=%2Fwp%2Fv2%2Fmedia&parent=38726"}],"wp:term":[{"taxonomy":"category","embeddable":true,"href":"https:\/\/vackerunderbar.se\/index.php?rest_route=%2Fwp%2Fv2%2Fcategories&post=38726"},{"taxonomy":"post_tag","embeddable":true,"href":"https:\/\/vackerunderbar.se\/index.php?rest_route=%2Fwp%2Fv2%2Ftags&post=38726"}],"curies":[{"name":"wp","href":"https:\/\/api.w.org\/{rel}","templated":true}]}}