{"id":38607,"date":"2013-11-17T11:40:00","date_gmt":"2013-11-17T10:40:00","guid":{"rendered":"http:\/\/www.vackerunderbar.se\/?p=38607"},"modified":"2014-06-03T19:07:31","modified_gmt":"2014-06-03T17:07:31","slug":"jag-blir-standigt-utesluten","status":"publish","type":"post","link":"https:\/\/vackerunderbar.se\/?p=38607","title":{"rendered":"Jag blir st\u00e4ndigt utesluten"},"content":{"rendered":"<p>F\u00f6r n\u00e5gon vecka sedan blev jag utesluten ur en grupp jag var med i. Detta pm fick jag:<\/p>\n<blockquote><p>Hej Karin!<\/p>\n<p>Flera personer i gruppen har den senaste tiden kontaktat Miss X d\u00e5 man k\u00e4nt att det r\u00e5der en d\u00e5lig st\u00e4mning i gruppen.<\/p>\n<p>M\u00e5nga funderar p\u00e5 att l\u00e4mna gruppen pga detta d\u00e5 man k\u00e4nner sig obekv\u00e4m och att det \u00e4r l\u00e5gt i tak.<\/p>\n<p>Samtliga h\u00e4nvisar till att du upplevs som kall\/h\u00e5rd och vass i dina kommentarer och att detta skapar en oerh\u00f6rt tryckt och d\u00e5lig st\u00e4mning.<\/p>\n<p>Vi har d\u00e4rf\u00f6r gemensamt tagit beslutet att du m\u00e5ste l\u00e4mna gruppen d\u00e5 det viktigaste h\u00e4r \u00e4r att man k\u00e4nner sig trygg och kan prata fritt.<br \/>\nVi beklagar att det blir s\u00e5 h\u00e4r men k\u00e4nner att vi inte har n\u00e5got annat val.<\/p>\n<p>Miss Y<\/p><\/blockquote>\n<p>F\u00f6r mig \u00e4r det h\u00e4r inget ovanligt. Jag h\u00f6r aldrig ihop med andra. Blir alltid utesluten, missuppfattad och misstrodd. Det som g\u00f6r ont i det h\u00e4r fallet var att jag trodde de skulle vara lite mer f\u00f6rst\u00e5ende f\u00f6r en missanpassad person &#8211; eftersom de sj\u00e4lva alla var det. Som vanligt uppfattade jag ingenting av allt det h\u00e4r.<\/p>\n<p>Kall och h\u00e5rd, allt \u00e4r en j\u00e4mf\u00f6relsefr\u00e5ga antar jag. Jag \u00e4r rationell och lindar inte in det jag s\u00e4ger. D\u00e4remot kan jag \u00e4rligt inte komma p\u00e5 att jag n\u00e5gonsin sagt n\u00e5got kallt och h\u00e5rt i den gruppen &#8211; eller n\u00e5got som kan uppfattas som elakt. Det \u00e4r mitt st\u00f6rsta problem med alla relationer jag har &#8211; ingen talar n\u00e5gonsin om hur och vart jag g\u00f6r fel. Inga exempel p\u00e5 n\u00e4r jag sagt n\u00e5got dumt. Oerh\u00f6rt fegt att dessutom sl\u00e4nga ut mig utan en chans att f\u00f6rklara eller be om urs\u00e4kt.<\/p>\n<p>Jag \u00e4r inte elak. Men jag tolererar inte vad som helst. Att som en sk v\u00e4n skylla p\u00e5 tidsbrist ist\u00e4llet f\u00f6r att h\u00f6ra av sig med sms \u00e4r bara oerh\u00f6rt svagt, hade det varit en annan av hennes v\u00e4nner som varit sjukskriven tv\u00e5 m\u00e5nader hade hon skickat 10 sms om dagen och varit f\u00f6rbi varje dag efter jobbet. Att sedan skylla p\u00e5 mig, att jag varit negativ, \u00e4r bara l\u00e5gt. Framf\u00f6rallt d\u00e5 hon enbart fokuserade p\u00e5 allt el\u00e4nde i sitt liv och jag f\u00f6rs\u00f6kte peppa. Jag \u00e4r arg och besviken p\u00e5 att st\u00e4ndigt och j\u00e4mt bli sviken av de jag tror vara mina v\u00e4nner. De jag anf\u00f6rtror mig \u00e5t och litar p\u00e5.<\/p>\n<p>Tveksamt om jag n\u00e5gonsin skaffar en ny v\u00e4n. Jag tror hellre jag borstar t\u00e4nderna med bajs \u00e4n uts\u00e4tter mig f\u00f6r risken att bli sviken lika grovt igen.<\/p>\n<p>Ni som umg\u00e5s med folk som \u00e4r ganska jagstarka, var r\u00e4dd om dem. Kanske v\u00e5gar du inte ge dem kritik av r\u00e4dsla f\u00f6r att de ska bli arga eller ledsna. Men guess what &#8211; ilskan \u00e4r i mitt fall mitt enda skydd! Efter \u00e5r av mobbing och uteslutning (i arbetslivet liksom privat) kan man n\u00e4stan inte reagera p\u00e5 annat s\u00e4tt. Men tro mig &#8211; vi lyssnar. Vi tar till oss av den feedback vi f\u00e5r och vi f\u00f6rs\u00f6ker l\u00e4ra oss bli &#8221;mjukare&#8221; m\u00e4nniskor. Men genom att st\u00e4ndigt svika och forts\u00e4tta utesluta skapar ni bara \u00e4nnu mer sm\u00e4rta och lidande.<\/p>\n<p>Du sk v\u00e4n. Jag trodde aldrig att du skulle svika mig. Jag \u00e4r glad att jag br\u00f6t med dig n\u00e4r jag ins\u00e5g hur lite du brydde dig om v\u00e5r v\u00e4nskap. Tack f\u00f6r den \u00f6gon\u00f6ppnaren. Hoppas du mognar s\u00e5 du slipper leva i ett fortsatt k\u00e4rleksl\u00f6st liv!<\/p>\n<p>Personligen har jag en positiv syn p\u00e5 livet, \u00f6nskar mig inget annat \u00e4n gl\u00e4dje och lycka. Alla motg\u00e5ngar g\u00f6r mig enbart starkare. Men \u00e4ven en jagstark person beh\u00f6ver v\u00e4nner.<\/p>\n","protected":false},"excerpt":{"rendered":"<p>F\u00f6r n\u00e5gon vecka sedan blev jag utesluten ur en grupp jag var med i. Detta pm fick jag: Hej Karin! Flera personer i gruppen har &hellip; <\/p>\n","protected":false},"author":1,"featured_media":0,"comment_status":"open","ping_status":"open","sticky":false,"template":"","format":"standard","meta":{"footnotes":""},"categories":[468],"tags":[514],"_links":{"self":[{"href":"https:\/\/vackerunderbar.se\/index.php?rest_route=\/wp\/v2\/posts\/38607"}],"collection":[{"href":"https:\/\/vackerunderbar.se\/index.php?rest_route=\/wp\/v2\/posts"}],"about":[{"href":"https:\/\/vackerunderbar.se\/index.php?rest_route=\/wp\/v2\/types\/post"}],"author":[{"embeddable":true,"href":"https:\/\/vackerunderbar.se\/index.php?rest_route=\/wp\/v2\/users\/1"}],"replies":[{"embeddable":true,"href":"https:\/\/vackerunderbar.se\/index.php?rest_route=%2Fwp%2Fv2%2Fcomments&post=38607"}],"version-history":[{"count":3,"href":"https:\/\/vackerunderbar.se\/index.php?rest_route=\/wp\/v2\/posts\/38607\/revisions"}],"predecessor-version":[{"id":38612,"href":"https:\/\/vackerunderbar.se\/index.php?rest_route=\/wp\/v2\/posts\/38607\/revisions\/38612"}],"wp:attachment":[{"href":"https:\/\/vackerunderbar.se\/index.php?rest_route=%2Fwp%2Fv2%2Fmedia&parent=38607"}],"wp:term":[{"taxonomy":"category","embeddable":true,"href":"https:\/\/vackerunderbar.se\/index.php?rest_route=%2Fwp%2Fv2%2Fcategories&post=38607"},{"taxonomy":"post_tag","embeddable":true,"href":"https:\/\/vackerunderbar.se\/index.php?rest_route=%2Fwp%2Fv2%2Ftags&post=38607"}],"curies":[{"name":"wp","href":"https:\/\/api.w.org\/{rel}","templated":true}]}}