{"id":37127,"date":"2013-09-09T22:00:00","date_gmt":"2013-09-09T20:00:00","guid":{"rendered":"http:\/\/www.vackerunderbar.se\/?p=37127"},"modified":"2014-06-03T18:52:28","modified_gmt":"2014-06-03T16:52:28","slug":"vecka-36-med-instagram-2","status":"publish","type":"post","link":"https:\/\/vackerunderbar.se\/?p=37127","title":{"rendered":"Vecka 36 med Instagram"},"content":{"rendered":"<p>Ojoj f\u00f6rra veckan allts\u00e5! B\u00f6rjade bra och slutade d\u00e5ligt! Hah vilket el\u00e4nde.<\/p>\n<p>Vi kollar!<\/p>\n<p><a href=\"http:\/\/www.vackerunderbar.se\/wp-content\/uploads\/2013\/09\/wpid-IMG_20130902_160610.jpg\"><img decoding=\"async\" class=\"alignnone size-full\" title=\"IMG_20130902_160610.jpg\" alt=\"image\" src=\"http:\/\/www.vackerunderbar.se\/wp-content\/uploads\/2013\/09\/wpid-IMG_20130902_160610.jpg\" width=\"340\" height=\"340\/\" \/><\/a><a href=\"http:\/\/www.vackerunderbar.se\/wp-content\/uploads\/2013\/09\/wpid-IMG_20130903_131455.jpg\"><img decoding=\"async\" class=\"alignnone size-full\" title=\"IMG_20130903_131455.jpg\" alt=\"image\" src=\"http:\/\/www.vackerunderbar.se\/wp-content\/uploads\/2013\/09\/wpid-IMG_20130903_131455.jpg\" width=\"340\" height=\"340\/\" \/><\/a><a href=\"http:\/\/www.vackerunderbar.se\/wp-content\/uploads\/2013\/09\/wpid-IMG_20130903_183930.jpg\"><img decoding=\"async\" class=\"alignnone size-full\" title=\"IMG_20130903_183930.jpg\" alt=\"image\" src=\"http:\/\/www.vackerunderbar.se\/wp-content\/uploads\/2013\/09\/wpid-IMG_20130903_183930.jpg\" width=\"340\" height=\"340\/\" \/><\/a><a href=\"http:\/\/www.vackerunderbar.se\/wp-content\/uploads\/2013\/09\/wpid-IMG_20130904_073503.jpg\"><img decoding=\"async\" class=\"alignnone size-full\" title=\"IMG_20130904_073503.jpg\" alt=\"image\" src=\"http:\/\/www.vackerunderbar.se\/wp-content\/uploads\/2013\/09\/wpid-IMG_20130904_073503.jpg\" width=\"340\" height=\"340\/\" \/><\/a><\/p>\n<p>1. M\u00e5ndag och segt och tradigt hemma. Tills Anders kom hem fr\u00e5n jobbet och katterna spratt av lycka.<br \/>\n2. Jag fick ett paket fr\u00e5n Kicks, med h\u00f6sten nya lack. \u00c4ven Kicks satsar p\u00e5 strukturlack, 12 olika nyanser kommer.<br \/>\n3. P\u00e5 tisdagen gav jag mig iv\u00e4g till SMHI, Weibes K\u00f6k ute i Klockaretorpet f\u00f6r fotografering av en vinprovning. Den var ju dock inte p\u00e5 tisdagen utan f\u00f6rst p\u00e5 onsdagen.<br \/>\n4. Onsdag morgon och jag v\u00e4ntar p\u00e5 bussen vid V\u00e4ster Tull.<\/p>\n<p>&nbsp;<\/p>\n<p><a href=\"http:\/\/www.vackerunderbar.se\/wp-content\/uploads\/2013\/09\/wpid-IMG_20130904_084859.jpg\"><img decoding=\"async\" class=\"alignnone size-full\" title=\"IMG_20130904_084859.jpg\" alt=\"image\" src=\"http:\/\/www.vackerunderbar.se\/wp-content\/uploads\/2013\/09\/wpid-IMG_20130904_084859.jpg\" width=\"340\" height=\"340\/\" \/><\/a><a href=\"http:\/\/www.vackerunderbar.se\/wp-content\/uploads\/2013\/09\/wpid-IMG_20130904_191159.jpg\"><img decoding=\"async\" class=\"alignnone size-full\" title=\"IMG_20130904_191159.jpg\" alt=\"image\" src=\"http:\/\/www.vackerunderbar.se\/wp-content\/uploads\/2013\/09\/wpid-IMG_20130904_191159.jpg\" width=\"340\" height=\"340\/\" \/><\/a><a href=\"http:\/\/www.vackerunderbar.se\/wp-content\/uploads\/2013\/09\/wpid-IMG_20130905_090932.jpg\"><img decoding=\"async\" class=\"alignnone size-full\" title=\"IMG_20130905_090932.jpg\" alt=\"image\" src=\"http:\/\/www.vackerunderbar.se\/wp-content\/uploads\/2013\/09\/wpid-IMG_20130905_090932.jpg\" width=\"340\" height=\"340\/\" \/><\/a><a href=\"http:\/\/www.vackerunderbar.se\/wp-content\/uploads\/2013\/09\/wpid-IMG_20130905_120439.jpg\"><img decoding=\"async\" class=\"alignnone size-full\" title=\"IMG_20130905_120439.jpg\" alt=\"image\" src=\"http:\/\/www.vackerunderbar.se\/wp-content\/uploads\/2013\/09\/wpid-IMG_20130905_120439.jpg\" width=\"340\" height=\"340\/\" \/><\/a><\/p>\n<p>1. Jag fick bullar och gel\u00e9 fr\u00e5n en kund i Linghem! Fint!<br \/>\n2. Som sagt, fotografering. Blev en l\u00e5ng och seg kv\u00e4ll d\u00e4r p\u00e5 Weibes&#8230;<br \/>\n3. Torsdag morgon och sk\u00f6n sol. Dock ingen mascara =)<br \/>\n4. Hemma p\u00e5 lunch och mys med Uchi. Hur f\u00e5r man en katt att titta in i kameran?<\/p>\n<p>&nbsp;<\/p>\n<p><a href=\"http:\/\/www.vackerunderbar.se\/wp-content\/uploads\/2013\/09\/wpid-IMG_20130905_181736.jpg\"><img decoding=\"async\" class=\"alignnone size-full\" title=\"IMG_20130905_181736.jpg\" alt=\"image\" src=\"http:\/\/www.vackerunderbar.se\/wp-content\/uploads\/2013\/09\/wpid-IMG_20130905_181736.jpg\" width=\"340\" height=\"340\/\" \/><\/a><a href=\"http:\/\/www.vackerunderbar.se\/wp-content\/uploads\/2013\/09\/wpid-IMG_20130906_163748.jpg\"><img decoding=\"async\" class=\"alignnone size-full\" title=\"IMG_20130906_163748.jpg\" alt=\"image\" src=\"http:\/\/www.vackerunderbar.se\/wp-content\/uploads\/2013\/09\/wpid-IMG_20130906_163748.jpg\" width=\"340\" height=\"340\/\" \/><\/a><a href=\"http:\/\/www.vackerunderbar.se\/wp-content\/uploads\/2013\/09\/wpid-IMG_20130907_074455.jpg\"><img decoding=\"async\" class=\"alignnone size-full\" title=\"IMG_20130907_074455.jpg\" alt=\"image\" src=\"http:\/\/www.vackerunderbar.se\/wp-content\/uploads\/2013\/09\/wpid-IMG_20130907_074455.jpg\" width=\"340\" height=\"340\/\" \/><\/a><a href=\"http:\/\/www.vackerunderbar.se\/wp-content\/uploads\/2013\/09\/wpid-IMG_20130907_133122.jpg\"><img decoding=\"async\" class=\"alignnone size-full\" title=\"IMG_20130907_133122.jpg\" alt=\"image\" src=\"http:\/\/www.vackerunderbar.se\/wp-content\/uploads\/2013\/09\/wpid-IMG_20130907_133122.jpg\" width=\"340\" height=\"340\/\" \/><\/a><\/p>\n<p>1. Arbetsdagen slut och jag lapar sol i en stol. S\u00e5 otroligt sk\u00f6nt!<br \/>\n2. P\u00e5 fredagen var vi och \u00e5t pizza. Mysigt med fredagsgott med gubben =)<br \/>\n3. Tidig l\u00f6rdag morgon och v\u00e4ldigt dimmigt. Den h\u00e4r bilden hade normalt visat r\u00e5dhustornet, det var lite tjockt. Dessutom hade vi tur som fan med parkeringsvakterna, de stod bakom oss p\u00e5 gatan och h\u00e5ll koll p\u00e5 klockan. Man f\u00e5r inte st\u00e5 utanf\u00f6r mitt hus egentligen mer \u00e4n lassa och lossa.<br \/>\n4. F\u00f6rsta anhalten var hos min sv\u00e4gerska Sara som fyllde 40. Hurra f\u00f6r dig!<\/p>\n<p>&nbsp;<\/p>\n<p><a href=\"http:\/\/www.vackerunderbar.se\/wp-content\/uploads\/2013\/09\/wpid-IMG_20130907_203525.jpg\"><img decoding=\"async\" class=\"alignnone size-full\" title=\"IMG_20130907_203525.jpg\" alt=\"image\" src=\"http:\/\/www.vackerunderbar.se\/wp-content\/uploads\/2013\/09\/wpid-IMG_20130907_203525.jpg\" width=\"340\" height=\"340\/\" \/><\/a><a href=\"http:\/\/www.vackerunderbar.se\/wp-content\/uploads\/2013\/09\/wpid-IMG_20130908_130209.jpg\"><img decoding=\"async\" class=\"alignnone size-full\" title=\"IMG_20130908_130209.jpg\" alt=\"image\" src=\"http:\/\/www.vackerunderbar.se\/wp-content\/uploads\/2013\/09\/wpid-IMG_20130908_130209.jpg\" width=\"340\" height=\"340\/\" \/><\/a><a href=\"http:\/\/www.vackerunderbar.se\/wp-content\/uploads\/2013\/09\/wpid-IMG_20130908_130316.jpg\"><img decoding=\"async\" class=\"alignnone size-full\" title=\"IMG_20130908_130316.jpg\" alt=\"image\" src=\"http:\/\/www.vackerunderbar.se\/wp-content\/uploads\/2013\/09\/wpid-IMG_20130908_130316.jpg\" width=\"340\" height=\"340\/\" \/><\/a><a href=\"http:\/\/www.vackerunderbar.se\/wp-content\/uploads\/2013\/09\/wpid-IMG_20130908_130914.jpg\"><img decoding=\"async\" class=\"alignnone size-full\" title=\"IMG_20130908_130914.jpg\" alt=\"image\" src=\"http:\/\/www.vackerunderbar.se\/wp-content\/uploads\/2013\/09\/wpid-IMG_20130908_130914.jpg\" width=\"340\" height=\"340\/\" \/><\/a><\/p>\n<p>1. N\u00e4r vi sedan \u00e5kte vidare mot H\u00f6gan\u00e4s och Nyhamnsl\u00e4ge kom vi lagom till solnedg\u00e5ngen. H\u00e4r \u00e4r den naturligtvis lite v\u00e4l f\u00f6rst\u00e4rkt, men det var otroligt vackert. Kommer Canon-bilder p\u00e5 denna senare.<br \/>\n2. Vi bes\u00f6kte Magasin 36 och saluhallen. Otroligt fint!<br \/>\n3. Kolla bara!<br \/>\n4. Lokalproducerade gr\u00f6nsaker osv. S\u00e5 himla fr\u00e4scht och fint! V\u00e4rt ett bes\u00f6k \u00e4ven om det var dyrt.<\/p>\n<p>&nbsp;<\/p>\n<p><a href=\"http:\/\/www.vackerunderbar.se\/wp-content\/uploads\/2013\/09\/wpid-IMG_20130908_181645.jpg\"><img decoding=\"async\" class=\"alignnone size-full\" title=\"IMG_20130908_181645.jpg\" alt=\"image\" src=\"http:\/\/www.vackerunderbar.se\/wp-content\/uploads\/2013\/09\/wpid-IMG_20130908_181645.jpg\" width=\"340\" height=\"340\/\" \/><\/a><a href=\"http:\/\/www.vackerunderbar.se\/wp-content\/uploads\/2013\/09\/wpid-IMG_20130908_221042.jpg\"><img decoding=\"async\" class=\"alignnone size-full\" title=\"IMG_20130908_221042.jpg\" alt=\"image\" src=\"http:\/\/www.vackerunderbar.se\/wp-content\/uploads\/2013\/09\/wpid-IMG_20130908_221042.jpg\" width=\"340\" height=\"340\/\" \/><\/a><a href=\"http:\/\/www.vackerunderbar.se\/wp-content\/uploads\/2013\/09\/wpid-IMG_20130908_231722.jpg\"><img decoding=\"async\" class=\"alignnone size-full\" title=\"IMG_20130908_231722.jpg\" alt=\"image\" src=\"http:\/\/www.vackerunderbar.se\/wp-content\/uploads\/2013\/09\/wpid-IMG_20130908_231722.jpg\" width=\"340\" height=\"340\/\" \/><\/a><a href=\"http:\/\/www.vackerunderbar.se\/wp-content\/uploads\/2013\/09\/wpid-IMG_20130908_231858.jpg\"><img decoding=\"async\" class=\"alignnone size-full\" title=\"IMG_20130908_231858.jpg\" alt=\"image\" src=\"http:\/\/www.vackerunderbar.se\/wp-content\/uploads\/2013\/09\/wpid-IMG_20130908_231858.jpg\" width=\"340\" height=\"340\/\" \/><\/a><\/p>\n<p>1. Och s\u00e5 hamnade jag p\u00e5 akuten. Det var ju inte s\u00e5 roligt f\u00f6rst\u00e5s. Var otroligt ot\u00e4ckt att vakna efter att ha blivit s\u00f6vd, det gick s\u00e5 otroligt fort att slockna. Undrar hur l\u00e4nge jag var s\u00f6vd och vad de gjorde, f\u00f6rutom drog upp mig och kn\u00e4t r\u00e4tt?<br \/>\n2. Det enda som verkligen gick s\u00f6nder, ett \u00e4gg i min v\u00e4ska! Haha! Skitroligt.<br \/>\n3. Nimis! Ni k\u00e4nner v\u00e4l till Lars Vilks obstinata konstverk d\u00e4r vid Kullaberg? Mycket fascinerande och vackert.<br \/>\n4. Och Arx. Den h\u00e4r bilden var den sista jag tog innan jag ramlade, ni ser ju hur stenarna ser ut och hur l\u00e4tt det \u00e4r att ramla. Men v\u00e4l v\u00e4rt ett bes\u00f6k!<\/p>\n<p>Ja, vad gillar ni min vecka? =)<\/p>\n","protected":false},"excerpt":{"rendered":"<p>Ojoj f\u00f6rra veckan allts\u00e5! B\u00f6rjade bra och slutade d\u00e5ligt! Hah vilket el\u00e4nde. Vi kollar! 1. M\u00e5ndag och segt och tradigt hemma. Tills Anders kom hem &hellip; <\/p>\n","protected":false},"author":1,"featured_media":0,"comment_status":"open","ping_status":"open","sticky":false,"template":"","format":"standard","meta":{"footnotes":""},"categories":[56],"tags":[511,436],"_links":{"self":[{"href":"https:\/\/vackerunderbar.se\/index.php?rest_route=\/wp\/v2\/posts\/37127"}],"collection":[{"href":"https:\/\/vackerunderbar.se\/index.php?rest_route=\/wp\/v2\/posts"}],"about":[{"href":"https:\/\/vackerunderbar.se\/index.php?rest_route=\/wp\/v2\/types\/post"}],"author":[{"embeddable":true,"href":"https:\/\/vackerunderbar.se\/index.php?rest_route=\/wp\/v2\/users\/1"}],"replies":[{"embeddable":true,"href":"https:\/\/vackerunderbar.se\/index.php?rest_route=%2Fwp%2Fv2%2Fcomments&post=37127"}],"version-history":[{"count":4,"href":"https:\/\/vackerunderbar.se\/index.php?rest_route=\/wp\/v2\/posts\/37127\/revisions"}],"predecessor-version":[{"id":37132,"href":"https:\/\/vackerunderbar.se\/index.php?rest_route=\/wp\/v2\/posts\/37127\/revisions\/37132"}],"wp:attachment":[{"href":"https:\/\/vackerunderbar.se\/index.php?rest_route=%2Fwp%2Fv2%2Fmedia&parent=37127"}],"wp:term":[{"taxonomy":"category","embeddable":true,"href":"https:\/\/vackerunderbar.se\/index.php?rest_route=%2Fwp%2Fv2%2Fcategories&post=37127"},{"taxonomy":"post_tag","embeddable":true,"href":"https:\/\/vackerunderbar.se\/index.php?rest_route=%2Fwp%2Fv2%2Ftags&post=37127"}],"curies":[{"name":"wp","href":"https:\/\/api.w.org\/{rel}","templated":true}]}}