{"id":37070,"date":"2013-09-08T19:32:49","date_gmt":"2013-09-08T17:32:49","guid":{"rendered":"http:\/\/www.vackerunderbar.se\/?p=37070"},"modified":"2014-06-03T19:07:31","modified_gmt":"2014-06-03T17:07:31","slug":"olycksfagel","status":"publish","type":"post","link":"https:\/\/vackerunderbar.se\/?p=37070","title":{"rendered":"Olycksf\u00e5gel"},"content":{"rendered":"<p>Idag bes\u00f6kte jag och min kusin Colinette Nimis vid Kullaberg. Fantastisk plats, vilket jobb! Tog massor med bilder som ni kommer f\u00e5 se fram\u00f6ver. <\/p>\n<p>Men ja, jag \u00e4r tydligen en olycksf\u00e5gel. Jag klev p\u00e5 en instabil sten och vred kn\u00e4t ur led, n\u00e4r jag sedan blev liggande var kn\u00e4t fortfarande ur led s\u00e5 det svullnade rej\u00e4lt. Nimis ligger ju v\u00e4ldigt otillg\u00e4ngligt s\u00e5 det blev full utryckning med brandm\u00e4n, r\u00e4ddningsb\u00e5t och ambulanser. De fick s\u00f6va mig f\u00f6r att kunna dra upp mig och f\u00e5 kn\u00e4t i led igen innan de kunde f\u00e5 upp mig i b\u00e5ten och till ambulansen i Arild. <\/p>\n<p>Nu v\u00e4ntar jag p\u00e5 ortopedl\u00e4karen och r\u00f6ntgen. M\u00e5r bra iaf trots sm\u00e4llen i huvudet. <\/p>\n<p><a href=\"http:\/\/www.vackerunderbar.se\/wp-content\/uploads\/2013\/09\/wpid-IMG_20130908_184220.jpg\"><img decoding=\"async\" title=\"IMG_20130908_184220.jpg\" class=\"alignnone size-full\" alt=\"image\" src=\"http:\/\/www.vackerunderbar.se\/wp-content\/uploads\/2013\/09\/wpid-IMG_20130908_184220.jpg\" width = 340 height = 340\/><\/a><a href=\"http:\/\/www.vackerunderbar.se\/wp-content\/uploads\/2013\/09\/wpid-IMG_20130908_161752.jpg\"><img decoding=\"async\" title=\"IMG_20130908_161752.jpg\" class=\"alignnone size-full\" alt=\"image\" src=\"http:\/\/www.vackerunderbar.se\/wp-content\/uploads\/2013\/09\/wpid-IMG_20130908_161752.jpg\" width = 340 height = 340\/><\/a><a href=\"http:\/\/www.vackerunderbar.se\/wp-content\/uploads\/2013\/09\/wpid-IMG_20130908_182714.jpg\"><img decoding=\"async\" title=\"IMG_20130908_182714.jpg\" class=\"alignnone size-full\" alt=\"image\" src=\"http:\/\/www.vackerunderbar.se\/wp-content\/uploads\/2013\/09\/wpid-IMG_20130908_182714.jpg\" width = 340 height = 340\/><\/a><a href=\"http:\/\/www.vackerunderbar.se\/wp-content\/uploads\/2013\/09\/wpid-IMG_20130908_184000.jpg\"><img decoding=\"async\" title=\"IMG_20130908_184000.jpg\" class=\"alignnone size-full\" alt=\"image\" src=\"http:\/\/www.vackerunderbar.se\/wp-content\/uploads\/2013\/09\/wpid-IMG_20130908_184000.jpg\" width = 340 height = 340\/><\/a><\/p>\n","protected":false},"excerpt":{"rendered":"<p>Idag bes\u00f6kte jag och min kusin Colinette Nimis vid Kullaberg. Fantastisk plats, vilket jobb! Tog massor med bilder som ni kommer f\u00e5 se fram\u00f6ver. Men &hellip; <\/p>\n","protected":false},"author":1,"featured_media":0,"comment_status":"open","ping_status":"open","sticky":false,"template":"","format":"standard","meta":{"footnotes":""},"categories":[468],"tags":[514],"_links":{"self":[{"href":"https:\/\/vackerunderbar.se\/index.php?rest_route=\/wp\/v2\/posts\/37070"}],"collection":[{"href":"https:\/\/vackerunderbar.se\/index.php?rest_route=\/wp\/v2\/posts"}],"about":[{"href":"https:\/\/vackerunderbar.se\/index.php?rest_route=\/wp\/v2\/types\/post"}],"author":[{"embeddable":true,"href":"https:\/\/vackerunderbar.se\/index.php?rest_route=\/wp\/v2\/users\/1"}],"replies":[{"embeddable":true,"href":"https:\/\/vackerunderbar.se\/index.php?rest_route=%2Fwp%2Fv2%2Fcomments&post=37070"}],"version-history":[{"count":2,"href":"https:\/\/vackerunderbar.se\/index.php?rest_route=\/wp\/v2\/posts\/37070\/revisions"}],"predecessor-version":[{"id":37072,"href":"https:\/\/vackerunderbar.se\/index.php?rest_route=\/wp\/v2\/posts\/37070\/revisions\/37072"}],"wp:attachment":[{"href":"https:\/\/vackerunderbar.se\/index.php?rest_route=%2Fwp%2Fv2%2Fmedia&parent=37070"}],"wp:term":[{"taxonomy":"category","embeddable":true,"href":"https:\/\/vackerunderbar.se\/index.php?rest_route=%2Fwp%2Fv2%2Fcategories&post=37070"},{"taxonomy":"post_tag","embeddable":true,"href":"https:\/\/vackerunderbar.se\/index.php?rest_route=%2Fwp%2Fv2%2Ftags&post=37070"}],"curies":[{"name":"wp","href":"https:\/\/api.w.org\/{rel}","templated":true}]}}