{"id":36688,"date":"2013-09-03T11:25:52","date_gmt":"2013-09-03T09:25:52","guid":{"rendered":"http:\/\/www.vackerunderbar.se\/?p=36688"},"modified":"2014-06-03T18:15:08","modified_gmt":"2014-06-03T16:15:08","slug":"butter-london-branwens-feather","status":"publish","type":"post","link":"https:\/\/vackerunderbar.se\/?p=36688","title":{"rendered":"Butter London &#8211; Branwen&#8217;s Feather"},"content":{"rendered":"<p><a href=\"http:\/\/www.vackerunderbar.se\/wp-content\/uploads\/2013\/09\/butterlondon-branwensfeather-1.jpg\"><img loading=\"lazy\" decoding=\"async\" alt=\"butterlondon-branwensfeather-1\" src=\"http:\/\/www.vackerunderbar.se\/wp-content\/uploads\/2013\/09\/butterlondon-branwensfeather-1-690x460.jpg\" width=\"690\" height=\"460\" \/><\/a><\/p>\n<p>Tisdag och jag har nog skrubbat bort ett kilo av d\u00f6d hud och gammalt h\u00e5r. S\u00e5 sk\u00f6nt att duscha och grooma lite efter n\u00e5gra dagars sjukstuga. Ikv\u00e4ll ska jag tillbaka till Weibes f\u00f6r att fota en vinprovning, hoppas det g\u00e5r bra! Ni f\u00e5r se bilder sen om ni vill =)<\/p>\n<table width=\"190\" align=\"left\" style=\"border:1 solid #fff; margin-right:20px;\">\n<tr>\n<td>Vad tycker du om detta lack? R\u00f6sta h\u00e4r![rate]<\/td>\n<\/tr>\n<\/table>\n<p>I helgen fr\u00e5gade jag Malin vilket lack jag skulle lacka om till, hon fick ta sig en titt i <a href=\"https:\/\/docs.google.com\/spreadsheet\/ccc?key=0AtUD1ay5Nq5fdEExbjYxLXdiRnY4dXM0dEdYb1lhcFE&amp;usp=sharing\" target=\"_blank\">min stashlist<\/a>\u00a0och fastnade f\u00f6r detta. Hon skrev tom &#8221;BL Branwen&#8217;s Feather!!!!!!!!!!!!!!!!!!!!!!!!!!!!&#8221;. B\u00e4st att lyda d\u00e5 kanske, <strong>Butter London Branwen&#8217;s Feather<\/strong> it is&#8230; ;-) Kanske lite m\u00f6rkt \u00e4n tycker jag, men jag hade detta p\u00e5 naglarna fram tills idag och trivdes hur bra som helst i det! I vanligt dagsljus \u00e4r det ganska ordin\u00e4rt, ni vet auberginelila. Men i solen syns skimret djupt d\u00e4r inne och det \u00e4r verkligen vackert.<\/p>\n<p>M\u00f6rkt auberginelila allts\u00e5, eller m\u00f6rkt r\u00f6tt n\u00e4stanlila. H\u00e4r \u00e4r det tv\u00e5 lager, mycket l\u00e4ttlackat och enkelt att f\u00e5 fina kanter. Jag har st\u00e4dat p\u00e5 en nagel d\u00e4r det rann lite men annars \u00e4r kanterna s\u00e5 h\u00e4r fina au naturel. N\u00e5got sv\u00e5rfotad dock, hoppas ni ser det fina skimret!<\/p>\n<p>Vad tycker du om detta? \u00c4r du ett fan av s\u00e5 h\u00e4r m\u00f6rka nyanser eller f\u00f6redrar du ljusare glitterbomber? R\u00f6sta g\u00e4rna ovan!<\/p>\n<p><a href=\"http:\/\/www.vackerunderbar.se\/wp-content\/uploads\/2013\/09\/butterlondon-branwensfeather-2.jpg\"><img loading=\"lazy\" decoding=\"async\" class=\"aligncenter size-large wp-image-36697\" alt=\"butterlondon-branwensfeather-2\" src=\"http:\/\/www.vackerunderbar.se\/wp-content\/uploads\/2013\/09\/butterlondon-branwensfeather-2-690x459.jpg\" width=\"690\" height=\"459\" \/><\/a><a href=\"http:\/\/www.vackerunderbar.se\/wp-content\/uploads\/2013\/09\/butterlondon-branwensfeather-3.jpg\"><img loading=\"lazy\" decoding=\"async\" class=\"aligncenter size-large wp-image-36698\" alt=\"butterlondon-branwensfeather-3\" src=\"http:\/\/www.vackerunderbar.se\/wp-content\/uploads\/2013\/09\/butterlondon-branwensfeather-3-690x459.jpg\" width=\"690\" height=\"459\" \/><\/a><a href=\"http:\/\/www.vackerunderbar.se\/wp-content\/uploads\/2013\/09\/butterlondon-branwensfeather-4.jpg\"><img loading=\"lazy\" decoding=\"async\" class=\"aligncenter size-large wp-image-36699\" alt=\"butterlondon-branwensfeather-4\" src=\"http:\/\/www.vackerunderbar.se\/wp-content\/uploads\/2013\/09\/butterlondon-branwensfeather-4-690x513.jpg\" width=\"690\" height=\"513\" \/><\/a><a href=\"http:\/\/www.vackerunderbar.se\/wp-content\/uploads\/2013\/09\/butterlondon-branwensfeather-5.jpg\"><img loading=\"lazy\" decoding=\"async\" class=\"aligncenter size-large wp-image-36700\" alt=\"butterlondon-branwensfeather-5\" src=\"http:\/\/www.vackerunderbar.se\/wp-content\/uploads\/2013\/09\/butterlondon-branwensfeather-5-690x460.jpg\" width=\"690\" height=\"460\" \/><\/a><a href=\"http:\/\/www.vackerunderbar.se\/wp-content\/uploads\/2013\/09\/butterlondon-branwensfeather-6.jpg\"><img loading=\"lazy\" decoding=\"async\" class=\"aligncenter size-large wp-image-36701\" alt=\"butterlondon-branwensfeather-6\" src=\"http:\/\/www.vackerunderbar.se\/wp-content\/uploads\/2013\/09\/butterlondon-branwensfeather-6-690x459.jpg\" width=\"690\" height=\"459\" \/><\/a><\/p>\n<p>&nbsp;<\/p>\n","protected":false},"excerpt":{"rendered":"<p>Tisdag och jag har nog skrubbat bort ett kilo av d\u00f6d hud och gammalt h\u00e5r. S\u00e5 sk\u00f6nt att duscha och grooma lite efter n\u00e5gra dagars &hellip; <\/p>\n","protected":false},"author":1,"featured_media":0,"comment_status":"open","ping_status":"open","sticky":false,"template":"","format":"standard","meta":{"footnotes":""},"categories":[43],"tags":[506,459],"_links":{"self":[{"href":"https:\/\/vackerunderbar.se\/index.php?rest_route=\/wp\/v2\/posts\/36688"}],"collection":[{"href":"https:\/\/vackerunderbar.se\/index.php?rest_route=\/wp\/v2\/posts"}],"about":[{"href":"https:\/\/vackerunderbar.se\/index.php?rest_route=\/wp\/v2\/types\/post"}],"author":[{"embeddable":true,"href":"https:\/\/vackerunderbar.se\/index.php?rest_route=\/wp\/v2\/users\/1"}],"replies":[{"embeddable":true,"href":"https:\/\/vackerunderbar.se\/index.php?rest_route=%2Fwp%2Fv2%2Fcomments&post=36688"}],"version-history":[{"count":1,"href":"https:\/\/vackerunderbar.se\/index.php?rest_route=\/wp\/v2\/posts\/36688\/revisions"}],"predecessor-version":[{"id":36702,"href":"https:\/\/vackerunderbar.se\/index.php?rest_route=\/wp\/v2\/posts\/36688\/revisions\/36702"}],"wp:attachment":[{"href":"https:\/\/vackerunderbar.se\/index.php?rest_route=%2Fwp%2Fv2%2Fmedia&parent=36688"}],"wp:term":[{"taxonomy":"category","embeddable":true,"href":"https:\/\/vackerunderbar.se\/index.php?rest_route=%2Fwp%2Fv2%2Fcategories&post=36688"},{"taxonomy":"post_tag","embeddable":true,"href":"https:\/\/vackerunderbar.se\/index.php?rest_route=%2Fwp%2Fv2%2Ftags&post=36688"}],"curies":[{"name":"wp","href":"https:\/\/api.w.org\/{rel}","templated":true}]}}