{"id":32735,"date":"2013-06-20T09:55:21","date_gmt":"2013-06-20T07:55:21","guid":{"rendered":"http:\/\/www.vackerunderbar.se\/?p=32735"},"modified":"2014-06-03T18:19:21","modified_gmt":"2014-06-03T16:19:21","slug":"depend-362","status":"publish","type":"post","link":"https:\/\/vackerunderbar.se\/?p=32735","title":{"rendered":"Depend &#8211; 362"},"content":{"rendered":"<p><a href=\"http:\/\/www.vackerunderbar.se\/wp-content\/uploads\/2013\/06\/depend-362-2.jpg\"><img loading=\"lazy\" decoding=\"async\" alt=\"depend-362-2\" src=\"http:\/\/www.vackerunderbar.se\/wp-content\/uploads\/2013\/06\/depend-362-2-690x459.jpg\" width=\"690\" height=\"459\" \/><\/a><\/p>\n<p>H\u00e4r kommer ett solgult lack fr\u00e5n Depends sommarkollektion &#8211; tror jag!<\/p>\n<p>Nummer <strong>362<\/strong>, ett ganska neutralt gult lack. Med neutralt menar jag att det inte har extra skimmer eller andra effekter, det \u00e4r bara helt plaint gult. Nyansen \u00e4r v\u00e4ldigt fin, jag gillar att den liksom p\u00e5minner om sm\u00f6r. Jag vet inte hur bra det syns p\u00e5 bilderna, men tyv\u00e4rr vallade sig lacket n\u00e4r jag lade p\u00e5 topplack. Orkade inte bry mig om det och bar faktiskt denna manikyr i flera dagar!<\/p>\n<p>Ett v\u00e4ldigt fint och somrigt lack! Like, eller vad tycker du? =)<\/p>\n<p><a href=\"http:\/\/www.vackerunderbar.se\/wp-content\/uploads\/2013\/06\/depend-362-1.jpg\"><img loading=\"lazy\" decoding=\"async\" class=\"alignnone size-large wp-image-32736\" alt=\"depend-362-1\" src=\"http:\/\/www.vackerunderbar.se\/wp-content\/uploads\/2013\/06\/depend-362-1-690x459.jpg\" width=\"690\" height=\"459\" \/><\/a><a href=\"http:\/\/www.vackerunderbar.se\/wp-content\/uploads\/2013\/06\/depend-362-3.jpg\"><img loading=\"lazy\" decoding=\"async\" class=\"alignnone size-large wp-image-32738\" alt=\"depend-362-3\" src=\"http:\/\/www.vackerunderbar.se\/wp-content\/uploads\/2013\/06\/depend-362-3-690x514.jpg\" width=\"690\" height=\"514\" \/><\/a><a href=\"http:\/\/www.vackerunderbar.se\/wp-content\/uploads\/2013\/06\/depend-362-4.jpg\"><img loading=\"lazy\" decoding=\"async\" class=\"alignnone size-large wp-image-32739\" alt=\"depend-362-4\" src=\"http:\/\/www.vackerunderbar.se\/wp-content\/uploads\/2013\/06\/depend-362-4-690x459.jpg\" width=\"690\" height=\"459\" \/><\/a><\/p>\n","protected":false},"excerpt":{"rendered":"<p>H\u00e4r kommer ett solgult lack fr\u00e5n Depends sommarkollektion &#8211; tror jag! Nummer 362, ett ganska neutralt gult lack. Med neutralt menar jag att det inte &hellip; <\/p>\n","protected":false},"author":1,"featured_media":0,"comment_status":"open","ping_status":"open","sticky":false,"template":"","format":"standard","meta":{"footnotes":""},"categories":[43],"tags":[506,456],"_links":{"self":[{"href":"https:\/\/vackerunderbar.se\/index.php?rest_route=\/wp\/v2\/posts\/32735"}],"collection":[{"href":"https:\/\/vackerunderbar.se\/index.php?rest_route=\/wp\/v2\/posts"}],"about":[{"href":"https:\/\/vackerunderbar.se\/index.php?rest_route=\/wp\/v2\/types\/post"}],"author":[{"embeddable":true,"href":"https:\/\/vackerunderbar.se\/index.php?rest_route=\/wp\/v2\/users\/1"}],"replies":[{"embeddable":true,"href":"https:\/\/vackerunderbar.se\/index.php?rest_route=%2Fwp%2Fv2%2Fcomments&post=32735"}],"version-history":[{"count":2,"href":"https:\/\/vackerunderbar.se\/index.php?rest_route=\/wp\/v2\/posts\/32735\/revisions"}],"predecessor-version":[{"id":38556,"href":"https:\/\/vackerunderbar.se\/index.php?rest_route=\/wp\/v2\/posts\/32735\/revisions\/38556"}],"wp:attachment":[{"href":"https:\/\/vackerunderbar.se\/index.php?rest_route=%2Fwp%2Fv2%2Fmedia&parent=32735"}],"wp:term":[{"taxonomy":"category","embeddable":true,"href":"https:\/\/vackerunderbar.se\/index.php?rest_route=%2Fwp%2Fv2%2Fcategories&post=32735"},{"taxonomy":"post_tag","embeddable":true,"href":"https:\/\/vackerunderbar.se\/index.php?rest_route=%2Fwp%2Fv2%2Ftags&post=32735"}],"curies":[{"name":"wp","href":"https:\/\/api.w.org\/{rel}","templated":true}]}}