{"id":32692,"date":"2013-06-17T22:00:00","date_gmt":"2013-06-17T20:00:00","guid":{"rendered":"http:\/\/www.vackerunderbar.se\/?p=32692"},"modified":"2014-06-03T18:54:06","modified_gmt":"2014-06-03T16:54:06","slug":"vecka-24-med-instagram-2","status":"publish","type":"post","link":"https:\/\/vackerunderbar.se\/?p=32692","title":{"rendered":"Vecka 24 med Instagram"},"content":{"rendered":"<p>Nu \u00e4r det sommar! F\u00f6rra veckan var det \u00f6msom str\u00e5lande sol och strilande regn. Eftersom jag sj\u00e4lv inte minns vad jag gjorde s\u00e5 tar vi en titt tycker jag! <\/p>\n<p><a href=\"http:\/\/www.vackerunderbar.se\/wp-content\/uploads\/2013\/06\/wpid-IMG_20130611_100211.jpg\"><img decoding=\"async\" title=\"IMG_20130611_100211.jpg\" class=\"alignnone size-full\" alt=\"image\" src=\"http:\/\/www.vackerunderbar.se\/wp-content\/uploads\/2013\/06\/wpid-IMG_20130611_100211.jpg\" width = 340 height = 340 \/><\/a><a href=\"http:\/\/www.vackerunderbar.se\/wp-content\/uploads\/2013\/06\/wpid-IMG_20130611_174548.jpg\"><img decoding=\"async\" title=\"IMG_20130611_174548.jpg\" class=\"alignnone size-full\" alt=\"image\" src=\"http:\/\/www.vackerunderbar.se\/wp-content\/uploads\/2013\/06\/wpid-IMG_20130611_174548.jpg\" width = 340 height = 340\/><\/a><a href=\"http:\/\/www.vackerunderbar.se\/wp-content\/uploads\/2013\/06\/wpid-IMG_20130611_175458.jpg\"><img decoding=\"async\" title=\"IMG_20130611_175458.jpg\" class=\"alignnone size-full\" alt=\"image\" src=\"http:\/\/www.vackerunderbar.se\/wp-content\/uploads\/2013\/06\/wpid-IMG_20130611_175458.jpg\" width = 340 height = 340 \/><\/a><a href=\"http:\/\/www.vackerunderbar.se\/wp-content\/uploads\/2013\/06\/wpid-IMG_20130611_210325.jpg\"><img decoding=\"async\" title=\"IMG_20130611_210325.jpg\" class=\"alignnone size-full\" alt=\"image\" src=\"http:\/\/www.vackerunderbar.se\/wp-content\/uploads\/2013\/06\/wpid-IMG_20130611_210325.jpg\" width = 340 height = 340\/><\/a><\/p>\n<p>1. Veckan b\u00f6rjade med att Uchi och jag sorterade papper och bloggade. M\u00e5ttligt intresserad kisse.<br \/>\n2. Jag \u00e5kte inlines i tisdags, s\u00e4kert minst 6 \u00e5r sedan om inte mer. Var inte s\u00e5 roligt tyv\u00e4rr, mest pga d\u00e5lig kondis.<br \/>\n3. Makrobild av mitt smutsiga h\u00e5r. Inga brutna toppar!<br \/>\n4. Efter motion beh\u00f6vs lite gott. Djungelvr\u00e5l var l\u00e4nge sedan! <\/p>\n<p>&nbsp;<br \/>\n<a href=\"http:\/\/www.vackerunderbar.se\/wp-content\/uploads\/2013\/06\/wpid-IMG_20130612_090310.jpg\"><img decoding=\"async\" title=\"IMG_20130612_090310.jpg\" class=\"alignnone size-full\" alt=\"image\" src=\"http:\/\/www.vackerunderbar.se\/wp-content\/uploads\/2013\/06\/wpid-IMG_20130612_090310.jpg\" width = 340 height = 340\/><\/a><a href=\"http:\/\/www.vackerunderbar.se\/wp-content\/uploads\/2013\/06\/wpid-IMG_20130612_175043.jpg\"><img decoding=\"async\" title=\"IMG_20130612_175043.jpg\" class=\"alignnone size-full\" alt=\"image\" src=\"http:\/\/www.vackerunderbar.se\/wp-content\/uploads\/2013\/06\/wpid-IMG_20130612_175043.jpg\" width = 340 height = 340\/><\/a><a href=\"http:\/\/www.vackerunderbar.se\/wp-content\/uploads\/2013\/06\/wpid-IMG_20130613_080929.jpg\"><img decoding=\"async\" title=\"IMG_20130613_080929.jpg\" class=\"alignnone size-full\" alt=\"image\" src=\"http:\/\/www.vackerunderbar.se\/wp-content\/uploads\/2013\/06\/wpid-IMG_20130613_080929.jpg\" width = 340 height = 340\/><\/a><a href=\"http:\/\/www.vackerunderbar.se\/wp-content\/uploads\/2013\/06\/wpid-IMG_20130613_141426.jpg\"><img decoding=\"async\" title=\"IMG_20130613_141426.jpg\" class=\"alignnone size-full\" alt=\"image\" src=\"http:\/\/www.vackerunderbar.se\/wp-content\/uploads\/2013\/06\/wpid-IMG_20130613_141426.jpg\" width = 340 height = 340 \/><\/a><\/p>\n<p>1. Onsdag och p\u00e5 plats i Link\u00f6ping. Ser bilden m\u00e4rklig ut?<br \/>\n2. P\u00e5 kv\u00e4llen \u00e5kte vi ut till S\u00f6rsj\u00f6n.<br \/>\n3. P\u00e5 torsdagen regnade det, lite bl\u00f6tt s\u00e5d\u00e4r men f\u00f6redrar det f\u00f6re +30 och sol.<br \/>\n4. En vacker regndroppig iris.<\/p>\n<p>&nbsp;<br \/>\n<a href=\"http:\/\/www.vackerunderbar.se\/wp-content\/uploads\/2013\/06\/wpid-IMG_20130613_193434.jpg\"><img decoding=\"async\" title=\"IMG_20130613_193434.jpg\" class=\"alignnone size-full\" alt=\"image\" src=\"http:\/\/www.vackerunderbar.se\/wp-content\/uploads\/2013\/06\/wpid-IMG_20130613_193434.jpg\" width = 340 height = 340\/><\/a><a href=\"http:\/\/www.vackerunderbar.se\/wp-content\/uploads\/2013\/06\/wpid-IMG_20130615_160008.jpg\"><img decoding=\"async\" title=\"IMG_20130615_160008.jpg\" class=\"alignnone size-full\" alt=\"image\" src=\"http:\/\/www.vackerunderbar.se\/wp-content\/uploads\/2013\/06\/wpid-IMG_20130615_160008.jpg\" width = 340 height = 340\/><\/a><a href=\"http:\/\/www.vackerunderbar.se\/wp-content\/uploads\/2013\/06\/wpid-IMG_20130615_194808.jpg\"><img decoding=\"async\" title=\"IMG_20130615_194808.jpg\" class=\"alignnone size-full\" alt=\"image\" src=\"http:\/\/www.vackerunderbar.se\/wp-content\/uploads\/2013\/06\/wpid-IMG_20130615_194808.jpg\" width = 340 height = 340 \/><\/a><a href=\"http:\/\/www.vackerunderbar.se\/wp-content\/uploads\/2013\/06\/wpid-IMG_20130616_132002.jpg\"><img decoding=\"async\" title=\"IMG_20130616_132002.jpg\" class=\"alignnone size-full\" alt=\"image\" src=\"http:\/\/www.vackerunderbar.se\/wp-content\/uploads\/2013\/06\/wpid-IMG_20130616_132002.jpg\" width = 340 height = 340\/><\/a><\/p>\n<p>1. Jag fick n\u00e5gra kilo str\u00f6mming av mamma. L\u00e4ttstekta sm\u00e4lte de i munnen, ljuvligt!<br \/>\n2. P\u00e5 l\u00f6rdagen var det dags f\u00f6r Alternativet, en festival som pekade p\u00e5 kvinnobristen p\u00e5 Br\u00e5vallafestivalen. H\u00e4r ber\u00e4ttar Genusfotografen Tomas Gustafsson om sitt v\u00e4rv.<br \/>\n3. Sedan var det pompom i parken. Med grillat och h\u00e4rligt s\u00e4llskap.<br \/>\n4. P\u00e5 s\u00f6ndagen lackade jag om t\u00e5r och fingrar &#8211; i rosa! Men de \u00e4r ju \u00e5tminstone i neon. <\/p>\n<p>Ja s\u00e5 kan en vecka ocks\u00e5 se ut!<\/p>\n","protected":false},"excerpt":{"rendered":"<p>Nu \u00e4r det sommar! F\u00f6rra veckan var det \u00f6msom str\u00e5lande sol och strilande regn. Eftersom jag sj\u00e4lv inte minns vad jag gjorde s\u00e5 tar vi &hellip; <\/p>\n","protected":false},"author":1,"featured_media":0,"comment_status":"open","ping_status":"open","sticky":false,"template":"","format":"standard","meta":{"footnotes":""},"categories":[56],"tags":[511,436],"_links":{"self":[{"href":"https:\/\/vackerunderbar.se\/index.php?rest_route=\/wp\/v2\/posts\/32692"}],"collection":[{"href":"https:\/\/vackerunderbar.se\/index.php?rest_route=\/wp\/v2\/posts"}],"about":[{"href":"https:\/\/vackerunderbar.se\/index.php?rest_route=\/wp\/v2\/types\/post"}],"author":[{"embeddable":true,"href":"https:\/\/vackerunderbar.se\/index.php?rest_route=\/wp\/v2\/users\/1"}],"replies":[{"embeddable":true,"href":"https:\/\/vackerunderbar.se\/index.php?rest_route=%2Fwp%2Fv2%2Fcomments&post=32692"}],"version-history":[{"count":2,"href":"https:\/\/vackerunderbar.se\/index.php?rest_route=\/wp\/v2\/posts\/32692\/revisions"}],"predecessor-version":[{"id":55547,"href":"https:\/\/vackerunderbar.se\/index.php?rest_route=\/wp\/v2\/posts\/32692\/revisions\/55547"}],"wp:attachment":[{"href":"https:\/\/vackerunderbar.se\/index.php?rest_route=%2Fwp%2Fv2%2Fmedia&parent=32692"}],"wp:term":[{"taxonomy":"category","embeddable":true,"href":"https:\/\/vackerunderbar.se\/index.php?rest_route=%2Fwp%2Fv2%2Fcategories&post=32692"},{"taxonomy":"post_tag","embeddable":true,"href":"https:\/\/vackerunderbar.se\/index.php?rest_route=%2Fwp%2Fv2%2Ftags&post=32692"}],"curies":[{"name":"wp","href":"https:\/\/api.w.org\/{rel}","templated":true}]}}