{"id":30372,"date":"2013-02-27T08:03:44","date_gmt":"2013-02-27T07:03:44","guid":{"rendered":"http:\/\/www.vackerunderbar.se\/?p=30372"},"modified":"2014-06-03T18:48:07","modified_gmt":"2014-06-03T16:48:07","slug":"gron-ondag-rescue-beauty-lounge-recycle","status":"publish","type":"post","link":"https:\/\/vackerunderbar.se\/?p=30372","title":{"rendered":"Gr\u00f6n ondag: Rescue Beauty Lounge &#8211; Recycle"},"content":{"rendered":"<h4><a href=\"http:\/\/www.vackerunderbar.se\/wp-content\/uploads\/2013\/02\/rescuebeautylounge-recycle-1.jpg\"><img loading=\"lazy\" decoding=\"async\" alt=\"rescuebeautylounge-recycle-1\" src=\"http:\/\/www.vackerunderbar.se\/wp-content\/uploads\/2013\/02\/rescuebeautylounge-recycle-1-690x459.jpg\" width=\"690\" height=\"459\" \/><\/a><\/h4>\n<h4>V\u00e4lkommen till denna Gr\u00f6na Onsdag, den sjunde i ordningen!<\/h4>\n<p>Det har ju varit lite tjafs kring dessa temadagar, urspunget kom i Lacka-Byt p\u00e5 Facebook d\u00e4r en tjej fr\u00e5gade om de som inte hade egna bloggar ocks\u00e5 kunde delta men via Instagram och Twitter. Jag som frekvent anv\u00e4nder dessa medier h\u00e4ngde ju p\u00e5 direkt, medan andra inte riktigt var lika sugna eller h\u00e4ngde med p\u00e5 vad det innebar. Ni har s\u00e4kert redan l\u00e4st om detta hos Mrs Data och LeLack. Diskussionen blev v\u00e4ldigt infekterad tillslut d\u00e4r b\u00e5da sidor blev ledsna och missf\u00f6rst\u00e5dda.<\/p>\n<p><strong>H\u00e4r med temadagen <span style=\"color: #339966;\">Gr\u00f6n Onsdag<\/span> g\u00e4ller i forts\u00e4ttningen f\u00f6ljande:<\/strong><\/p>\n<ul>\n<li>Kommentera i detta inl\u00e4gg om du vill bli l\u00e4nkad till ditt bidrag. Det g\u00e4ller oavsett om du har en egen blogg, l\u00e4gger ut en bild p\u00e5 Instagram eller skickar en bild via Twitter. Jag kommer inte leta reda p\u00e5 n\u00e5gra bidrag, s\u00e5 kommenterar du inte h\u00e4r kommer jag inte l\u00e4nka vidare.<\/li>\n<li>Du beh\u00f6ver inte tagga bilden p\u00e5 Instagram eller Twitter, men vill du g\u00f6ra det kan du anv\u00e4nda taggarna #Gr\u00f6nOnsdag, #Gr\u00f6nOnsdagNails och ni f\u00e5r ocks\u00e5 g\u00e4rna pinga mig p\u00e5 @akrogirl (har samma namn p\u00e5 Instagram och Twitter).<\/li>\n<\/ul>\n<p>Det var v\u00e4l inte s\u00e5 komplicerat? V\u00e4lkommen alla som vill vara med!!! :D<\/p>\n<p>Idag vill jag visa er en gammal klassiker &#8211; <strong>Rescue Beauty Lounge Recyle<\/strong>. Recycle \u00e4r ett av de f\u00f6rsta gr\u00f6na kr\u00e4mlacken som kom ut p\u00e5 marknaden. Du kan s\u00e4kert hitta dupes till denna om du googlar p\u00e5 &#8221;<em>rescue beauty lounge recycle dupes<\/em>&#8221;, sj\u00e4lv har jag ingen hemma att j\u00e4mf\u00f6ra med. Jo, m\u00f6jligen Orly Enchanted Forest! Den har jag visst inte swatchat, f\u00e5r ta den n\u00e4sta vecka. Under tiden kan ni bes\u00f6ka <a href=\"http:\/\/www.lackycorner.com\/2013\/02\/gron-onsdag-orly-enchanted-forest.html\" target=\"_blank\">Helena p\u00e5 Lacky Corner<\/a> och kolla hennes bilder p\u00e5 denna fr\u00e5n n\u00e5gra veckor sedan.<\/p>\n<p>Jag hade lite br\u00e5ttom n\u00e4r jag lackade med detta, f\u00f6rs\u00f6kte f\u00e5nga solen innan den gick ner. Men formulan var helt ok, tv\u00e5 lager r\u00e4ckte och som ni ser torkade det v\u00e4ldigt blankt ocks\u00e5. Lite rinnigt m\u00f6jligen, men inget som st\u00f6rde. Detta \u00e4r helt klart en favorit som det \u00e4r synd man inte anv\u00e4nder oftare!<\/p>\n<p><em>\u2665 F\u00f6rresten! Sista dagen f\u00f6r <a href=\"http:\/\/nailmail.se\/shop\/12-manadens-lack\" target=\"_blank\">Deborah Lippmann p\u00e5 Nailmail<\/a> imorgon!!! P\u00e5 fredag \u00e4r det LAYLA!<\/em><\/p>\n<p>\u00c4r du med idag? Kommentera!<\/p>\n<p><a href=\"http:\/\/www.vackerunderbar.se\/wp-content\/uploads\/2013\/02\/rescuebeautylounge-recycle-2.jpg\"><img loading=\"lazy\" decoding=\"async\" class=\"alignnone size-large wp-image-30374\" alt=\"rescuebeautylounge-recycle-2\" src=\"http:\/\/www.vackerunderbar.se\/wp-content\/uploads\/2013\/02\/rescuebeautylounge-recycle-2-690x459.jpg\" width=\"690\" height=\"459\" \/><\/a><a href=\"http:\/\/www.vackerunderbar.se\/wp-content\/uploads\/2013\/02\/rescuebeautylounge-recycle-3.jpg\"><img loading=\"lazy\" decoding=\"async\" class=\"alignnone size-large wp-image-30375\" alt=\"rescuebeautylounge-recycle-3\" src=\"http:\/\/www.vackerunderbar.se\/wp-content\/uploads\/2013\/02\/rescuebeautylounge-recycle-3-690x459.jpg\" width=\"690\" height=\"459\" \/><\/a><a href=\"http:\/\/www.vackerunderbar.se\/wp-content\/uploads\/2013\/02\/rescuebeautylounge-recycle-5.jpg\"><img loading=\"lazy\" decoding=\"async\" class=\"alignnone size-large wp-image-30377\" alt=\"rescuebeautylounge-recycle-5\" src=\"http:\/\/www.vackerunderbar.se\/wp-content\/uploads\/2013\/02\/rescuebeautylounge-recycle-5-690x514.jpg\" width=\"690\" height=\"514\" \/><\/a><a href=\"http:\/\/www.vackerunderbar.se\/wp-content\/uploads\/2013\/02\/rescuebeautylounge-recycle-4.jpg\"><img loading=\"lazy\" decoding=\"async\" class=\"alignnone size-large wp-image-30376\" alt=\"rescuebeautylounge-recycle-4\" src=\"http:\/\/www.vackerunderbar.se\/wp-content\/uploads\/2013\/02\/rescuebeautylounge-recycle-4-690x459.jpg\" width=\"690\" height=\"459\" \/><\/a><\/p>\n<h4>Deltagare i dagens Gr\u00f6na Onsdag:<\/h4>\n<ul>\n<li>Lista kommer ikv\u00e4ll<\/li>\n<\/ul>\n<p>\u2013<\/p>\n<p><em>Det h\u00e4r \u00e4r inl\u00e4gg 36 av 100 i bloggutmaningen <a href=\"http:\/\/bisonblog.se\/2013\/01\/blogg100-andra-sommaren\/\" target=\"_blank\">#blogg100<\/a>, h\u00e4r kan du l\u00e4sa <a href=\"http:\/\/bisonblog.se\/2013\/01\/vi-som-ar-med-i-blogg100\/\" target=\"_blank\">vilka andra som deltar. <\/a><\/em><\/p>\n","protected":false},"excerpt":{"rendered":"<p>V\u00e4lkommen till denna Gr\u00f6na Onsdag, den sjunde i ordningen! Det har ju varit lite tjafs kring dessa temadagar, urspunget kom i Lacka-Byt p\u00e5 Facebook d\u00e4r &hellip; <\/p>\n","protected":false},"author":1,"featured_media":0,"comment_status":"open","ping_status":"open","sticky":false,"template":"","format":"standard","meta":{"footnotes":""},"categories":[43],"tags":[506,432,449,431],"_links":{"self":[{"href":"https:\/\/vackerunderbar.se\/index.php?rest_route=\/wp\/v2\/posts\/30372"}],"collection":[{"href":"https:\/\/vackerunderbar.se\/index.php?rest_route=\/wp\/v2\/posts"}],"about":[{"href":"https:\/\/vackerunderbar.se\/index.php?rest_route=\/wp\/v2\/types\/post"}],"author":[{"embeddable":true,"href":"https:\/\/vackerunderbar.se\/index.php?rest_route=\/wp\/v2\/users\/1"}],"replies":[{"embeddable":true,"href":"https:\/\/vackerunderbar.se\/index.php?rest_route=%2Fwp%2Fv2%2Fcomments&post=30372"}],"version-history":[{"count":5,"href":"https:\/\/vackerunderbar.se\/index.php?rest_route=\/wp\/v2\/posts\/30372\/revisions"}],"predecessor-version":[{"id":54850,"href":"https:\/\/vackerunderbar.se\/index.php?rest_route=\/wp\/v2\/posts\/30372\/revisions\/54850"}],"wp:attachment":[{"href":"https:\/\/vackerunderbar.se\/index.php?rest_route=%2Fwp%2Fv2%2Fmedia&parent=30372"}],"wp:term":[{"taxonomy":"category","embeddable":true,"href":"https:\/\/vackerunderbar.se\/index.php?rest_route=%2Fwp%2Fv2%2Fcategories&post=30372"},{"taxonomy":"post_tag","embeddable":true,"href":"https:\/\/vackerunderbar.se\/index.php?rest_route=%2Fwp%2Fv2%2Ftags&post=30372"}],"curies":[{"name":"wp","href":"https:\/\/api.w.org\/{rel}","templated":true}]}}