{"id":29814,"date":"2013-02-04T12:18:58","date_gmt":"2013-02-04T11:18:58","guid":{"rendered":"http:\/\/www.vackerunderbar.se\/?p=29814"},"modified":"2014-06-03T18:57:23","modified_gmt":"2014-06-03T16:57:23","slug":"en-man-som-heter-ove-av-fredrik-backman","status":"publish","type":"post","link":"https:\/\/vackerunderbar.se\/?p=29814","title":{"rendered":"En man som heter Ove av Fredrik Backman"},"content":{"rendered":"<p><figure style=\"width: 160px\" class=\"wp-caption alignleft\"><a href=\"http:\/\/www.bokus.com\/bok\/9789137138114\/en-man-som-heter-ove\/\"><img loading=\"lazy\" decoding=\"async\" alt=\"\" src=\"http:\/\/image.bokus.com\/images2\/9789137138114_200_en-man-som-heter-ove\" width=\"160\" height=\"232\" \/><\/a><figcaption class=\"wp-caption-text\">Klicka p\u00e5 bilden f\u00f6r att komma till Bokus!<\/figcaption><\/figure>S\u00e5 var det allts\u00e5 dags f\u00f6r sj\u00e4lva recensionen av <strong>En man som heter Ove av Fredrik Backman<\/strong>, boken som jag tipsade om f\u00f6rra veckan. Det \u00e4r s\u00e4llan man st\u00f6ter p\u00e5 b\u00f6cker som ber\u00f6r p\u00e5 riktigt, det h\u00e4r \u00e4r en s\u00e5dan.<\/p>\n<p>Ove \u00e4r 59 \u00e5r och b\u00f6rjar varje dag med en runda i radhuskvarteret. Han sparkar p\u00e5 skyltar och rycker i d\u00f6rrar, kontrollerar s\u00e5 inget h\u00e4nt under natten. Ove \u00e4r en man av principer, det ska g\u00f6ras p\u00e5 hans s\u00e4tt eller inte alls. Ove har just f\u00e5tt f\u00f6rtidspension och f\u00f6rbereder sig f\u00f6r att ta sitt liv.\u00a0 Han \u00e4r ensam och har helt enkelt ingen kunskap om hur man lever p\u00e5 egen hand.<\/p>\n<p>Men s\u00e5 ingriper \u00f6det p\u00e5 olika s\u00e4tt. Han blir v\u00e4n med en utl\u00e4ndska kvinnan brevid och hennes familj (uppenbart Fredrik och hans Neda! ;-)) och \u00e4ven andra i omr\u00e5det blir hans v\u00e4nner. Han blir hela tiden tvungen att hj\u00e4lpa folk p\u00e5 olika s\u00e4tt, allt medan han sj\u00e4lv bara vill d\u00f6.<\/p>\n<p>Boken \u00e4r indelad i nutid och d\u00e5tid, det \u00e4r d\u00e5tiden som flest g\u00e5nger f\u00e5r mig att gr\u00e5ta. Hur hans genuina k\u00e4rlek till hans fru lyser fr\u00e5n boksidorna (eller ja, min Note) och hur livet inte blev som de t\u00e4nkt sig. En av de starkaste styckena var med Katten som l\u00e4gger huvudet i hans hand, hur ett djurs k\u00e4rlek \u00e4nd\u00e5 n\u00e5r fram. Som sagt, mycket stark bok men ocks\u00e5 mycket underh\u00e5llande. Du lider med Ove samtidigt som du n\u00e5gonstans f\u00f6raktar honom och hans principer. Spr\u00e5ket k\u00e4nns igen fr\u00e5n Fredriks blogg men det \u00e4r s\u00e5 mycket mer genialt i boken. S\u00e5 mycket varmare och starkare.<\/p>\n<p>Om du s\u00e5 bara l\u00e4ser en bok om \u00e5ret &#8211; l\u00e4s denna. G\u00f6r det.<\/p>\n<p>Ps. <a href=\"http:\/\/www.trevanner.se\/se\/pressrelease\/tre-vanner-filmatiserar-succeromanen-en-man-som-heter-ove\/\" target=\"_blank\">Tre V\u00e4nner har k\u00f6pt r\u00e4ttigheterna till den h\u00e4r boken, den kommer allts\u00e5 som film 2014\/2015!<\/a> ds.<\/p>\n<p><strong>Betyg:<\/strong> 5 av 5 | <strong>Genre:<\/strong> Roman | <strong>ISBN:<\/strong> 9789137138114 | <strong>Sidor:<\/strong> 347<\/p>\n<blockquote><p>Ove \u00e4r 59. Han k\u00f6r Saab. Folk kallar honom &#8221;bitter&#8221; och &#8221;grannarnas skr\u00e4ck&#8221;. Men Ove \u00e4r fan inte bitter, grymtar han. Han g\u00e5r v\u00e4l bara inte runt och flinar j\u00e4mt! Varje morgon tar Ove sin inspektionsrunda i kvarteret. Flyttar cyklar och kontrollerar k\u00e4llsorteringstunnorna. Trots att det \u00e4r flera \u00e5r sedan han avsattes som ordf\u00f6rande p\u00e5 bostadsr\u00e4ttsf\u00f6reningens \u00e5rsst\u00e4mma. Eller &#8221;den d\u00e4r statskuppen&#8221;, som Ove sj\u00e4lv bara minns den.<\/p>\n<p>Men bortom den vresige ordningsmannen finns en historia och en sorg. S\u00e5 n\u00e4r de nyinflyttade grannarna i radhuset mittemot en novemberdag r\u00e5kar f\u00f6rst\u00f6ra Oves brevl\u00e5da blir det upptakten p\u00e5 en komisk och hj\u00e4rtev\u00e4rmande ber\u00e4ttelse om tilltufsade katter, ov\u00e4ntad v\u00e4nskap och den ur\u00e5ldriga konsten att backa med sl\u00e4p. Som kommer f\u00f6r\u00e4ndra en man och en bostadsr\u00e4ttsf\u00f6rening i grunden.<\/p><\/blockquote>\n<p>\u2013<\/p>\n<p><em>Det h\u00e4r \u00e4r inl\u00e4gg 13 av 100 i bloggutmaningen <a href=\"http:\/\/bisonblog.se\/2013\/01\/blogg100-andra-sommaren\/\" target=\"_blank\">#blogg100<\/a>, h\u00e4r kan du l\u00e4sa <a href=\"http:\/\/bisonblog.se\/2013\/01\/vi-som-ar-med-i-blogg100\/\" target=\"_blank\">vilka andra som deltar. <\/a><\/em><\/p>\n","protected":false},"excerpt":{"rendered":"<p>S\u00e5 var det allts\u00e5 dags f\u00f6r sj\u00e4lva recensionen av En man som heter Ove av Fredrik Backman, boken som jag tipsade om f\u00f6rra veckan. Det &hellip; <\/p>\n","protected":false},"author":1,"featured_media":0,"comment_status":"open","ping_status":"open","sticky":false,"template":"","format":"standard","meta":{"footnotes":""},"categories":[424],"tags":[512],"_links":{"self":[{"href":"https:\/\/vackerunderbar.se\/index.php?rest_route=\/wp\/v2\/posts\/29814"}],"collection":[{"href":"https:\/\/vackerunderbar.se\/index.php?rest_route=\/wp\/v2\/posts"}],"about":[{"href":"https:\/\/vackerunderbar.se\/index.php?rest_route=\/wp\/v2\/types\/post"}],"author":[{"embeddable":true,"href":"https:\/\/vackerunderbar.se\/index.php?rest_route=\/wp\/v2\/users\/1"}],"replies":[{"embeddable":true,"href":"https:\/\/vackerunderbar.se\/index.php?rest_route=%2Fwp%2Fv2%2Fcomments&post=29814"}],"version-history":[{"count":2,"href":"https:\/\/vackerunderbar.se\/index.php?rest_route=\/wp\/v2\/posts\/29814\/revisions"}],"predecessor-version":[{"id":56662,"href":"https:\/\/vackerunderbar.se\/index.php?rest_route=\/wp\/v2\/posts\/29814\/revisions\/56662"}],"wp:attachment":[{"href":"https:\/\/vackerunderbar.se\/index.php?rest_route=%2Fwp%2Fv2%2Fmedia&parent=29814"}],"wp:term":[{"taxonomy":"category","embeddable":true,"href":"https:\/\/vackerunderbar.se\/index.php?rest_route=%2Fwp%2Fv2%2Fcategories&post=29814"},{"taxonomy":"post_tag","embeddable":true,"href":"https:\/\/vackerunderbar.se\/index.php?rest_route=%2Fwp%2Fv2%2Ftags&post=29814"}],"curies":[{"name":"wp","href":"https:\/\/api.w.org\/{rel}","templated":true}]}}