{"id":25187,"date":"2012-06-29T16:58:11","date_gmt":"2012-06-29T14:58:11","guid":{"rendered":"http:\/\/www.vackerunderbar.se\/?p=25187"},"modified":"2014-06-03T17:30:54","modified_gmt":"2014-06-03T15:30:54","slug":"dagens-dont-bug-me","status":"publish","type":"post","link":"https:\/\/vackerunderbar.se\/?p=25187","title":{"rendered":"Dagens: Don&#8217;t bug me!"},"content":{"rendered":"<p><a href=\"http:\/\/www.vackerunderbar.se\/wp-content\/uploads\/2012\/06\/fre-2906-3.jpg\"><img loading=\"lazy\" decoding=\"async\" class=\"alignnone size-large wp-image-25190\" title=\"fre-2906-3\" src=\"http:\/\/www.vackerunderbar.se\/wp-content\/uploads\/2012\/06\/fre-2906-3-690x517.jpg\" alt=\"\" width=\"690\" height=\"517\" \/><\/a><\/p>\n<p>&nbsp;<\/p>\n<p>Hej hej! =)<\/p>\n<p>Idag har jag varit ner p\u00e5 stan och tr\u00e4ffat <a href=\"http:\/\/colourize-me.blogspot.se\/\" target=\"_blank\">Martina! Missa inte hennes blogg<\/a>, hon g\u00f6r riktigt snygga nailarts! Martina \u00e4r kund p\u00e5 Nailmail och har sin pojkv\u00e4n h\u00e4r i Norrk\u00f6ping. Hon erbj\u00f6d sig att komma med muffins till mig <a href=\"http:\/\/www.vackerunderbar.se\/?p=25036\">efter detta inl\u00e4gg om kundk\u00e4rlek<\/a>. Kan ni f\u00f6rst\u00e5 s\u00e5 himla gulligt av henne?! Kan tala om att de var helt underbart goda ocks\u00e5! Dessutom var b\u00e5de Martina och hennes pojkv\u00e4n hur gulliga som helst!<\/p>\n<p>N\u00e5, det \u00e4r lite jobbigt att tr\u00e4ffa bloggl\u00e4sare, eftersom vi alla lite till mans retuscherar v\u00e5ra bilder. Ingen vill v\u00e4l titta p\u00e5 bilder med kladdigt nagellack, finnar och fransar som sticker iv\u00e4g \u00e5t alla h\u00e5ll? Och givetvis fotar man sig ur f\u00f6rdelaktiga vinklar och ljusar upp bilderna. S\u00e5 hur d\u00f6ljer man det n\u00e4r man tr\u00e4ffar n\u00e5gon irl?<\/p>\n<p>Well, jag tog en brun skugga fr\u00e5n Too Faced \u00f6ver hela \u00f6gonlocken och en gr\u00f6n mineralskugga i den inre \u00f6gonvr\u00e5n. Lade nog mer tid p\u00e5 h\u00e5ret \u00e4n mejken tror jag, lockade lite med platt\u00e5ngen f\u00f6r att det skulle h\u00e4nda n\u00e5nting. Och ja, jag ska bleka utv\u00e4xten och det gula senast imorgon. Ikv\u00e4ll ska vi \u00e5ka ut till Smedby f\u00f6r att tillbringa helgen d\u00e4r. Vi ska bla ta bilder till broschyren och arbeta med sl\u00e4ppet p\u00e5 l\u00f6rdag kv\u00e4ll. Sk\u00f6nt att komma ut dit \u00e4ven om det \u00e4r mitt inne i ett radhusomr\u00e5de.<\/p>\n<p><a href=\"http:\/\/www.vackerunderbar.se\/wp-content\/uploads\/2012\/06\/fre-2906-1.jpg\"><img loading=\"lazy\" decoding=\"async\" class=\"alignnone size-medium wp-image-25192\" title=\"fre-2906-1\" src=\"http:\/\/www.vackerunderbar.se\/wp-content\/uploads\/2012\/06\/fre-2906-1-340x226.jpg\" alt=\"\" width=\"340\" height=\"226\" \/><\/a><a href=\"http:\/\/www.vackerunderbar.se\/wp-content\/uploads\/2012\/06\/fre-2906-2.jpg\"><img loading=\"lazy\" decoding=\"async\" class=\"alignnone size-medium wp-image-25191\" title=\"fre-2906-2\" src=\"http:\/\/www.vackerunderbar.se\/wp-content\/uploads\/2012\/06\/fre-2906-2-340x226.jpg\" alt=\"\" width=\"340\" height=\"226\" \/><\/a><\/p>\n<p>\u2014<\/p>\n<h4>Produktlista<\/h4>\n<p><strong>Hud<\/strong><br \/>\nSolskydd: <a href=\"http:\/\/www.vackerunderbar.se\/?p=24549\">SkinPlan SunControl spf 30<\/a><br \/>\nFoundation: <a href=\"http:\/\/www.apoteket.se\/privatpersoner\/radochprodukter\/common\/produktinformation.aspx?Varuid=242293&amp;visa=alla\" target=\"_blank\">Vichy Aerateint Pure Fluid<\/a> \u2013 Clear Ivory<br \/>\nBronzer: Isadora \u2013 Matte Tan<\/p>\n<p><strong>\u00d6gon<\/strong><br \/>\n\u00d6gonskuggeprimer: Too Faced Shadow Insurence<br \/>\n\u00d6gonskuggor: Too Faced &#8211; Full Frontal. Gr\u00f6n mineralskugga.<br \/>\nMascara: Lumenes Blueberry Curl Mascara.<br \/>\n\u00d6gonbryn: <a href=\"http:\/\/www.vackerunderbar.se\/?p=25074\">Clinique Instant Lift for Brows<\/a><br \/>\nKajal: Nyx JP Brun<\/p>\n<p>L\u00e4ppar: Clinique<\/p>\n<p>&#8212;<\/p>\n<p>Och s\u00e5 en lite st\u00f6rre bild p\u00e5 toppen. Den \u00e4r s\u00e5 s\u00f6t! =)<\/p>\n<p><a href=\"http:\/\/www.vackerunderbar.se\/wp-content\/uploads\/2012\/06\/fre-2906-4.jpg\"><img loading=\"lazy\" decoding=\"async\" class=\"wp-image-25188 aligncenter\" title=\"fre-2906-4\" src=\"http:\/\/www.vackerunderbar.se\/wp-content\/uploads\/2012\/06\/fre-2906-4-533x800.jpg\" alt=\"\" width=\"432\" height=\"647\" \/><\/a><\/p>\n<p>&nbsp;<\/p>\n","protected":false},"excerpt":{"rendered":"<p>&nbsp; Hej hej! =) Idag har jag varit ner p\u00e5 stan och tr\u00e4ffat Martina! Missa inte hennes blogg, hon g\u00f6r riktigt snygga nailarts! Martina \u00e4r &hellip; <\/p>\n","protected":false},"author":1,"featured_media":0,"comment_status":"open","ping_status":"open","sticky":false,"template":"","format":"standard","meta":{"footnotes":""},"categories":[421],"tags":[505],"_links":{"self":[{"href":"https:\/\/vackerunderbar.se\/index.php?rest_route=\/wp\/v2\/posts\/25187"}],"collection":[{"href":"https:\/\/vackerunderbar.se\/index.php?rest_route=\/wp\/v2\/posts"}],"about":[{"href":"https:\/\/vackerunderbar.se\/index.php?rest_route=\/wp\/v2\/types\/post"}],"author":[{"embeddable":true,"href":"https:\/\/vackerunderbar.se\/index.php?rest_route=\/wp\/v2\/users\/1"}],"replies":[{"embeddable":true,"href":"https:\/\/vackerunderbar.se\/index.php?rest_route=%2Fwp%2Fv2%2Fcomments&post=25187"}],"version-history":[{"count":3,"href":"https:\/\/vackerunderbar.se\/index.php?rest_route=\/wp\/v2\/posts\/25187\/revisions"}],"predecessor-version":[{"id":25194,"href":"https:\/\/vackerunderbar.se\/index.php?rest_route=\/wp\/v2\/posts\/25187\/revisions\/25194"}],"wp:attachment":[{"href":"https:\/\/vackerunderbar.se\/index.php?rest_route=%2Fwp%2Fv2%2Fmedia&parent=25187"}],"wp:term":[{"taxonomy":"category","embeddable":true,"href":"https:\/\/vackerunderbar.se\/index.php?rest_route=%2Fwp%2Fv2%2Fcategories&post=25187"},{"taxonomy":"post_tag","embeddable":true,"href":"https:\/\/vackerunderbar.se\/index.php?rest_route=%2Fwp%2Fv2%2Ftags&post=25187"}],"curies":[{"name":"wp","href":"https:\/\/api.w.org\/{rel}","templated":true}]}}