{"id":24461,"date":"2012-05-24T12:52:33","date_gmt":"2012-05-24T10:52:33","guid":{"rendered":"http:\/\/www.vackerunderbar.se\/?p=24461"},"modified":"2014-06-03T17:32:34","modified_gmt":"2014-06-03T15:32:34","slug":"dagens-anders-onskar-lila-och-rosa","status":"publish","type":"post","link":"https:\/\/vackerunderbar.se\/?p=24461","title":{"rendered":"Dagens: Anders \u00f6nskar lila och rosa"},"content":{"rendered":"<p><a href=\"http:\/\/www.vackerunderbar.se\/wp-content\/uploads\/2012\/05\/tors-2405-3.jpg\"><img loading=\"lazy\" decoding=\"async\" class=\"aligncenter size-large wp-image-24464\" title=\"tors-2405-3\" src=\"http:\/\/www.vackerunderbar.se\/wp-content\/uploads\/2012\/05\/tors-2405-3-590x418.jpg\" alt=\"\" width=\"590\" height=\"418\" \/><\/a><\/p>\n<p>Hemma p\u00e5 lunch, \u00e4r helt genomsvettig! De h\u00e4r arbetarbrallorna \u00e4r grymt varma, m\u00e5ste ta och klippa av dem till shorts. Har iaf \u00e4tit lunch p\u00e5 balkongen, ibland \u00e4r det sk\u00f6nt att ha en balkong i norrl\u00e4ge dit solen inte n\u00e5r p\u00e5 dagtid!<\/p>\n<p>Jag har \u00e4ven f\u00f6r andra dagen Stay-Matte fr\u00e5n Clinique, se bilden l\u00e4ngst ner p\u00e5 hur jag ser ut efter fyra timmar i solen och b\u00e4randes tunga l\u00e5dor. Jag m\u00e5ste s\u00e4ga att det \u00e4r godk\u00e4nt f\u00f6r en foundation med kr\u00e4mformula, jag har inte ens mattat ner den med puder. Vill ni ha en ytterligare recension p\u00e5 denna?<\/p>\n<p>Idag har jag anv\u00e4nt en palett fr\u00e5n H&amp;M igen, en blurple och en rosa nyans. Den bl\u00e5lila \u00f6ver hela \u00f6gonlocken och en rosa i den inre \u00f6gronvr\u00e5n. Under \u00f6gat en turkos skugga fr\u00e5n samma palett. Jag har f\u00f6rresten blekt h\u00e5ret. Blev inte s\u00e5 himla bra, men utv\u00e4xten \u00e4r borta iaf! Satt en timme med silvershampoo ig\u00e5r och kommer forts\u00e4tta ikv\u00e4ll med silvershampoo\/balsam och \u00e4ven med min inpackning med silverf\u00e4rg f\u00f6r att f\u00e5 ner det gula.<\/p>\n<p>L\u00e4pparna f\u00f6rresten \u00e4r <a href=\"http:\/\/www.vackerunderbar.se\/?p=24362\">Lars Wallin \u2013 Tracy<\/a> ovanp\u00e5 <a href=\"http:\/\/www.vackerunderbar.se\/?p=24086\" rel=\"bookmark\">Oriflame \u2013 Giordani Gold Jewel Lipstick<\/a>, gillar verkligen Oriflames l\u00e4ppstift. Det \u00e4r en otroligt fin f\u00e4rg och tar man en pensel blir det inte s\u00e5 skrikigt.<\/p>\n<p style=\"text-align: center;\"><a href=\"http:\/\/www.vackerunderbar.se\/wp-content\/uploads\/2012\/05\/tors-2405-2.jpg\"><img loading=\"lazy\" decoding=\"async\" class=\"alignnone size-medium wp-image-24463\" title=\"tors-2405-2\" src=\"http:\/\/www.vackerunderbar.se\/wp-content\/uploads\/2012\/05\/tors-2405-2-290x193.jpg\" alt=\"\" width=\"290\" height=\"193\" \/><\/a><a href=\"http:\/\/www.vackerunderbar.se\/wp-content\/uploads\/2012\/05\/tors-2405-1.jpg\"><img loading=\"lazy\" decoding=\"async\" class=\"alignnone size-medium wp-image-24462\" title=\"tors-2405-1\" src=\"http:\/\/www.vackerunderbar.se\/wp-content\/uploads\/2012\/05\/tors-2405-1-290x193.jpg\" alt=\"\" width=\"290\" height=\"193\" \/><\/a><a href=\"http:\/\/www.vackerunderbar.se\/wp-content\/uploads\/2012\/05\/tors-2405-5.jpg\"><img loading=\"lazy\" decoding=\"async\" class=\"alignnone size-medium wp-image-24466\" title=\"tors-2405-5\" src=\"http:\/\/www.vackerunderbar.se\/wp-content\/uploads\/2012\/05\/tors-2405-5-290x154.jpg\" alt=\"\" width=\"290\" height=\"154\" \/><\/a><\/p>\n<p>\u2014<\/p>\n<h4>Produktlista<\/h4>\n<p><strong>Hud<\/strong><br \/>\nDagkr\u00e4m: Neutrogena Matte Day Cream \u2013 spf 30<br \/>\nFoundation: <a href=\"http:\/\/www.vackerunderbar.se\/?p=24448\">Clinique Stay-Matte Oil-Free Makeup<\/a><br \/>\nBronzer: Helena Rubenstein &#8211; Concerto<\/p>\n<p><strong>\u00d6gon<\/strong><br \/>\n\u00d6gonskuggeprimer: Too Faced Shadow Insurence.<br \/>\n\u00d6gonskuggor: H&amp;M-palett, rosa, bl\u00e5 lila och turkos skugga.<br \/>\nMascara: Lumenes Blueberry Curl Mascara.<br \/>\nEyeliner: M*A*D Sealant, m. Face Stockholm Black.<\/p>\n<p>L\u00e4ppar:<a href=\"http:\/\/www.vackerunderbar.se\/?p=24362\">Lars Wallin \u2013 Tracy<\/a> ovanp\u00e5 <a href=\"http:\/\/www.vackerunderbar.se\/?p=24086\" rel=\"bookmark\">Oriflame \u2013 Giordani Gold Jewel Lipstick<\/a><\/p>\n<p>&#8212;<\/p>\n<p>Och s\u00e5 h\u00e4r blank och svettig var jag allts\u00e5 n\u00e4r jag kom hem p\u00e5 lunchen&#8230;<\/p>\n<p><a href=\"http:\/\/www.vackerunderbar.se\/wp-content\/uploads\/2012\/05\/tors-2405-4.jpg\"><img loading=\"lazy\" decoding=\"async\" class=\"aligncenter  wp-image-24465\" title=\"tors-2405-4\" src=\"http:\/\/www.vackerunderbar.se\/wp-content\/uploads\/2012\/05\/tors-2405-4-533x800.jpg\" alt=\"\" width=\"348\" height=\"523\" \/><\/a><\/p>\n","protected":false},"excerpt":{"rendered":"<p>Hemma p\u00e5 lunch, \u00e4r helt genomsvettig! De h\u00e4r arbetarbrallorna \u00e4r grymt varma, m\u00e5ste ta och klippa av dem till shorts. Har iaf \u00e4tit lunch p\u00e5 &hellip; <\/p>\n","protected":false},"author":1,"featured_media":0,"comment_status":"open","ping_status":"open","sticky":false,"template":"","format":"standard","meta":{"footnotes":""},"categories":[421],"tags":[505],"_links":{"self":[{"href":"https:\/\/vackerunderbar.se\/index.php?rest_route=\/wp\/v2\/posts\/24461"}],"collection":[{"href":"https:\/\/vackerunderbar.se\/index.php?rest_route=\/wp\/v2\/posts"}],"about":[{"href":"https:\/\/vackerunderbar.se\/index.php?rest_route=\/wp\/v2\/types\/post"}],"author":[{"embeddable":true,"href":"https:\/\/vackerunderbar.se\/index.php?rest_route=\/wp\/v2\/users\/1"}],"replies":[{"embeddable":true,"href":"https:\/\/vackerunderbar.se\/index.php?rest_route=%2Fwp%2Fv2%2Fcomments&post=24461"}],"version-history":[{"count":3,"href":"https:\/\/vackerunderbar.se\/index.php?rest_route=\/wp\/v2\/posts\/24461\/revisions"}],"predecessor-version":[{"id":24468,"href":"https:\/\/vackerunderbar.se\/index.php?rest_route=\/wp\/v2\/posts\/24461\/revisions\/24468"}],"wp:attachment":[{"href":"https:\/\/vackerunderbar.se\/index.php?rest_route=%2Fwp%2Fv2%2Fmedia&parent=24461"}],"wp:term":[{"taxonomy":"category","embeddable":true,"href":"https:\/\/vackerunderbar.se\/index.php?rest_route=%2Fwp%2Fv2%2Fcategories&post=24461"},{"taxonomy":"post_tag","embeddable":true,"href":"https:\/\/vackerunderbar.se\/index.php?rest_route=%2Fwp%2Fv2%2Ftags&post=24461"}],"curies":[{"name":"wp","href":"https:\/\/api.w.org\/{rel}","templated":true}]}}