{"id":24079,"date":"2012-05-03T12:28:04","date_gmt":"2012-05-03T10:28:04","guid":{"rendered":"http:\/\/www.vackerunderbar.se\/?p=24079"},"modified":"2014-06-03T17:36:01","modified_gmt":"2014-06-03T15:36:01","slug":"dagens-busig-och-rosig","status":"publish","type":"post","link":"https:\/\/vackerunderbar.se\/?p=24079","title":{"rendered":"Dagens: Busig och rosig"},"content":{"rendered":"<p><a href=\"http:\/\/www.vackerunderbar.se\/wp-content\/uploads\/2012\/05\/tors-0305-3.jpg\"><img loading=\"lazy\" decoding=\"async\" class=\"aligncenter size-large wp-image-24083\" title=\"tors-0305-3\" src=\"http:\/\/www.vackerunderbar.se\/wp-content\/uploads\/2012\/05\/tors-0305-3-590x450.jpg\" alt=\"\" width=\"590\" height=\"450\" \/><\/a><\/p>\n<p>Hemma p\u00e5 lunch! Blev stekta \u00e4gg idag, blir mer middag senare ikv\u00e4ll. Men j\u00f6sses vad varmt det \u00e4r, h\u00e4rlig dag att jobba ute! Men f\u00e5r passa p\u00e5 att ta lunch och coola ner mig lite n\u00e4r solen st\u00e5r i zenith.<\/p>\n<p>Ig\u00e5r testade jag Kicks nya Brun-utan-sol-servett som de lanserade nu till v\u00e5ren. Den \u00e4r riktigt bra! Doftar gott av gurka och aloe vera och \u00e4r l\u00e4ttapplicerad. Det g\u00e5r ju inte att se vart den \u00e4r applicerad, men resulatet blir j\u00e4mnt och fint \u00e4nd\u00e5. Jag ser n\u00e4stan lite f\u00f6r brun ut, men jag gillar det! Luktade lite buskr\u00e4m n\u00e4r jag tv\u00e4ttade mig i morse men annars \u00e4r jag n\u00f6jd med doften.<\/p>\n<p>N\u00e5ja, idag testade jag att anv\u00e4nda min svarta jumbopenna fr\u00e5n Nyx som bas. Skillnaden blir ingen alls med en skugga \u00f6ver, men det \u00e4r sv\u00e5rare att applicera den svarta j\u00e4mf\u00f6rt med den vita. Den vita kan ju suddas ut l\u00e4ttare och det ser ju ok ut i tex \u00f6gonvr\u00e5n. Skulle den svarta d\u00e4remot kladdas runt p\u00e5 det viset skulle jag ju se f\u00f6rj\u00e4vlig ut.\u00a0 Men som sagt, skuggan ser i princip likadan ut ovanp\u00e5.<\/p>\n<p>H\u00e4r har jag anv\u00e4nt en lila mineralskugga fr\u00e5n Overall Beauty som heter Road Rage. Passande namn f\u00f6r dagen va, haha! Under \u00f6gat en illgr\u00f6n skugga fr\u00e5n ett &#8221;f\u00f6retag&#8221; som jag inte vill pusha f\u00f6r. Vanlig svart eyeliner, inte Mad-sealant allts\u00e5. L\u00e4ppbalsamet \u00e4r fr\u00e5n Kiehls och \u00e4r svagt brunr\u00f6tt. V\u00e4ldigt sk\u00f6nt p\u00e5 l\u00e4pparna!<\/p>\n<p><a href=\"http:\/\/www.vackerunderbar.se\/wp-content\/uploads\/2012\/05\/tors-0305-1.jpg\"><img loading=\"lazy\" decoding=\"async\" class=\"alignnone size-medium wp-image-24080\" title=\"tors-0305-1\" src=\"http:\/\/www.vackerunderbar.se\/wp-content\/uploads\/2012\/05\/tors-0305-1-290x193.jpg\" alt=\"\" width=\"290\" height=\"193\" \/><\/a><a href=\"http:\/\/www.vackerunderbar.se\/wp-content\/uploads\/2012\/05\/tors-0305-2.jpg\"><img loading=\"lazy\" decoding=\"async\" class=\"alignnone size-medium wp-image-24081\" title=\"tors-0305-2\" src=\"http:\/\/www.vackerunderbar.se\/wp-content\/uploads\/2012\/05\/tors-0305-2-290x193.jpg\" alt=\"\" width=\"290\" height=\"193\" \/><\/a><\/p>\n<p>\u2014<\/p>\n<h4>Produktlista<\/h4>\n<p><strong>Hud<\/strong><br \/>\nDagkr\u00e4m: Neutrogena Matte Day Cream &#8211; spf 30<br \/>\nFoundation: <a href=\"http:\/\/www.apoteket.se\/privatpersoner\/radochprodukter\/common\/produktinformation.aspx?Varuid=242293&amp;visa=alla\" target=\"_blank\">Vichy Aerateint Pure Fluid<\/a> \u2013 Clear Ivory<br \/>\nBronzer: IsaDora Matte Tan<br \/>\nRouge: Mac &#8211; Vintage Grape<\/p>\n<p><strong>\u00d6gon<\/strong><br \/>\n\u00d6gonskuggeprimer: Too Faced Shadow Insurence.<br \/>\n\u00d6gonbas: Nyx JP Black<br \/>\n\u00d6gonskuggor:\u00a0 Overall Beauty Minerals &#8211; Road Rage. Illgr\u00f6n mineralskugga.<br \/>\nMascara: Lumenes Blueberry Curl Mascara.<br \/>\n\u00d6gonbryn: Lumene Eyebrow Pencil \u2013 Blonde.<br \/>\nEyeliner: Svart noname<\/p>\n<p>L\u00e4ppar: Kiehls Lip Balm spf 15 &#8211; Hue no 58B<\/p>\n","protected":false},"excerpt":{"rendered":"<p>Hemma p\u00e5 lunch! Blev stekta \u00e4gg idag, blir mer middag senare ikv\u00e4ll. Men j\u00f6sses vad varmt det \u00e4r, h\u00e4rlig dag att jobba ute! Men f\u00e5r &hellip; <\/p>\n","protected":false},"author":1,"featured_media":0,"comment_status":"open","ping_status":"open","sticky":false,"template":"","format":"standard","meta":{"footnotes":""},"categories":[421],"tags":[505],"_links":{"self":[{"href":"https:\/\/vackerunderbar.se\/index.php?rest_route=\/wp\/v2\/posts\/24079"}],"collection":[{"href":"https:\/\/vackerunderbar.se\/index.php?rest_route=\/wp\/v2\/posts"}],"about":[{"href":"https:\/\/vackerunderbar.se\/index.php?rest_route=\/wp\/v2\/types\/post"}],"author":[{"embeddable":true,"href":"https:\/\/vackerunderbar.se\/index.php?rest_route=\/wp\/v2\/users\/1"}],"replies":[{"embeddable":true,"href":"https:\/\/vackerunderbar.se\/index.php?rest_route=%2Fwp%2Fv2%2Fcomments&post=24079"}],"version-history":[{"count":3,"href":"https:\/\/vackerunderbar.se\/index.php?rest_route=\/wp\/v2\/posts\/24079\/revisions"}],"predecessor-version":[{"id":24085,"href":"https:\/\/vackerunderbar.se\/index.php?rest_route=\/wp\/v2\/posts\/24079\/revisions\/24085"}],"wp:attachment":[{"href":"https:\/\/vackerunderbar.se\/index.php?rest_route=%2Fwp%2Fv2%2Fmedia&parent=24079"}],"wp:term":[{"taxonomy":"category","embeddable":true,"href":"https:\/\/vackerunderbar.se\/index.php?rest_route=%2Fwp%2Fv2%2Fcategories&post=24079"},{"taxonomy":"post_tag","embeddable":true,"href":"https:\/\/vackerunderbar.se\/index.php?rest_route=%2Fwp%2Fv2%2Ftags&post=24079"}],"curies":[{"name":"wp","href":"https:\/\/api.w.org\/{rel}","templated":true}]}}