{"id":21248,"date":"2011-12-13T15:04:28","date_gmt":"2011-12-13T14:04:28","guid":{"rendered":"http:\/\/www.vackerunderbar.se\/?p=21248"},"modified":"2014-06-03T18:10:53","modified_gmt":"2014-06-03T16:10:53","slug":"forsta-test-av-brtc","status":"publish","type":"post","link":"https:\/\/vackerunderbar.se\/?p=21248","title":{"rendered":"F\u00f6rsta test av BRTC"},"content":{"rendered":"<p>Ig\u00e5r testade jag nya BB-Creamen fr\u00e5n BRTC som jag skrev om. T\u00e4nkte att mitt r\u00f6dgr\u00e5tna ansikte vore en bra test f\u00f6r att se hur bra den t\u00e4nkte r\u00f6da flammor och m\u00e4rken s\u00e5som akne\u00e4rr och pigmentfl\u00e4ckar. S\u00e5 ja, ni ser ju hela sk\u00f6nheten nedan. Man \u00e4r ju verkligen inte vacker n\u00e4r hj\u00e4rtat h\u00e5ller p\u00e5 att spricka! Go ahead, klicka upp bilden och njut av verkligheten!<\/p>\n<p><a href=\"http:\/\/www.vackerunderbar.se\/wp-content\/uploads\/2011\/12\/brct-fore.jpg\"><img loading=\"lazy\" decoding=\"async\" class=\"aligncenter size-large wp-image-21251\" title=\"brct-fore\" src=\"http:\/\/www.vackerunderbar.se\/wp-content\/uploads\/2011\/12\/brct-fore-399x600.jpg\" alt=\"\" width=\"291\" height=\"438\" \/><\/a><\/p>\n<p>H\u00e4r ser ni d\u00e5 efter. Tyv\u00e4rr anv\u00e4nde jag ingen dagkr\u00e4m, s\u00e5 det blev lite f\u00f6r kladdigt och tjockt. Bilden till h\u00f6ger dock visar hur jag ser ut idag med dagkr\u00e4m under, det blev lite b\u00e4ttre. Plus att jag inte var s\u00e5 r\u00f6dgr\u00e5ten&#8230;<\/p>\n<p style=\"text-align: center;\"><a href=\"http:\/\/www.vackerunderbar.se\/wp-content\/uploads\/2011\/12\/brct-efter-1.jpg\"><img loading=\"lazy\" decoding=\"async\" class=\"alignnone size-medium wp-image-21250\" title=\"brct-efter-1\" src=\"http:\/\/www.vackerunderbar.se\/wp-content\/uploads\/2011\/12\/brct-efter-1-199x300.jpg\" alt=\"\" width=\"199\" height=\"300\" \/><\/a><a href=\"http:\/\/www.vackerunderbar.se\/wp-content\/uploads\/2011\/12\/brct-efter-2.jpg\"><img loading=\"lazy\" decoding=\"async\" class=\"alignnone size-medium wp-image-21249\" title=\"brct-efter-2\" src=\"http:\/\/www.vackerunderbar.se\/wp-content\/uploads\/2011\/12\/brct-efter-2-199x300.jpg\" alt=\"\" width=\"199\" height=\"300\" \/><\/a><\/p>\n<p>Den h\u00e4r kr\u00e4men \u00e4r litegrann som en concealer i en stor tub, dessutom luktar den menthol! Men det f\u00f6rsvinner efter ett tag tack och lov och det ger en sk\u00f6n svalkande k\u00e4nsla. Dessutom ser huden fr\u00e4sch och \u00e5terfuktad ut, jag valde att inte pudra ner glansen utan l\u00e4t det vara. Men jag gillar den verkligen! Den \u00e4r kanske lite f\u00f6r tjock, vilket g\u00f6r det sv\u00e5rt att f\u00e5 ut den j\u00e4mnt. Men den t\u00e4cker allt som m\u00e5ste t\u00e4ckas och h\u00e5ller bra under dagen.<\/p>\n<p>Plus \u00e4n s\u00e5 l\u00e4nge!<\/p>\n","protected":false},"excerpt":{"rendered":"<p>Ig\u00e5r testade jag nya BB-Creamen fr\u00e5n BRTC som jag skrev om. T\u00e4nkte att mitt r\u00f6dgr\u00e5tna ansikte vore en bra test f\u00f6r att se hur bra &hellip; <\/p>\n","protected":false},"author":1,"featured_media":0,"comment_status":"open","ping_status":"open","sticky":false,"template":"","format":"standard","meta":{"footnotes":""},"categories":[422],"tags":[508],"_links":{"self":[{"href":"https:\/\/vackerunderbar.se\/index.php?rest_route=\/wp\/v2\/posts\/21248"}],"collection":[{"href":"https:\/\/vackerunderbar.se\/index.php?rest_route=\/wp\/v2\/posts"}],"about":[{"href":"https:\/\/vackerunderbar.se\/index.php?rest_route=\/wp\/v2\/types\/post"}],"author":[{"embeddable":true,"href":"https:\/\/vackerunderbar.se\/index.php?rest_route=\/wp\/v2\/users\/1"}],"replies":[{"embeddable":true,"href":"https:\/\/vackerunderbar.se\/index.php?rest_route=%2Fwp%2Fv2%2Fcomments&post=21248"}],"version-history":[{"count":2,"href":"https:\/\/vackerunderbar.se\/index.php?rest_route=\/wp\/v2\/posts\/21248\/revisions"}],"predecessor-version":[{"id":21253,"href":"https:\/\/vackerunderbar.se\/index.php?rest_route=\/wp\/v2\/posts\/21248\/revisions\/21253"}],"wp:attachment":[{"href":"https:\/\/vackerunderbar.se\/index.php?rest_route=%2Fwp%2Fv2%2Fmedia&parent=21248"}],"wp:term":[{"taxonomy":"category","embeddable":true,"href":"https:\/\/vackerunderbar.se\/index.php?rest_route=%2Fwp%2Fv2%2Fcategories&post=21248"},{"taxonomy":"post_tag","embeddable":true,"href":"https:\/\/vackerunderbar.se\/index.php?rest_route=%2Fwp%2Fv2%2Ftags&post=21248"}],"curies":[{"name":"wp","href":"https:\/\/api.w.org\/{rel}","templated":true}]}}