{"id":16777,"date":"2011-04-30T19:21:34","date_gmt":"2011-04-30T17:21:34","guid":{"rendered":"http:\/\/www.vackerunderbar.se\/?p=16777"},"modified":"2014-06-03T17:47:35","modified_gmt":"2014-06-03T15:47:35","slug":"dagens-blarosa","status":"publish","type":"post","link":"https:\/\/vackerunderbar.se\/?p=16777","title":{"rendered":"Dagens: Bl\u00e5rosa"},"content":{"rendered":"<p>Blev inspirerad av <a href=\"http:\/\/nyheter24.se\/modette\/lindahallberg\/2011\/04\/27\/todays-look-you-gonna-make-me-stay-forever\/\" target=\"_blank\">Linda Hallbergs mejk<\/a> h\u00e4romdagen till denna! Blev ju inte lika snygg p\u00e5 mig s\u00e5klart, men jag gillar intensiteten i f\u00e4rgerna iaf =)<\/p>\n<p style=\"text-align: center;\"><a href=\"http:\/\/www.vackerunderbar.se\/wp-content\/uploads\/2011\/04\/tors-2804-1.jpg\"><img loading=\"lazy\" decoding=\"async\" class=\"aligncenter size-full wp-image-16778\" title=\"tors-2804-1\" src=\"http:\/\/www.vackerunderbar.se\/wp-content\/uploads\/2011\/04\/tors-2804-1.jpg\" alt=\"\" width=\"315\" height=\"422\" \/><\/a><\/p>\n<p>P\u00e5 en grund av UDPP, anv\u00e4nde jag det rosa rouget fr\u00e5n Smashbox \u00f6ver hela \u00f6gonlocken. I globlinjen samt i den yttre \u00f6gonvr\u00e5n och under \u00f6gat, Buzzer fr\u00e5n Make Up Store. Svart gelliner och mascara.<\/p>\n<p>Har en ganska trevlig &#8221;br\u00e4nna&#8221; just nu, jag har anv\u00e4nt den BUS jag k\u00f6pte fr\u00e5n Apoliva och \u00e4r mycket n\u00f6jd med det resultatet. Jag har sedan Cliniques Almost Powder foundation samt Isadoras bronzer p\u00e5 kindbenen. Slarvade en del med solskydd i b\u00f6rjan p\u00e5 v\u00e5ren och tyv\u00e4rr syns det direkt i pannan. J\u00e4vla fl\u00e4ck&#8230; :( Nu anv\u00e4nder jag Vichys spf 50, inte mer m\u00f6rka fl\u00e4ckar!<\/p>\n<p style=\"text-align: center;\"><a href=\"http:\/\/www.vackerunderbar.se\/wp-content\/uploads\/2011\/04\/tors-2804-3.jpg\"><img loading=\"lazy\" decoding=\"async\" class=\"alignnone size-medium wp-image-16780\" title=\"tors-2804-3\" src=\"http:\/\/www.vackerunderbar.se\/wp-content\/uploads\/2011\/04\/tors-2804-3-250x153.jpg\" alt=\"\" width=\"250\" height=\"153\" \/><\/a><a href=\"http:\/\/www.vackerunderbar.se\/wp-content\/uploads\/2011\/04\/tors-2804-2.jpg\"><img loading=\"lazy\" decoding=\"async\" class=\"alignnone size-medium wp-image-16779\" title=\"tors-2804-2\" src=\"http:\/\/www.vackerunderbar.se\/wp-content\/uploads\/2011\/04\/tors-2804-2-250x173.jpg\" alt=\"\" width=\"219\" height=\"152\" \/><\/a><\/p>\n","protected":false},"excerpt":{"rendered":"<p>Blev inspirerad av Linda Hallbergs mejk h\u00e4romdagen till denna! Blev ju inte lika snygg p\u00e5 mig s\u00e5klart, men jag gillar intensiteten i f\u00e4rgerna iaf =) &hellip; <\/p>\n","protected":false},"author":1,"featured_media":0,"comment_status":"open","ping_status":"open","sticky":false,"template":"","format":"standard","meta":{"footnotes":""},"categories":[421],"tags":[505],"_links":{"self":[{"href":"https:\/\/vackerunderbar.se\/index.php?rest_route=\/wp\/v2\/posts\/16777"}],"collection":[{"href":"https:\/\/vackerunderbar.se\/index.php?rest_route=\/wp\/v2\/posts"}],"about":[{"href":"https:\/\/vackerunderbar.se\/index.php?rest_route=\/wp\/v2\/types\/post"}],"author":[{"embeddable":true,"href":"https:\/\/vackerunderbar.se\/index.php?rest_route=\/wp\/v2\/users\/1"}],"replies":[{"embeddable":true,"href":"https:\/\/vackerunderbar.se\/index.php?rest_route=%2Fwp%2Fv2%2Fcomments&post=16777"}],"version-history":[{"count":3,"href":"https:\/\/vackerunderbar.se\/index.php?rest_route=\/wp\/v2\/posts\/16777\/revisions"}],"predecessor-version":[{"id":54633,"href":"https:\/\/vackerunderbar.se\/index.php?rest_route=\/wp\/v2\/posts\/16777\/revisions\/54633"}],"wp:attachment":[{"href":"https:\/\/vackerunderbar.se\/index.php?rest_route=%2Fwp%2Fv2%2Fmedia&parent=16777"}],"wp:term":[{"taxonomy":"category","embeddable":true,"href":"https:\/\/vackerunderbar.se\/index.php?rest_route=%2Fwp%2Fv2%2Fcategories&post=16777"},{"taxonomy":"post_tag","embeddable":true,"href":"https:\/\/vackerunderbar.se\/index.php?rest_route=%2Fwp%2Fv2%2Ftags&post=16777"}],"curies":[{"name":"wp","href":"https:\/\/api.w.org\/{rel}","templated":true}]}}