{"id":16463,"date":"2011-04-11T08:20:46","date_gmt":"2011-04-11T06:20:46","guid":{"rendered":"http:\/\/www.vackerunderbar.se\/?p=16463"},"modified":"2014-06-03T17:47:37","modified_gmt":"2014-06-03T15:47:37","slug":"dagens-seattle-smaragde","status":"publish","type":"post","link":"https:\/\/vackerunderbar.se\/?p=16463","title":{"rendered":"Dagens: Seattle &#038; Smaragde"},"content":{"rendered":"<p>Nu kommer det tv\u00e5 Dagens-inl\u00e4gg p\u00e5 raken h\u00e4r, de passar bra att tidsinst\u00e4lla till morgonen s\u00e5 jag kan f\u00e5 sova ut idag! ;)<\/p>\n<p style=\"text-align: center;\"><a href=\"http:\/\/www.vackerunderbar.se\/wp-content\/uploads\/2011\/04\/tors-704-3.jpg\"><img loading=\"lazy\" decoding=\"async\" class=\"aligncenter size-full wp-image-16466\" title=\"tors-704-3\" src=\"http:\/\/www.vackerunderbar.se\/wp-content\/uploads\/2011\/04\/tors-704-3.jpg\" alt=\"\" width=\"315\" height=\"495\" \/><\/a><\/p>\n<p>Detta \u00e4r torsdagens mejk! Grundade med UDPP, d\u00e4refter MUS High Tech Lighter i f\u00e4rgen Platinum som jag arbetade ut med en pensel \u00f6ver hela \u00f6gonlocket. P\u00e5 hela den r\u00f6rliga delen Mist Seattle, i den inre \u00f6gonvr\u00e5n Smaragde fr\u00e5n MUS. Svart eyeliner fr\u00e5n H&amp;M och mascara fr\u00e5n Clinique.<\/p>\n<p style=\"text-align: center;\"><a href=\"http:\/\/www.vackerunderbar.se\/wp-content\/uploads\/2011\/04\/tors-704-1.jpg\"><img loading=\"lazy\" decoding=\"async\" class=\"alignnone size-medium wp-image-16464\" title=\"tors-704-1\" src=\"http:\/\/www.vackerunderbar.se\/wp-content\/uploads\/2011\/04\/tors-704-1-250x153.jpg\" alt=\"\" width=\"250\" height=\"153\" \/><\/a><a href=\"http:\/\/www.vackerunderbar.se\/wp-content\/uploads\/2011\/04\/tors-704-2.jpg\"><img loading=\"lazy\" decoding=\"async\" class=\"alignnone size-medium wp-image-16465\" title=\"tors-704-2\" src=\"http:\/\/www.vackerunderbar.se\/wp-content\/uploads\/2011\/04\/tors-704-2-250x169.jpg\" alt=\"\" width=\"228\" height=\"154\" \/><\/a><\/p>\n<p>H\u00f6ll mycket d\u00e5ligt dock, fick mata p\u00e5 en ny skugga p\u00e5 lunchen.<\/p>\n","protected":false},"excerpt":{"rendered":"<p>Nu kommer det tv\u00e5 Dagens-inl\u00e4gg p\u00e5 raken h\u00e4r, de passar bra att tidsinst\u00e4lla till morgonen s\u00e5 jag kan f\u00e5 sova ut idag! ;) Detta \u00e4r &hellip; <\/p>\n","protected":false},"author":1,"featured_media":0,"comment_status":"open","ping_status":"open","sticky":false,"template":"","format":"standard","meta":{"footnotes":""},"categories":[421],"tags":[505],"_links":{"self":[{"href":"https:\/\/vackerunderbar.se\/index.php?rest_route=\/wp\/v2\/posts\/16463"}],"collection":[{"href":"https:\/\/vackerunderbar.se\/index.php?rest_route=\/wp\/v2\/posts"}],"about":[{"href":"https:\/\/vackerunderbar.se\/index.php?rest_route=\/wp\/v2\/types\/post"}],"author":[{"embeddable":true,"href":"https:\/\/vackerunderbar.se\/index.php?rest_route=\/wp\/v2\/users\/1"}],"replies":[{"embeddable":true,"href":"https:\/\/vackerunderbar.se\/index.php?rest_route=%2Fwp%2Fv2%2Fcomments&post=16463"}],"version-history":[{"count":1,"href":"https:\/\/vackerunderbar.se\/index.php?rest_route=\/wp\/v2\/posts\/16463\/revisions"}],"predecessor-version":[{"id":16467,"href":"https:\/\/vackerunderbar.se\/index.php?rest_route=\/wp\/v2\/posts\/16463\/revisions\/16467"}],"wp:attachment":[{"href":"https:\/\/vackerunderbar.se\/index.php?rest_route=%2Fwp%2Fv2%2Fmedia&parent=16463"}],"wp:term":[{"taxonomy":"category","embeddable":true,"href":"https:\/\/vackerunderbar.se\/index.php?rest_route=%2Fwp%2Fv2%2Fcategories&post=16463"},{"taxonomy":"post_tag","embeddable":true,"href":"https:\/\/vackerunderbar.se\/index.php?rest_route=%2Fwp%2Fv2%2Ftags&post=16463"}],"curies":[{"name":"wp","href":"https:\/\/api.w.org\/{rel}","templated":true}]}}