{"id":12639,"date":"2010-09-12T18:49:29","date_gmt":"2010-09-12T16:49:29","guid":{"rendered":"http:\/\/www.vackerunderbar.se\/?p=12639"},"modified":"2014-06-03T19:04:19","modified_gmt":"2014-06-03T17:04:19","slug":"farden-genom-mangroven-av-maryse-conde","status":"publish","type":"post","link":"https:\/\/vackerunderbar.se\/?p=12639","title":{"rendered":"F\u00e4rden genom mangroven av Maryse Cond\u00e9"},"content":{"rendered":"<p><img loading=\"lazy\" decoding=\"async\" class=\"alignleft\" src=\"http:\/\/image.bokus.com\/images2\/9789173431491_large\" alt=\"\" width=\"131\" height=\"148\" \/>Jag har visst gl\u00f6mt att skriva om den h\u00e4r boken! <strong>F\u00e4rden genom mangroven av Maryse Cond\u00e9<\/strong> fr\u00e5n 2007 \u00e4r \u00e4nnu en ber\u00e4ttelse om \u00f6arna i Karibien som ing\u00e5r i EU. Denna g\u00e5ng \u00e4r ramber\u00e4ttelsen den om Francis Sancher som kommer till Rivi\u00e9re du Sal (om jag inte minns bynamnet helt fel) och v\u00e4nder upp och ner p\u00e5 hela byn. N\u00e5got \u00e4r fel med denna man och alla undrar \u00f6ver hans bakgrund.<\/p>\n<p>Boken \u00e4r uppbyggd kring hans d\u00f6d och hans likvaka och det \u00e4r de som vakar vid hans d\u00f6dsb\u00e4dd som ber\u00e4ttar om honom. Det \u00e4r allts\u00e5 en massa olika ber\u00e4ttelser om hur de m\u00f6tte Sancher och vad som h\u00e4nde. Ingen lyckades dock f\u00e5 reda p\u00e5 hans hemlighet fullt ut, men tillsammans med alla ber\u00e4ttelser f\u00e5r man bit av bit av hans historia klar f\u00f6r sig.<\/p>\n<p>Cond\u00e9 \u00e4r en mycket bra f\u00f6rfattare, som skriver helt i min stil.<\/p>\n<p>Betyg: 4 av 5<\/p>\n<blockquote><p>I en liten by p\u00e5 Guadeloupe hittas en dag utb\u00f6lingen Francis Sancher med ansiktet djupt nertryckt i leran. Den hemlighetsfulle och vemodige Sanchers d\u00f6d blir upptakten till en ber\u00e4ttelse om k\u00e4rlek och hat, om r\u00e4dsla men ocks\u00e5 om f\u00f6rsoning. En vacker och sammansatt roman av den karibiska litteraturens Grande Dame.<\/p><\/blockquote>\n","protected":false},"excerpt":{"rendered":"<p>Jag har visst gl\u00f6mt att skriva om den h\u00e4r boken! F\u00e4rden genom mangroven av Maryse Cond\u00e9 fr\u00e5n 2007 \u00e4r \u00e4nnu en ber\u00e4ttelse om \u00f6arna i &hellip; <\/p>\n","protected":false},"author":1,"featured_media":0,"comment_status":"open","ping_status":"open","sticky":false,"template":"","format":"standard","meta":{"footnotes":""},"categories":[424],"tags":[512],"_links":{"self":[{"href":"https:\/\/vackerunderbar.se\/index.php?rest_route=\/wp\/v2\/posts\/12639"}],"collection":[{"href":"https:\/\/vackerunderbar.se\/index.php?rest_route=\/wp\/v2\/posts"}],"about":[{"href":"https:\/\/vackerunderbar.se\/index.php?rest_route=\/wp\/v2\/types\/post"}],"author":[{"embeddable":true,"href":"https:\/\/vackerunderbar.se\/index.php?rest_route=\/wp\/v2\/users\/1"}],"replies":[{"embeddable":true,"href":"https:\/\/vackerunderbar.se\/index.php?rest_route=%2Fwp%2Fv2%2Fcomments&post=12639"}],"version-history":[{"count":2,"href":"https:\/\/vackerunderbar.se\/index.php?rest_route=\/wp\/v2\/posts\/12639\/revisions"}],"predecessor-version":[{"id":21044,"href":"https:\/\/vackerunderbar.se\/index.php?rest_route=\/wp\/v2\/posts\/12639\/revisions\/21044"}],"wp:attachment":[{"href":"https:\/\/vackerunderbar.se\/index.php?rest_route=%2Fwp%2Fv2%2Fmedia&parent=12639"}],"wp:term":[{"taxonomy":"category","embeddable":true,"href":"https:\/\/vackerunderbar.se\/index.php?rest_route=%2Fwp%2Fv2%2Fcategories&post=12639"},{"taxonomy":"post_tag","embeddable":true,"href":"https:\/\/vackerunderbar.se\/index.php?rest_route=%2Fwp%2Fv2%2Ftags&post=12639"}],"curies":[{"name":"wp","href":"https:\/\/api.w.org\/{rel}","templated":true}]}}