{"id":963,"date":"2008-07-22T14:04:35","date_gmt":"2008-07-22T12:04:35","guid":{"rendered":"http:\/\/www.vackerunderbar.se\/?p=963"},"modified":"2014-05-31T18:02:10","modified_gmt":"2014-05-31T16:02:10","slug":"pret-tytema-vad-har-jag-svart-for","status":"publish","type":"post","link":"http:\/\/vackerunderbar.se\/?p=963","title":{"rendered":"Pret-tytema: Vad har jag sv\u00e5rt f\u00f6r?"},"content":{"rendered":"<p style=\"text-align: left;\"><a href=\"http:\/\/vackerunderbar.se\/wp-content\/uploads\/2008\/05\/pretty_tema.gif\"><img decoding=\"async\" class=\"size-full wp-image-746 aligncenter\" title=\"pretty_tema\" src=\"http:\/\/vackerunderbar.se\/wp-content\/uploads\/2008\/05\/pretty_tema.gif\" alt=\"\" align=\"middle\" \/><\/a><\/p>\n<p style=\"text-align: left;\">Veckans Pret-tytema handlar om ett sminkomr\u00e5de som jag har sv\u00e5rt f\u00f6r. Tror det h\u00e4r temat har varit uppe f\u00f6rut, d\u00e5 skrev jag mina \u00f6gonfransar. Men nu har jag ju hittat den underbara <em>Extensium <\/em>fr\u00e5n Yves Rocher och k\u00e4nner d\u00e4rf\u00f6r inte att det \u00e4r ett problem l\u00e4ngre.<\/p>\n<p>Nej, det som \u00e4r ett st\u00e4ndigt problem &#8211; men skiftande beroende p\u00e5 hudkvalit\u00e9n &#8211; \u00e4r att jag blir blank efter halva dan. Jag anv\u00e4nder just nu en oljefri dagkr\u00e4m (Suk\u00ed Velvet Touch) och en oljefri foundation, samt Sexy Mama fr\u00e5n The Balm (?) &#8211; men \u00e4nd\u00e5 \u00e4r jag blank f\u00f6re lunch. Inte s\u00e5 att det runnit av, men det \u00e4r blankt. Framf\u00f6rallt kinderna och runt n\u00e4san numera.<\/p>\n<p>Har testat med olika matte-kr\u00e4mer under foundation etc, men n\u00e4. Det verkar inte g\u00e5 att l\u00f6sa. Ska prova Vichys foundation senare i h\u00f6st, kanske den funkar.<\/p>\n<p><strong>F\u00f6rresten, gl\u00f6m inte att r\u00f6sta! &#8211;&gt;<\/strong><\/p>\n","protected":false},"excerpt":{"rendered":"<p>Veckans Pret-tytema handlar om ett sminkomr\u00e5de som jag har sv\u00e5rt f\u00f6r. Tror det h\u00e4r temat har varit uppe f\u00f6rut, d\u00e5 skrev jag mina \u00f6gonfransar. Men &hellip; <\/p>\n","protected":false},"author":1,"featured_media":0,"comment_status":"open","ping_status":"open","sticky":false,"template":"","format":"standard","meta":{"footnotes":""},"categories":[448],"tags":[],"_links":{"self":[{"href":"http:\/\/vackerunderbar.se\/index.php?rest_route=\/wp\/v2\/posts\/963"}],"collection":[{"href":"http:\/\/vackerunderbar.se\/index.php?rest_route=\/wp\/v2\/posts"}],"about":[{"href":"http:\/\/vackerunderbar.se\/index.php?rest_route=\/wp\/v2\/types\/post"}],"author":[{"embeddable":true,"href":"http:\/\/vackerunderbar.se\/index.php?rest_route=\/wp\/v2\/users\/1"}],"replies":[{"embeddable":true,"href":"http:\/\/vackerunderbar.se\/index.php?rest_route=%2Fwp%2Fv2%2Fcomments&post=963"}],"version-history":[{"count":6,"href":"http:\/\/vackerunderbar.se\/index.php?rest_route=\/wp\/v2\/posts\/963\/revisions"}],"predecessor-version":[{"id":9953,"href":"http:\/\/vackerunderbar.se\/index.php?rest_route=\/wp\/v2\/posts\/963\/revisions\/9953"}],"wp:attachment":[{"href":"http:\/\/vackerunderbar.se\/index.php?rest_route=%2Fwp%2Fv2%2Fmedia&parent=963"}],"wp:term":[{"taxonomy":"category","embeddable":true,"href":"http:\/\/vackerunderbar.se\/index.php?rest_route=%2Fwp%2Fv2%2Fcategories&post=963"},{"taxonomy":"post_tag","embeddable":true,"href":"http:\/\/vackerunderbar.se\/index.php?rest_route=%2Fwp%2Fv2%2Ftags&post=963"}],"curies":[{"name":"wp","href":"https:\/\/api.w.org\/{rel}","templated":true}]}}