{"id":909,"date":"2008-07-15T18:29:34","date_gmt":"2008-07-15T16:29:34","guid":{"rendered":"http:\/\/vackerunderbar.se\/?p=909"},"modified":"2014-06-03T18:45:03","modified_gmt":"2014-06-03T16:45:03","slug":"dagens-x-2","status":"publish","type":"post","link":"http:\/\/vackerunderbar.se\/?p=909","title":{"rendered":"Dagens x 2"},"content":{"rendered":"<p>Blev inte att jag fick upp en Dagens ig\u00e5r. Vi kollade p\u00e5 film och \u00e5t ig\u00e5r och s\u00e5 fick jag rycka ut till min lilla styvmamma efter 9. Sedan var jag f\u00f6r tr\u00f6tt f\u00f6r att orka med n\u00e5t mer&#8230;. Men ni f\u00e5r gl\u00e4dja er \u00e5t att det blir tv\u00e5 stycken idag ist\u00e4llet!<\/p>\n<p><strong>M\u00e5ndag 14e juli<\/strong><br \/>\n<a href=\"http:\/\/vackerunderbar.se\/wp-content\/uploads\/2008\/07\/man-1407-1.jpg\"><img loading=\"lazy\" decoding=\"async\" class=\"alignnone size-thumbnail wp-image-911 alignleft\" style=\"float: left;\" title=\"man-1407-1\" src=\"http:\/\/vackerunderbar.se\/wp-content\/uploads\/2008\/07\/man-1407-1-150x150.jpg\" alt=\"\" width=\"80\" height=\"80\" \/><\/a>Dagens best\u00e5r av den bl\u00e5 skuggan fr\u00e5n H&amp;Ms Smokey Eyes-palett, samt lite av en persikof\u00e4rgad i den inre \u00f6gonvr\u00e5n fr\u00e5n v\u00e5rpaletten. R\u00e4tt mesig, ska kolla p\u00e5 lite kavalkader f\u00f6r att inspireras. Tycker inte om mina mesiga sminkningar p\u00e5 sistone!<\/p>\n<p><a href=\"http:\/\/vackerunderbar.se\/wp-content\/uploads\/2008\/07\/man-1407-3.jpg\"><\/a><a href=\"http:\/\/vackerunderbar.se\/wp-content\/uploads\/2008\/07\/man-1407-4.jpg\"><\/a><\/p>\n<p style=\"text-align: center;\"><img loading=\"lazy\" decoding=\"async\" class=\"alignnone size-full wp-image-914 aligncenter\" title=\"man-1407-4\" src=\"http:\/\/vackerunderbar.se\/wp-content\/uploads\/2008\/07\/man-1407-4.jpg\" alt=\"\" width=\"500\" height=\"128\" \/><\/p>\n<p style=\"text-align: center;\"><img loading=\"lazy\" decoding=\"async\" class=\"alignnone size-full wp-image-913 aligncenter\" title=\"man-1407-3\" src=\"http:\/\/vackerunderbar.se\/wp-content\/uploads\/2008\/07\/man-1407-3.jpg\" alt=\"\" width=\"500\" height=\"119\" \/><\/p>\n<p><strong>Tisdag 15e juli<br \/>\n<\/strong><a href=\"http:\/\/vackerunderbar.se\/wp-content\/uploads\/2008\/07\/wendygos.jpg\"><img loading=\"lazy\" decoding=\"async\" class=\"alignnone size-thumbnail wp-image-910 alignleft\" style=\"float: left;\" title=\"wendygos\" src=\"http:\/\/vackerunderbar.se\/wp-content\/uploads\/2008\/07\/wendygos-150x150.jpg\" alt=\"\" width=\"80\" height=\"80\" \/><\/a><a href=\"http:\/\/vackerunderbar.se\/wp-content\/uploads\/2008\/07\/tis-1507-1.jpg\"><img loading=\"lazy\" decoding=\"async\" class=\"alignnone size-thumbnail wp-image-915 alignleft\" style=\"float: left;\" title=\"tis-1507-1\" src=\"http:\/\/vackerunderbar.se\/wp-content\/uploads\/2008\/07\/tis-1507-1-150x150.jpg\" alt=\"\" width=\"80\" height=\"80\" \/><\/a>Dagens \u00e4r den gr\u00e5 skuggan fr\u00e5n H&amp;Ms Smokey Eyes-palett. Svart kajal och mascara. Lite dystert. Bilden p\u00e5 Wendy \u00e4r v\u00e4l rolig, vi blev sittande s\u00e5d\u00e4r ett tag i morse. Hon gillar inte riktigt att jag g\u00e5r till jobbet, sprang ut i trapphuset efter mig idag ocks\u00e5.<\/p>\n<p><a href=\"http:\/\/vackerunderbar.se\/wp-content\/uploads\/2008\/07\/tis-1507-2.jpg\"><\/a><a href=\"http:\/\/vackerunderbar.se\/wp-content\/uploads\/2008\/07\/tis-1507-3.jpg\"><\/a><\/p>\n<p style=\"text-align: center;\"><img loading=\"lazy\" decoding=\"async\" class=\"alignnone size-full wp-image-917 aligncenter\" title=\"tis-1507-3\" src=\"http:\/\/vackerunderbar.se\/wp-content\/uploads\/2008\/07\/tis-1507-3.jpg\" alt=\"\" width=\"500\" height=\"126\" \/><\/p>\n<p style=\"text-align: center;\"><img loading=\"lazy\" decoding=\"async\" class=\"alignnone size-full wp-image-916 aligncenter\" title=\"tis-1507-2\" src=\"http:\/\/vackerunderbar.se\/wp-content\/uploads\/2008\/07\/tis-1507-2.jpg\" alt=\"\" width=\"500\" height=\"118\" \/><\/p>\n","protected":false},"excerpt":{"rendered":"<p>Blev inte att jag fick upp en Dagens ig\u00e5r. Vi kollade p\u00e5 film och \u00e5t ig\u00e5r och s\u00e5 fick jag rycka ut till min lilla &hellip; <\/p>\n","protected":false},"author":1,"featured_media":0,"comment_status":"open","ping_status":"open","sticky":false,"template":"","format":"standard","meta":{"footnotes":""},"categories":[421],"tags":[505],"_links":{"self":[{"href":"http:\/\/vackerunderbar.se\/index.php?rest_route=\/wp\/v2\/posts\/909"}],"collection":[{"href":"http:\/\/vackerunderbar.se\/index.php?rest_route=\/wp\/v2\/posts"}],"about":[{"href":"http:\/\/vackerunderbar.se\/index.php?rest_route=\/wp\/v2\/types\/post"}],"author":[{"embeddable":true,"href":"http:\/\/vackerunderbar.se\/index.php?rest_route=\/wp\/v2\/users\/1"}],"replies":[{"embeddable":true,"href":"http:\/\/vackerunderbar.se\/index.php?rest_route=%2Fwp%2Fv2%2Fcomments&post=909"}],"version-history":[{"count":1,"href":"http:\/\/vackerunderbar.se\/index.php?rest_route=\/wp\/v2\/posts\/909\/revisions"}],"predecessor-version":[{"id":59011,"href":"http:\/\/vackerunderbar.se\/index.php?rest_route=\/wp\/v2\/posts\/909\/revisions\/59011"}],"wp:attachment":[{"href":"http:\/\/vackerunderbar.se\/index.php?rest_route=%2Fwp%2Fv2%2Fmedia&parent=909"}],"wp:term":[{"taxonomy":"category","embeddable":true,"href":"http:\/\/vackerunderbar.se\/index.php?rest_route=%2Fwp%2Fv2%2Fcategories&post=909"},{"taxonomy":"post_tag","embeddable":true,"href":"http:\/\/vackerunderbar.se\/index.php?rest_route=%2Fwp%2Fv2%2Ftags&post=909"}],"curies":[{"name":"wp","href":"https:\/\/api.w.org\/{rel}","templated":true}]}}