{"id":8718,"date":"2010-03-15T09:43:39","date_gmt":"2010-03-15T08:43:39","guid":{"rendered":"http:\/\/www.vackerunderbar.se\/?p=8718"},"modified":"2014-05-30T21:33:49","modified_gmt":"2014-05-30T19:33:49","slug":"stockholm-fran-sin-fina-sida","status":"publish","type":"post","link":"http:\/\/vackerunderbar.se\/?p=8718","title":{"rendered":"Stockholm fr\u00e5n sin fina sida"},"content":{"rendered":"<p>Det \u00e4r riktigt fint h\u00e4r, solen skiner n\u00e5t fruktansv\u00e4rt och just nu k\u00e4nns livet riktigt bra.<\/p>\n<p>Sitter med min\/Anders laptop h\u00e4r i receptionen p\u00e5 hotellet och v\u00e4ntar p\u00e5 tjejerna fr\u00e5n Skugge &amp; Co.\u00a0 Trist f\u00f6r Linda att hon inte kom sj\u00e4lv. Jag hade n\u00e4mligen fixat nagellack till henne och hennes d\u00f6ttrar. Men tji fick hon, jag \u00e4r reducerad till en lunch ist\u00e4llet ;)<\/p>\n<p style=\"text-align: center;\"><a href=\"http:\/\/www.vackerunderbar.se\/wp-content\/uploads\/2010\/03\/kaffe.jpg\"><img loading=\"lazy\" decoding=\"async\" class=\"aligncenter size-full wp-image-8719\" title=\"kaffe\" src=\"http:\/\/www.vackerunderbar.se\/wp-content\/uploads\/2010\/03\/kaffe.jpg\" alt=\"\" width=\"512\" height=\"384\" \/><\/a><\/p>\n<p>Mina Minx h\u00e5ller p\u00e5 att trilla av, f\u00e5r nog ta och dra av dem ikv\u00e4ll och k\u00f6ra ig\u00e5ng med en Barielle-kur ist\u00e4llet p\u00e5 n\u00e5gra veckor. Barielle-kur och B5-kur, och kanske tom en Itrim-kur hahaha! N\u00e4 usch, tr\u00e4nat 2 ggr p\u00e5 Itrim, jag \u00e4r s\u00e5 j\u00e4kla lat&#8230;.<\/p>\n<p>Fast nu kan jag iaf skylla p\u00e5 min fot, ska \u00e5ka till Vrinnevi imorgon och sitta p\u00e5 akuten och v\u00e4nta i en halv evighet. Misst\u00e4nker en spricka men kan ocks\u00e5 vara ett brott p\u00e5 ett ledband. Det liksom hugger och jag kan inte str\u00e4cka ut foten ordentligt, s\u00e5 n\u00e5t tjafs \u00e4r det. Ska passa p\u00e5 och ta cellprov med, inte gjort det p\u00e5 alldeles f\u00f6r m\u00e5nga \u00e5r (har faktiskt tom gjort en konisering pga cellf\u00f6r\u00e4ndingar, s\u00e5 rent av korkat av mig att inte ha kollat p\u00e5 sistone!) n\u00e4r jag \u00e4nd\u00e5 \u00e4r d\u00e4r p\u00e5 Vrinnevi. Tror de har drop in p\u00e5 tisdagar ocks\u00e5.<\/p>\n<p>J\u00f6sses vad produktiv jag blev nu, f\u00e5r ta och pallra mig ner till hotellreceptioner lite oftare!<\/p>\n","protected":false},"excerpt":{"rendered":"<p>Det \u00e4r riktigt fint h\u00e4r, solen skiner n\u00e5t fruktansv\u00e4rt och just nu k\u00e4nns livet riktigt bra. Sitter med min\/Anders laptop h\u00e4r i receptionen p\u00e5 hotellet &hellip; <\/p>\n","protected":false},"author":1,"featured_media":0,"comment_status":"open","ping_status":"open","sticky":false,"template":"","format":"standard","meta":{"footnotes":""},"categories":[448],"tags":[],"_links":{"self":[{"href":"http:\/\/vackerunderbar.se\/index.php?rest_route=\/wp\/v2\/posts\/8718"}],"collection":[{"href":"http:\/\/vackerunderbar.se\/index.php?rest_route=\/wp\/v2\/posts"}],"about":[{"href":"http:\/\/vackerunderbar.se\/index.php?rest_route=\/wp\/v2\/types\/post"}],"author":[{"embeddable":true,"href":"http:\/\/vackerunderbar.se\/index.php?rest_route=\/wp\/v2\/users\/1"}],"replies":[{"embeddable":true,"href":"http:\/\/vackerunderbar.se\/index.php?rest_route=%2Fwp%2Fv2%2Fcomments&post=8718"}],"version-history":[{"count":2,"href":"http:\/\/vackerunderbar.se\/index.php?rest_route=\/wp\/v2\/posts\/8718\/revisions"}],"predecessor-version":[{"id":8721,"href":"http:\/\/vackerunderbar.se\/index.php?rest_route=\/wp\/v2\/posts\/8718\/revisions\/8721"}],"wp:attachment":[{"href":"http:\/\/vackerunderbar.se\/index.php?rest_route=%2Fwp%2Fv2%2Fmedia&parent=8718"}],"wp:term":[{"taxonomy":"category","embeddable":true,"href":"http:\/\/vackerunderbar.se\/index.php?rest_route=%2Fwp%2Fv2%2Fcategories&post=8718"},{"taxonomy":"post_tag","embeddable":true,"href":"http:\/\/vackerunderbar.se\/index.php?rest_route=%2Fwp%2Fv2%2Ftags&post=8718"}],"curies":[{"name":"wp","href":"https:\/\/api.w.org\/{rel}","templated":true}]}}