{"id":71628,"date":"2017-02-22T21:35:27","date_gmt":"2017-02-22T20:35:27","guid":{"rendered":"http:\/\/vackerunderbar.se\/?p=71628"},"modified":"2017-02-22T21:39:34","modified_gmt":"2017-02-22T20:39:34","slug":"deltagare-gron-onsdag-152","status":"publish","type":"post","link":"http:\/\/vackerunderbar.se\/?p=71628","title":{"rendered":"Deltagare Gr\u00f6n Onsdag"},"content":{"rendered":"<p>Hall\u00e5!<\/p>\n<p><a href=\"http:\/\/vackerunderbar.se\/wp-content\/uploads\/2017\/02\/wp-image-822888981jpg.jpg\"><img loading=\"lazy\" decoding=\"async\" class=\"alignright  wp-image-71631\" title=\"\" src=\"http:\/\/vackerunderbar.se\/wp-content\/uploads\/2017\/02\/wp-image-822888981jpg.jpg\" alt=\"\" width=\"187\" height=\"187\" srcset=\"http:\/\/vackerunderbar.se\/wp-content\/uploads\/2017\/02\/wp-image-822888981jpg.jpg 2000w, http:\/\/vackerunderbar.se\/wp-content\/uploads\/2017\/02\/wp-image-822888981jpg-150x150.jpg 150w, http:\/\/vackerunderbar.se\/wp-content\/uploads\/2017\/02\/wp-image-822888981jpg-340x340.jpg 340w, http:\/\/vackerunderbar.se\/wp-content\/uploads\/2017\/02\/wp-image-822888981jpg-768x768.jpg 768w, http:\/\/vackerunderbar.se\/wp-content\/uploads\/2017\/02\/wp-image-822888981jpg-700x700.jpg 700w, http:\/\/vackerunderbar.se\/wp-content\/uploads\/2017\/02\/wp-image-822888981jpg-732x732.jpg 732w, http:\/\/vackerunderbar.se\/wp-content\/uploads\/2017\/02\/wp-image-822888981jpg-1140x1140.jpg 1140w\" sizes=\"(max-width: 187px) 100vw, 187px\" \/><\/a>Hur har ni haft det idag? Jag blev utk\u00f6rd fr\u00e5n dagis i morse! De tyckte att jag kunde ta en promenad p\u00e5 en timme &#8211; i sn\u00f6storm! &#8211; och att jag skulle \u00f6va p\u00e5 att s\u00e4ga hejd\u00e5! Det gick riktigt bra f\u00f6r oss b\u00e5da faktiskt, inga t\u00e5rar fr\u00e5n n\u00e5gon av oss. Dock blev jag r\u00e4tt bl\u00f6t, skorna l\u00e4cker visst lite&#8230; Imorgon ska jag l\u00e4mna redan p\u00e5 morgonen och komma tillbaka f\u00f6rst efter lunch. Det blir nog jobbigare.<\/p>\n<p>Men, nu ska vi ist\u00e4llet bes\u00f6ka er och se vad ni visar upp f\u00f6r fint!<\/p>\n<h3>Deltagare Gr\u00f6n Onsdag<\/h3>\n<ul>\n<li><a href=\"http:\/\/crimsonanna.blogspot.se\/2017\/02\/gron-onsdag-prinsesstartans-hamnd.html\" target=\"_blank\"><strong>Anna<\/strong><\/a> var f\u00f6rst ut idag, hon deltar med en cool manikyr med lack fr\u00e5n Depend. \u00c4lskar kombinationen gr\u00f6nt och rosa!<\/li>\n<li><a href=\"http:\/\/mymixednailpolish.blogspot.se\/2017\/02\/wet-n-wild-be-more-pacific.html\" target=\"_blank\"><strong>Ingegerd<\/strong><\/a> visar ett lack fr\u00e5n Wet n Wild, en h\u00e4rlig kr\u00e4m i en h\u00e4rlig nyans, vad kan g\u00e5 fel! Snyggt som tusan!<\/li>\n<li><a href=\"https:\/\/www.instagram.com\/p\/BQzx7GDA9j1\/\" target=\"_blank\"><strong>Linda<\/strong><\/a> har glammiga naglar idag med ett lack fr\u00e5n Glam Polish, ett otroligt vackert lack!<\/li>\n<li><a href=\"https:\/\/hanninator.com\/2017\/02\/22\/pahlish-dumbledores-army\/\" target=\"_blank\"><strong>Hanna<\/strong><\/a> \u00e4r ny i v\u00e5r fina gemenskap, v\u00e4lkommen! &lt;3 Hon visar ett otroligt vackert lack fr\u00e5n Pahlish! Blir v\u00e4ldigt sugen p\u00e5 hela den kollektionen.<\/li>\n<li><a href=\"http:\/\/lottskypottsky.blogg.se\/2017\/february\/dags-for-gront-igen.html\" target=\"_blank\"><strong>Lottsky<\/strong><\/a> visar h\u00e4rligt murrigt skimmer fr\u00e5n H&amp;M, v\u00e4ldigt snyggt med glittertippar! H&amp;M har s\u00e5 mycket snyggt!<\/li>\n<li><a href=\"https:\/\/www.instagram.com\/p\/BQ0JNeLjANS\/\" target=\"_blank\"><strong>Anna<\/strong><\/a> deltar med en rej\u00e4l glittermacka med lack fr\u00e5n piCture pOlish! L\u00e4ckert som bara tusan!<\/li>\n<li><a href=\"http:\/\/marinamake.blogspot.se\/2017\/02\/green-dazzle-gron-onsdag.html\" target=\"_blank\"><strong>Marina<\/strong><\/a> visar ocks\u00e5 bling med lack fr\u00e5n W7. Otroligt l\u00e4ckert, kul n\u00e4r budgetlack kan ge en s\u00e5dan \u00f6verraskning.<\/li>\n<li><a href=\"https:\/\/www.instagram.com\/p\/BQ0mqQWhoC-\/\" target=\"_blank\"><strong>Sminkan<\/strong><\/a>s f\u00f6rsta bidrag \u00e4r med Depends gr\u00f6na sandlack, fortfarande fint och p\u00e5minner mer om v\u00e5r nu!<\/li>\n<li><a href=\"https:\/\/www.instagram.com\/p\/BQ0nUc1hy3X\/\" target=\"_blank\"><strong>Sminkan<\/strong><\/a>s andra bidrag \u00e4r en underbar mejk med skuggor fr\u00e5n Fyrinnae, s\u00e5 himla fint!<\/li>\n<\/ul>\n<p><!-- start InLinkz script --><\/p>\n<p id=\"698345\" class=\"InLinkzContainer\"><a title=\"click to view in an external page.\" href=\"http:\/\/www.inlinkz.com\/new\/view.php?id=698345\" rel=\"nofollow\">An InLinkz Link-up<\/a><\/p>\n<p><!-- end InLinkz script --><\/p>\n","protected":false},"excerpt":{"rendered":"<p>Hall\u00e5! Hur har ni haft det idag? Jag blev utk\u00f6rd fr\u00e5n dagis i morse! De tyckte att jag kunde ta en promenad p\u00e5 en timme &hellip; <\/p>\n","protected":false},"author":1,"featured_media":0,"comment_status":"open","ping_status":"open","sticky":false,"template":"","format":"standard","meta":{"footnotes":""},"categories":[43],"tags":[431],"_links":{"self":[{"href":"http:\/\/vackerunderbar.se\/index.php?rest_route=\/wp\/v2\/posts\/71628"}],"collection":[{"href":"http:\/\/vackerunderbar.se\/index.php?rest_route=\/wp\/v2\/posts"}],"about":[{"href":"http:\/\/vackerunderbar.se\/index.php?rest_route=\/wp\/v2\/types\/post"}],"author":[{"embeddable":true,"href":"http:\/\/vackerunderbar.se\/index.php?rest_route=\/wp\/v2\/users\/1"}],"replies":[{"embeddable":true,"href":"http:\/\/vackerunderbar.se\/index.php?rest_route=%2Fwp%2Fv2%2Fcomments&post=71628"}],"version-history":[{"count":4,"href":"http:\/\/vackerunderbar.se\/index.php?rest_route=\/wp\/v2\/posts\/71628\/revisions"}],"predecessor-version":[{"id":71634,"href":"http:\/\/vackerunderbar.se\/index.php?rest_route=\/wp\/v2\/posts\/71628\/revisions\/71634"}],"wp:attachment":[{"href":"http:\/\/vackerunderbar.se\/index.php?rest_route=%2Fwp%2Fv2%2Fmedia&parent=71628"}],"wp:term":[{"taxonomy":"category","embeddable":true,"href":"http:\/\/vackerunderbar.se\/index.php?rest_route=%2Fwp%2Fv2%2Fcategories&post=71628"},{"taxonomy":"post_tag","embeddable":true,"href":"http:\/\/vackerunderbar.se\/index.php?rest_route=%2Fwp%2Fv2%2Ftags&post=71628"}],"curies":[{"name":"wp","href":"https:\/\/api.w.org\/{rel}","templated":true}]}}