{"id":70809,"date":"2016-11-28T16:15:38","date_gmt":"2016-11-28T15:15:38","guid":{"rendered":"http:\/\/vackerunderbar.se\/?p=70809"},"modified":"2016-11-28T16:16:43","modified_gmt":"2016-11-28T15:16:43","slug":"vecka-47-med-instagram-5","status":"publish","type":"post","link":"http:\/\/vackerunderbar.se\/?p=70809","title":{"rendered":"Vecka 47 med Instagram"},"content":{"rendered":"<p>Dags f\u00f6r en retrospektiv analys igen. Ganska lugn vecka, om man j\u00e4mf\u00f6r med denna!<\/p>\n<p><a href=\"http:\/\/vackerunderbar.se\/wp-content\/uploads\/2016\/11\/photogrid_1480345056706.png\"><img loading=\"lazy\" decoding=\"async\" width=\"700\" height=\"700\" alt=\"\" src=\"http:\/\/vackerunderbar.se\/wp-content\/uploads\/2016\/11\/photogrid_1480345056706.png\" title=\"\" class=\"alignnone size-full wp-image-70806\" srcset=\"http:\/\/vackerunderbar.se\/wp-content\/uploads\/2016\/11\/photogrid_1480345056706.png 1080w, http:\/\/vackerunderbar.se\/wp-content\/uploads\/2016\/11\/photogrid_1480345056706-150x150.png 150w, http:\/\/vackerunderbar.se\/wp-content\/uploads\/2016\/11\/photogrid_1480345056706-340x340.png 340w, http:\/\/vackerunderbar.se\/wp-content\/uploads\/2016\/11\/photogrid_1480345056706-768x768.png 768w, http:\/\/vackerunderbar.se\/wp-content\/uploads\/2016\/11\/photogrid_1480345056706-700x700.png 700w, http:\/\/vackerunderbar.se\/wp-content\/uploads\/2016\/11\/photogrid_1480345056706-732x732.png 732w\" sizes=\"(max-width: 700px) 100vw, 700px\" \/><\/a><\/p>\n<p>1\/\/ M\u00e5ndagsmys med mina bebisar. Sk\u00f6nt med en l\u00e5ngsam start p\u00e5 veckan. 2\/\/ Tisdag och jag kommer en timme f\u00f6r tidigt till terapin. Blev en promenad p\u00e5 stan. 3\/\/ Och efter\u00e5t h\u00e4ngde vi p\u00e5 biblioteket. 4\/\/ B\u00e5ten \u00e4r framme igen! Dags f\u00f6r \u00e5rets ljusfestival.<\/p>\n<p>&nbsp;<br \/>\n<a href=\"http:\/\/vackerunderbar.se\/wp-content\/uploads\/2016\/11\/photogrid_1480345242224.png\"><img loading=\"lazy\" decoding=\"async\" width=\"700\" height=\"700\" alt=\"\" src=\"http:\/\/vackerunderbar.se\/wp-content\/uploads\/2016\/11\/photogrid_1480345242224.png\" title=\"\" class=\"alignnone size-full wp-image-70807\" srcset=\"http:\/\/vackerunderbar.se\/wp-content\/uploads\/2016\/11\/photogrid_1480345242224.png 1080w, http:\/\/vackerunderbar.se\/wp-content\/uploads\/2016\/11\/photogrid_1480345242224-150x150.png 150w, http:\/\/vackerunderbar.se\/wp-content\/uploads\/2016\/11\/photogrid_1480345242224-340x340.png 340w, http:\/\/vackerunderbar.se\/wp-content\/uploads\/2016\/11\/photogrid_1480345242224-768x768.png 768w, http:\/\/vackerunderbar.se\/wp-content\/uploads\/2016\/11\/photogrid_1480345242224-700x700.png 700w, http:\/\/vackerunderbar.se\/wp-content\/uploads\/2016\/11\/photogrid_1480345242224-732x732.png 732w\" sizes=\"(max-width: 700px) 100vw, 700px\" \/><\/a><\/p>\n<p>1\/\/ Lite mer inofficiell konst. 2\/\/ Moi! Kul med f\u00e4rgstarkt l\u00e4ppstift. 3\/\/ Efter \u00e4nnu en promenad i solen med familjen. 4\/\/ I l\u00f6rdags var vi p\u00e5 Arbetets Museum en sv\u00e4ng. Mika lekte med t\u00e5gen i det lilla rummet.<\/p>\n<p>&nbsp;<br \/>\n<a href=\"http:\/\/vackerunderbar.se\/wp-content\/uploads\/2016\/11\/photogrid_1480345321171.png\"><img loading=\"lazy\" decoding=\"async\" width=\"700\" height=\"700\" alt=\"\" src=\"http:\/\/vackerunderbar.se\/wp-content\/uploads\/2016\/11\/photogrid_1480345321171.png\" title=\"\" class=\"alignnone size-full wp-image-70808\" srcset=\"http:\/\/vackerunderbar.se\/wp-content\/uploads\/2016\/11\/photogrid_1480345321171.png 1080w, http:\/\/vackerunderbar.se\/wp-content\/uploads\/2016\/11\/photogrid_1480345321171-150x150.png 150w, http:\/\/vackerunderbar.se\/wp-content\/uploads\/2016\/11\/photogrid_1480345321171-340x340.png 340w, http:\/\/vackerunderbar.se\/wp-content\/uploads\/2016\/11\/photogrid_1480345321171-768x768.png 768w, http:\/\/vackerunderbar.se\/wp-content\/uploads\/2016\/11\/photogrid_1480345321171-700x700.png 700w, http:\/\/vackerunderbar.se\/wp-content\/uploads\/2016\/11\/photogrid_1480345321171-732x732.png 732w\" sizes=\"(max-width: 700px) 100vw, 700px\" \/><\/a><\/p>\n<p>1\/\/ Efter \u00e4nnu en solpromenad! Efter museet gick vi till parken, efter en stunds lek p\u00e5 lekplatsen somnade Mika s\u00e5 d\u00e5 gick vi ett varv nere vid str\u00f6mmen. 2\/\/ Sol i motljus! Inte min \u00f6l s\u00e5klart. 3\/\/ S\u00f6ndag och st\u00e4ddag. Anders togen dusch efter en l\u00f6pv\u00e4nda och Mika tittade p\u00e5. 4\/\/ Och s\u00e5 satte jag upp ljusslingor eftersom jag vete fan var jag lagt stj\u00e4rnorna !&nbsp;<\/p>\n","protected":false},"excerpt":{"rendered":"<p>Dags f\u00f6r en retrospektiv analys igen. Ganska lugn vecka, om man j\u00e4mf\u00f6r med denna! 1\/\/ M\u00e5ndagsmys med mina bebisar. Sk\u00f6nt med en l\u00e5ngsam start p\u00e5 &hellip; <\/p>\n","protected":false},"author":1,"featured_media":0,"comment_status":"open","ping_status":"open","sticky":false,"template":"","format":"standard","meta":{"footnotes":""},"categories":[56],"tags":[436],"_links":{"self":[{"href":"http:\/\/vackerunderbar.se\/index.php?rest_route=\/wp\/v2\/posts\/70809"}],"collection":[{"href":"http:\/\/vackerunderbar.se\/index.php?rest_route=\/wp\/v2\/posts"}],"about":[{"href":"http:\/\/vackerunderbar.se\/index.php?rest_route=\/wp\/v2\/types\/post"}],"author":[{"embeddable":true,"href":"http:\/\/vackerunderbar.se\/index.php?rest_route=\/wp\/v2\/users\/1"}],"replies":[{"embeddable":true,"href":"http:\/\/vackerunderbar.se\/index.php?rest_route=%2Fwp%2Fv2%2Fcomments&post=70809"}],"version-history":[{"count":2,"href":"http:\/\/vackerunderbar.se\/index.php?rest_route=\/wp\/v2\/posts\/70809\/revisions"}],"predecessor-version":[{"id":70811,"href":"http:\/\/vackerunderbar.se\/index.php?rest_route=\/wp\/v2\/posts\/70809\/revisions\/70811"}],"wp:attachment":[{"href":"http:\/\/vackerunderbar.se\/index.php?rest_route=%2Fwp%2Fv2%2Fmedia&parent=70809"}],"wp:term":[{"taxonomy":"category","embeddable":true,"href":"http:\/\/vackerunderbar.se\/index.php?rest_route=%2Fwp%2Fv2%2Fcategories&post=70809"},{"taxonomy":"post_tag","embeddable":true,"href":"http:\/\/vackerunderbar.se\/index.php?rest_route=%2Fwp%2Fv2%2Ftags&post=70809"}],"curies":[{"name":"wp","href":"https:\/\/api.w.org\/{rel}","templated":true}]}}