{"id":70660,"date":"2016-10-31T18:05:15","date_gmt":"2016-10-31T17:05:15","guid":{"rendered":"http:\/\/vackerunderbar.se\/?p=70660"},"modified":"2016-10-31T18:06:17","modified_gmt":"2016-10-31T17:06:17","slug":"vecka-43-med-instagram-4","status":"publish","type":"post","link":"http:\/\/vackerunderbar.se\/?p=70660","title":{"rendered":"Vecka 43 med Instagram"},"content":{"rendered":"<p>Testar ett nytt format. Blev lite tr\u00f6tt p\u00e5 att alla bilder var olika stora s\u00e5&#8230; Och ja, instaweek \u00e4r tillbaka!<\/p>\n<p><img loading=\"lazy\" decoding=\"async\" class=\"alignnone size-large wp-image-70664\" src=\"http:\/\/vackerunderbar.se\/wp-content\/uploads\/2016\/10\/insta-v44-1-700x700.jpg\" alt=\"insta-v44-1\" width=\"700\" height=\"700\" srcset=\"http:\/\/vackerunderbar.se\/wp-content\/uploads\/2016\/10\/insta-v44-1-700x700.jpg 700w, http:\/\/vackerunderbar.se\/wp-content\/uploads\/2016\/10\/insta-v44-1-150x150.jpg 150w, http:\/\/vackerunderbar.se\/wp-content\/uploads\/2016\/10\/insta-v44-1-340x340.jpg 340w, http:\/\/vackerunderbar.se\/wp-content\/uploads\/2016\/10\/insta-v44-1-768x768.jpg 768w, http:\/\/vackerunderbar.se\/wp-content\/uploads\/2016\/10\/insta-v44-1-732x732.jpg 732w, http:\/\/vackerunderbar.se\/wp-content\/uploads\/2016\/10\/insta-v44-1.jpg 1000w\" sizes=\"(max-width: 700px) 100vw, 700px\" \/><\/p>\n<p>1\/\/ M\u00e5ndag och jag var p\u00e5 Charmanderjakt i regnet. 2\/\/ Vacker japansk l\u00f6nn 3\/\/ Mika \u00e4r s\u00e5 snabb p\u00e5 att l\u00e4ra sig! Fattar direkt hur en app funkar. 4\/\/ Mika f\u00f6r ett \u00e5r sedan, n\u00e4r vi \u00e5terigen var p\u00e5 sjukhus och ingen visste varf\u00f6r.<\/p>\n<p>&nbsp;<\/p>\n<p><img loading=\"lazy\" decoding=\"async\" class=\"alignnone size-large wp-image-70663\" src=\"http:\/\/vackerunderbar.se\/wp-content\/uploads\/2016\/10\/insta-v44-2-700x700.jpg\" alt=\"insta-v44-2\" width=\"700\" height=\"700\" srcset=\"http:\/\/vackerunderbar.se\/wp-content\/uploads\/2016\/10\/insta-v44-2-700x700.jpg 700w, http:\/\/vackerunderbar.se\/wp-content\/uploads\/2016\/10\/insta-v44-2-150x150.jpg 150w, http:\/\/vackerunderbar.se\/wp-content\/uploads\/2016\/10\/insta-v44-2-340x340.jpg 340w, http:\/\/vackerunderbar.se\/wp-content\/uploads\/2016\/10\/insta-v44-2-768x768.jpg 768w, http:\/\/vackerunderbar.se\/wp-content\/uploads\/2016\/10\/insta-v44-2-732x732.jpg 732w, http:\/\/vackerunderbar.se\/wp-content\/uploads\/2016\/10\/insta-v44-2.jpg 1000w\" sizes=\"(max-width: 700px) 100vw, 700px\" \/><\/p>\n<p>1\/\/ Svampfest! 2\/\/ Jippii och mamma var h\u00e4r en sv\u00e4ng i onsdags tror jag. 3\/\/ Oxelbergen en solig dag, m\u00e5ste ha varit i torsdags? 4\/\/ Vi lekte i vattenleken d\u00e4r, j\u00e4ttekul!<\/p>\n<p>&nbsp;<\/p>\n<p><img loading=\"lazy\" decoding=\"async\" class=\"alignnone size-large wp-image-70662\" src=\"http:\/\/vackerunderbar.se\/wp-content\/uploads\/2016\/10\/insta-v44-3-700x700.jpg\" alt=\"insta-v44-3\" width=\"700\" height=\"700\" srcset=\"http:\/\/vackerunderbar.se\/wp-content\/uploads\/2016\/10\/insta-v44-3-700x700.jpg 700w, http:\/\/vackerunderbar.se\/wp-content\/uploads\/2016\/10\/insta-v44-3-150x150.jpg 150w, http:\/\/vackerunderbar.se\/wp-content\/uploads\/2016\/10\/insta-v44-3-340x340.jpg 340w, http:\/\/vackerunderbar.se\/wp-content\/uploads\/2016\/10\/insta-v44-3-768x768.jpg 768w, http:\/\/vackerunderbar.se\/wp-content\/uploads\/2016\/10\/insta-v44-3-732x732.jpg 732w, http:\/\/vackerunderbar.se\/wp-content\/uploads\/2016\/10\/insta-v44-3.jpg 1000w\" sizes=\"(max-width: 700px) 100vw, 700px\" \/><br \/>\n1\/\/ Vi gick en l\u00e5ng promenad ner till hamnen, Mika \u00e5t banan! \u00c4ntligen! 2\/\/ L\u00f6nnen igen. 3\/\/ Och en vacker bj\u00f6rk. 4\/\/ Och min vackra pojke!! &lt;3<\/p>\n<p>&nbsp;<\/p>\n<p><img loading=\"lazy\" decoding=\"async\" class=\"alignnone size-large wp-image-70661\" src=\"http:\/\/vackerunderbar.se\/wp-content\/uploads\/2016\/10\/insta-v44-4-700x700.jpg\" alt=\"insta-v44-4\" width=\"700\" height=\"700\" srcset=\"http:\/\/vackerunderbar.se\/wp-content\/uploads\/2016\/10\/insta-v44-4-700x700.jpg 700w, http:\/\/vackerunderbar.se\/wp-content\/uploads\/2016\/10\/insta-v44-4-150x150.jpg 150w, http:\/\/vackerunderbar.se\/wp-content\/uploads\/2016\/10\/insta-v44-4-340x340.jpg 340w, http:\/\/vackerunderbar.se\/wp-content\/uploads\/2016\/10\/insta-v44-4-768x768.jpg 768w, http:\/\/vackerunderbar.se\/wp-content\/uploads\/2016\/10\/insta-v44-4-732x732.jpg 732w, http:\/\/vackerunderbar.se\/wp-content\/uploads\/2016\/10\/insta-v44-4.jpg 1000w\" sizes=\"(max-width: 700px) 100vw, 700px\" \/><\/p>\n<p>1\/\/ Kul att leka med l\u00f6ven! 2\/\/ S\u00e5 s\u00f6t! Och glad! 3\/\/ Var \u00e4nnu en vacker dag i s\u00f6ndags, varit j\u00e4ttefint i slutet av hela f\u00f6rra veckan. 4\/\/ Fin solnedg\u00e5ng med.<\/p>\n","protected":false},"excerpt":{"rendered":"<p>Testar ett nytt format. Blev lite tr\u00f6tt p\u00e5 att alla bilder var olika stora s\u00e5&#8230; Och ja, instaweek \u00e4r tillbaka! 1\/\/ M\u00e5ndag och jag var &hellip; <\/p>\n","protected":false},"author":1,"featured_media":0,"comment_status":"open","ping_status":"open","sticky":false,"template":"","format":"standard","meta":{"footnotes":""},"categories":[56],"tags":[436],"_links":{"self":[{"href":"http:\/\/vackerunderbar.se\/index.php?rest_route=\/wp\/v2\/posts\/70660"}],"collection":[{"href":"http:\/\/vackerunderbar.se\/index.php?rest_route=\/wp\/v2\/posts"}],"about":[{"href":"http:\/\/vackerunderbar.se\/index.php?rest_route=\/wp\/v2\/types\/post"}],"author":[{"embeddable":true,"href":"http:\/\/vackerunderbar.se\/index.php?rest_route=\/wp\/v2\/users\/1"}],"replies":[{"embeddable":true,"href":"http:\/\/vackerunderbar.se\/index.php?rest_route=%2Fwp%2Fv2%2Fcomments&post=70660"}],"version-history":[{"count":3,"href":"http:\/\/vackerunderbar.se\/index.php?rest_route=\/wp\/v2\/posts\/70660\/revisions"}],"predecessor-version":[{"id":70667,"href":"http:\/\/vackerunderbar.se\/index.php?rest_route=\/wp\/v2\/posts\/70660\/revisions\/70667"}],"wp:attachment":[{"href":"http:\/\/vackerunderbar.se\/index.php?rest_route=%2Fwp%2Fv2%2Fmedia&parent=70660"}],"wp:term":[{"taxonomy":"category","embeddable":true,"href":"http:\/\/vackerunderbar.se\/index.php?rest_route=%2Fwp%2Fv2%2Fcategories&post=70660"},{"taxonomy":"post_tag","embeddable":true,"href":"http:\/\/vackerunderbar.se\/index.php?rest_route=%2Fwp%2Fv2%2Ftags&post=70660"}],"curies":[{"name":"wp","href":"https:\/\/api.w.org\/{rel}","templated":true}]}}