{"id":70446,"date":"2016-10-02T12:15:28","date_gmt":"2016-10-02T10:15:28","guid":{"rendered":"http:\/\/vackerunderbar.se\/?p=70446"},"modified":"2016-09-29T14:51:11","modified_gmt":"2016-09-29T12:51:11","slug":"det-ar-nagot-som-inte-stammer-av-martina-haag-2","status":"publish","type":"post","link":"http:\/\/vackerunderbar.se\/?p=70446","title":{"rendered":"Det \u00e4r n\u00e5got som inte st\u00e4mmer av Martina Haag"},"content":{"rendered":"<p><em>I samarbete med BookBeat<\/em><\/p>\n<p><img loading=\"lazy\" decoding=\"async\" class=\"alignleft \" src=\"http:\/\/image.bokus.com\/images\/9789164203816_200x_det-ar-nagot-som-inte-stammer\" alt=\"\" width=\"119\" height=\"184\" \/>Min f\u00f6rsta recension i samarbete med BookBeat, missade ni mitt erbjudande ig\u00e5r? <a href=\"http:\/\/vackerunderbar.se\/?p=70344\">L\u00e4s det nu!<\/a><\/p>\n<p>Dags allts\u00e5 f\u00f6r recension av<strong> Det \u00e4r n\u00e5got som inte st\u00e4mmer av Martina Haag<\/strong>, f\u00f6rra \u00e5rets mest chockerande bok.<\/p>\n<p>Som ni kanske vet slog skilsm\u00e4ssan mellan Martina och Erik Haag ner som en bomb, boken \u00e4r Martinas s\u00e4tt att f\u00f6rst\u00e5 skulle jag tro. Hennes fiktiva jag &#8211; Petra &#8211; \u00e5ker till Sareks nationalpark f\u00f6r att bli stugv\u00e4rd och skriva sin bok under n\u00e5gra veckor. Inv\u00e4vt tillsammans med en tillbakablick till vad som h\u00e4nde skildras hennes tillvaro ensam uppe i fj\u00e4llen, en del i boken som jag personligen tycker var ganska ointressant. Vad g\u00e4ller delen ang\u00e5ende skilsm\u00e4ssan har varken Martina eller Erik bekr\u00e4ftat hur mycket av boken som \u00e4r sant (f\u00f6rutom fj\u00e4lltillvaron som jag inte tror \u00e4r sann), om vi utg\u00e5r ifr\u00e5n att det \u00e4r sant lider jag oerh\u00f6rt mycket med henne. Det \u00e4r ocks\u00e5 sv\u00e5rt att f\u00f6rst\u00e5 hur hon kunde prata in sin egen bok utan att bryta ihop fullst\u00e4ndigt!<\/p>\n<p>Jag tycker det \u00e4r en stark skildring av ett \u00e4ktenskap som g\u00e5r i kras. Den sl\u00e5r an en str\u00e4ng i mitt eget liv med familjeterapi och \u00e5ngestproblematik, jag beundrar Martina som \u00e4ndock \u00f6verlevde detta och kom ut p\u00e5 andra sidan. Jag tycker det \u00e4r starkt av henne att faktiskt ber\u00e4tta hur det var och hur hon m\u00e5dde i sina egna ord, bra att hon kan profitera p\u00e5 Eriks svek!<\/p>\n<p>Jag \u00e4r inte j\u00e4ttef\u00f6rtjust i Martina men denna var gripande.<\/p>\n<p><strong>Betyg:<\/strong> 4 av 5 |<strong> Genre:<\/strong> Sk\u00f6nlitteratur |\u00a0<strong>ISBN:<\/strong> 9789164203816 |\u00a0<strong>Sidor:<\/strong>\u00a0194\u00a0| <strong>Utgivnings\u00e5r:<\/strong> 2015<\/p>\n<blockquote><p>Man h\u00f6r om hur det h\u00e4nder andra. Man tycker synd om dem. Och man vet, innerst inne, att det <i>aldrig<\/i> kommer att h\u00e4nda en sj\u00e4lv. Men man har ingen aning.<\/p>\n<p>Det h\u00e4r \u00e4r en roman om \u00f6verlevnad. Om betydelsen av en r\u00f6drutig jacka. Om tama j\u00e4rvar med eldkastare. Om en bottenl\u00f6s fj\u00e4llsj\u00f6, dit ingen f\u00e5r g\u00e5, och om hur man reser sig, trots att man \u00e4r helt s\u00e4ker p\u00e5 att man inte orkar l\u00e4ngre.<\/p><\/blockquote>\n<p>&#8212;<\/p>\n<p><em>Vill du signa upp dig p\u00e5\u00a0BookBeat\u00a0g\u00f6r du det h\u00e4r\u00a0<a href=\"http:\/\/www.bookbeat.se\/blogteam\" target=\"_blank\">&gt;BookBeat&lt;<\/a>. Denna l\u00e4nk leder till ett registreringsfl\u00f6de som g\u00e4ller en fri m\u00e5nad. Ingen bindningstid! D\u00e4refter kostar det 169 kr per m\u00e5nad att lyssna\/l\u00e4sa hur m\u00e5nga b\u00f6cker du vill.<\/em><\/p>\n","protected":false},"excerpt":{"rendered":"<p>I samarbete med BookBeat Min f\u00f6rsta recension i samarbete med BookBeat, missade ni mitt erbjudande ig\u00e5r? L\u00e4s det nu! Dags allts\u00e5 f\u00f6r recension av Det &hellip; <\/p>\n","protected":false},"author":1,"featured_media":0,"comment_status":"open","ping_status":"open","sticky":false,"template":"","format":"standard","meta":{"footnotes":""},"categories":[424],"tags":[512,600],"_links":{"self":[{"href":"http:\/\/vackerunderbar.se\/index.php?rest_route=\/wp\/v2\/posts\/70446"}],"collection":[{"href":"http:\/\/vackerunderbar.se\/index.php?rest_route=\/wp\/v2\/posts"}],"about":[{"href":"http:\/\/vackerunderbar.se\/index.php?rest_route=\/wp\/v2\/types\/post"}],"author":[{"embeddable":true,"href":"http:\/\/vackerunderbar.se\/index.php?rest_route=\/wp\/v2\/users\/1"}],"replies":[{"embeddable":true,"href":"http:\/\/vackerunderbar.se\/index.php?rest_route=%2Fwp%2Fv2%2Fcomments&post=70446"}],"version-history":[{"count":2,"href":"http:\/\/vackerunderbar.se\/index.php?rest_route=\/wp\/v2\/posts\/70446\/revisions"}],"predecessor-version":[{"id":70451,"href":"http:\/\/vackerunderbar.se\/index.php?rest_route=\/wp\/v2\/posts\/70446\/revisions\/70451"}],"wp:attachment":[{"href":"http:\/\/vackerunderbar.se\/index.php?rest_route=%2Fwp%2Fv2%2Fmedia&parent=70446"}],"wp:term":[{"taxonomy":"category","embeddable":true,"href":"http:\/\/vackerunderbar.se\/index.php?rest_route=%2Fwp%2Fv2%2Fcategories&post=70446"},{"taxonomy":"post_tag","embeddable":true,"href":"http:\/\/vackerunderbar.se\/index.php?rest_route=%2Fwp%2Fv2%2Ftags&post=70446"}],"curies":[{"name":"wp","href":"https:\/\/api.w.org\/{rel}","templated":true}]}}