{"id":70293,"date":"2016-09-15T13:53:28","date_gmt":"2016-09-15T11:53:28","guid":{"rendered":"http:\/\/vackerunderbar.se\/?p=70293"},"modified":"2016-09-13T19:08:56","modified_gmt":"2016-09-13T17:08:56","slug":"fotokurs-i-naturen","status":"publish","type":"post","link":"http:\/\/vackerunderbar.se\/?p=70293","title":{"rendered":"Fotokurs i naturen"},"content":{"rendered":"<p>Jag har b\u00f6rjat en fotokurs i Region \u00d6sterg\u00f6tlands regi. Eller fotokurs, snarare gruppterapi med hj\u00e4lp av kamera och natur. F\u00f6rsta tr\u00e4ffen var i tisdags, en av septembers varmaste dagar ever k\u00e4ndes det som. Det var jag och 3 pension\u00e4rer plus ledaren i 50-\u00e5rs\u00e5ldern. Var r\u00e4tt jobbigt faktiskt, socialt sett. Jag har sv\u00e5rt f\u00f6r att umg\u00e5s med nya m\u00e4nniskor och n\u00e4r det blir obekv\u00e4m tystnad \u00e4r det riktigt jobbigt.<\/p>\n<p>N\u00e5ja, jag har inte fotat s\u00e5 himla mycket med min Canon p\u00e5 sistone och jag var alltf\u00f6r tr\u00f6tt f\u00f6r att bry mig om alla inst\u00e4llningar. Hade f\u00f6r h\u00f6g iso tex och f\u00f6r liten bl\u00e4ndare. Blev inte bra alls&#8230; Jaja, jag t\u00e4nker iaf dela med mig av n\u00e5gra av bilderna!<\/p>\n<p><img loading=\"lazy\" decoding=\"async\" class=\"alignnone size-large wp-image-70298\" src=\"http:\/\/vackerunderbar.se\/wp-content\/uploads\/2016\/09\/fotokurs-1-1-700x466.jpg\" alt=\"fotokurs-1-1\" width=\"700\" height=\"466\" srcset=\"http:\/\/vackerunderbar.se\/wp-content\/uploads\/2016\/09\/fotokurs-1-1-700x466.jpg 700w, http:\/\/vackerunderbar.se\/wp-content\/uploads\/2016\/09\/fotokurs-1-1-340x227.jpg 340w, http:\/\/vackerunderbar.se\/wp-content\/uploads\/2016\/09\/fotokurs-1-1-768x512.jpg 768w, http:\/\/vackerunderbar.se\/wp-content\/uploads\/2016\/09\/fotokurs-1-1-732x488.jpg 732w, http:\/\/vackerunderbar.se\/wp-content\/uploads\/2016\/09\/fotokurs-1-1.jpg 800w\" sizes=\"(max-width: 700px) 100vw, 700px\" \/><img loading=\"lazy\" decoding=\"async\" class=\"alignnone size-large wp-image-70297\" src=\"http:\/\/vackerunderbar.se\/wp-content\/uploads\/2016\/09\/fotokurs-1-2-700x522.jpg\" alt=\"fotokurs-1-2\" width=\"700\" height=\"522\" srcset=\"http:\/\/vackerunderbar.se\/wp-content\/uploads\/2016\/09\/fotokurs-1-2-700x522.jpg 700w, http:\/\/vackerunderbar.se\/wp-content\/uploads\/2016\/09\/fotokurs-1-2-340x253.jpg 340w, http:\/\/vackerunderbar.se\/wp-content\/uploads\/2016\/09\/fotokurs-1-2-768x572.jpg 768w, http:\/\/vackerunderbar.se\/wp-content\/uploads\/2016\/09\/fotokurs-1-2-732x545.jpg 732w, http:\/\/vackerunderbar.se\/wp-content\/uploads\/2016\/09\/fotokurs-1-2.jpg 800w\" sizes=\"(max-width: 700px) 100vw, 700px\" \/><img loading=\"lazy\" decoding=\"async\" class=\"alignnone size-large wp-image-70296\" src=\"http:\/\/vackerunderbar.se\/wp-content\/uploads\/2016\/09\/fotokurs-1-3-700x466.jpg\" alt=\"fotokurs-1-3\" width=\"700\" height=\"466\" srcset=\"http:\/\/vackerunderbar.se\/wp-content\/uploads\/2016\/09\/fotokurs-1-3-700x466.jpg 700w, http:\/\/vackerunderbar.se\/wp-content\/uploads\/2016\/09\/fotokurs-1-3-340x227.jpg 340w, http:\/\/vackerunderbar.se\/wp-content\/uploads\/2016\/09\/fotokurs-1-3-768x512.jpg 768w, http:\/\/vackerunderbar.se\/wp-content\/uploads\/2016\/09\/fotokurs-1-3-732x488.jpg 732w, http:\/\/vackerunderbar.se\/wp-content\/uploads\/2016\/09\/fotokurs-1-3.jpg 800w\" sizes=\"(max-width: 700px) 100vw, 700px\" \/><img loading=\"lazy\" decoding=\"async\" class=\"alignnone size-large wp-image-70295\" src=\"http:\/\/vackerunderbar.se\/wp-content\/uploads\/2016\/09\/fotokurs-1-4-700x522.jpg\" alt=\"fotokurs-1-4\" width=\"700\" height=\"522\" srcset=\"http:\/\/vackerunderbar.se\/wp-content\/uploads\/2016\/09\/fotokurs-1-4-700x522.jpg 700w, http:\/\/vackerunderbar.se\/wp-content\/uploads\/2016\/09\/fotokurs-1-4-340x253.jpg 340w, http:\/\/vackerunderbar.se\/wp-content\/uploads\/2016\/09\/fotokurs-1-4-768x572.jpg 768w, http:\/\/vackerunderbar.se\/wp-content\/uploads\/2016\/09\/fotokurs-1-4-732x545.jpg 732w, http:\/\/vackerunderbar.se\/wp-content\/uploads\/2016\/09\/fotokurs-1-4.jpg 800w\" sizes=\"(max-width: 700px) 100vw, 700px\" \/><img loading=\"lazy\" decoding=\"async\" class=\"alignnone size-large wp-image-70294\" src=\"http:\/\/vackerunderbar.se\/wp-content\/uploads\/2016\/09\/fotokurs-1-5-700x466.jpg\" alt=\"fotokurs-1-5\" width=\"700\" height=\"466\" srcset=\"http:\/\/vackerunderbar.se\/wp-content\/uploads\/2016\/09\/fotokurs-1-5-700x466.jpg 700w, http:\/\/vackerunderbar.se\/wp-content\/uploads\/2016\/09\/fotokurs-1-5-340x227.jpg 340w, http:\/\/vackerunderbar.se\/wp-content\/uploads\/2016\/09\/fotokurs-1-5-768x512.jpg 768w, http:\/\/vackerunderbar.se\/wp-content\/uploads\/2016\/09\/fotokurs-1-5-732x488.jpg 732w, http:\/\/vackerunderbar.se\/wp-content\/uploads\/2016\/09\/fotokurs-1-5.jpg 800w\" sizes=\"(max-width: 700px) 100vw, 700px\" \/><\/p>\n","protected":false},"excerpt":{"rendered":"<p>Jag har b\u00f6rjat en fotokurs i Region \u00d6sterg\u00f6tlands regi. Eller fotokurs, snarare gruppterapi med hj\u00e4lp av kamera och natur. F\u00f6rsta tr\u00e4ffen var i tisdags, en &hellip; <\/p>\n","protected":false},"author":1,"featured_media":0,"comment_status":"open","ping_status":"open","sticky":false,"template":"","format":"standard","meta":{"footnotes":""},"categories":[56],"tags":[511],"_links":{"self":[{"href":"http:\/\/vackerunderbar.se\/index.php?rest_route=\/wp\/v2\/posts\/70293"}],"collection":[{"href":"http:\/\/vackerunderbar.se\/index.php?rest_route=\/wp\/v2\/posts"}],"about":[{"href":"http:\/\/vackerunderbar.se\/index.php?rest_route=\/wp\/v2\/types\/post"}],"author":[{"embeddable":true,"href":"http:\/\/vackerunderbar.se\/index.php?rest_route=\/wp\/v2\/users\/1"}],"replies":[{"embeddable":true,"href":"http:\/\/vackerunderbar.se\/index.php?rest_route=%2Fwp%2Fv2%2Fcomments&post=70293"}],"version-history":[{"count":2,"href":"http:\/\/vackerunderbar.se\/index.php?rest_route=\/wp\/v2\/posts\/70293\/revisions"}],"predecessor-version":[{"id":70300,"href":"http:\/\/vackerunderbar.se\/index.php?rest_route=\/wp\/v2\/posts\/70293\/revisions\/70300"}],"wp:attachment":[{"href":"http:\/\/vackerunderbar.se\/index.php?rest_route=%2Fwp%2Fv2%2Fmedia&parent=70293"}],"wp:term":[{"taxonomy":"category","embeddable":true,"href":"http:\/\/vackerunderbar.se\/index.php?rest_route=%2Fwp%2Fv2%2Fcategories&post=70293"},{"taxonomy":"post_tag","embeddable":true,"href":"http:\/\/vackerunderbar.se\/index.php?rest_route=%2Fwp%2Fv2%2Ftags&post=70293"}],"curies":[{"name":"wp","href":"https:\/\/api.w.org\/{rel}","templated":true}]}}