{"id":70223,"date":"2016-09-07T22:19:55","date_gmt":"2016-09-07T20:19:55","guid":{"rendered":"http:\/\/vackerunderbar.se\/?p=70223"},"modified":"2016-09-07T22:47:47","modified_gmt":"2016-09-07T20:47:47","slug":"deltagare-gron-onsdag-128","status":"publish","type":"post","link":"http:\/\/vackerunderbar.se\/?p=70223","title":{"rendered":"Deltagare Gr\u00f6n Onsdag"},"content":{"rendered":"<p>Hall\u00e5!<\/p>\n<p><img loading=\"lazy\" decoding=\"async\" class=\"alignright wp-image-70127\" src=\"http:\/\/vackerunderbar.se\/wp-content\/uploads\/2016\/08\/wp-1472472070008-340x340.jpg\" alt=\"wp-1472472070008.jpg\" width=\"158\" height=\"158\" srcset=\"http:\/\/vackerunderbar.se\/wp-content\/uploads\/2016\/08\/wp-1472472070008-340x340.jpg 340w, http:\/\/vackerunderbar.se\/wp-content\/uploads\/2016\/08\/wp-1472472070008-150x150.jpg 150w, http:\/\/vackerunderbar.se\/wp-content\/uploads\/2016\/08\/wp-1472472070008-768x768.jpg 768w, http:\/\/vackerunderbar.se\/wp-content\/uploads\/2016\/08\/wp-1472472070008-700x700.jpg 700w, http:\/\/vackerunderbar.se\/wp-content\/uploads\/2016\/08\/wp-1472472070008-732x732.jpg 732w, http:\/\/vackerunderbar.se\/wp-content\/uploads\/2016\/08\/wp-1472472070008-1140x1140.jpg 1140w, http:\/\/vackerunderbar.se\/wp-content\/uploads\/2016\/08\/wp-1472472070008.jpg 1836w\" sizes=\"(max-width: 158px) 100vw, 158px\" \/>Blev inte mycket gjort idag, jag \u00e4r inne i en v\u00e4ldigt tr\u00f6tt period s\u00e5 vi tog det ganska lugnt hela familjen. Nu sitter vi tillsammans vid skrivbordet (Mika sover f\u00f6rst\u00e5s i sin s\u00e4ng) och jobbar &#8211; mysigt!<\/p>\n<p>Dags att bes\u00f6ka er! Kul att ni var med! Dumt att jag valde fel inlinkz-kod :(<\/p>\n<h4>Deltagare Gr\u00f6n Onsdag<\/h4>\n<ul>\n<li><a href=\"http:\/\/mymixednailpolish.blogspot.se\/2016\/09\/emily-de-molly-cubicle-gangster.html\" target=\"_blank\"><strong>Ingegerd<\/strong><\/a> visar ett helt ljuvligt lack fr\u00e5n Emily de Molly! Som jag \u00e4lskar mint och guld ihop, kolla p\u00e5 min header bara! S\u00e5 snyggt!<\/li>\n<li><a href=\"http:\/\/opalix.blogg.se\/2016\/september\/nordic-cap-np51.html\" target=\"_blank\"><strong>Zophie<\/strong><\/a> deltar med ett riktigt vackert lack fr\u00e5n Nordic Cap, tror jag har visat detta men tyv\u00e4rr har min flaska torkat ihop. Det \u00e4r s\u00e5 fint!<\/li>\n<li><a href=\"http:\/\/marinamake.blogspot.se\/2016\/09\/amazon-amazoff-gron-onsdag.html\" target=\"_blank\"><strong>Marina<\/strong><\/a> visar tealgr\u00f6na sk\u00f6nheter fr\u00e5n OPI och glitter fr\u00e5n China Glaze. Sk\u00f6n kombo som tilltalar mig mycket!<\/li>\n<li><a href=\"http:\/\/lackatenligtjenny.blogspot.se\/2016\/09\/polish-alcoholic-yoda.html\" target=\"_blank\"><strong>Jenny<\/strong><\/a> har ett vackert rymdlack fr\u00e5n Polish Alcoholic, v\u00e4ldigt snygg nyans och flakes i det. F\u00e5nigt namn p\u00e5 m\u00e4rket bara&#8230;<\/li>\n<li><a href=\"https:\/\/www.instagram.com\/p\/BKDA9uRjWGR\/\" target=\"_blank\"><strong>Linda<\/strong><\/a> visar upp sina magiska naglar med lack fr\u00e5n Dreamland Lacquer &#8211; s\u00e5 himla vackra regnb\u00e5gar! Otroligt fint!<\/li>\n<li><a href=\"http:\/\/www.lackycorner.com\/2016\/09\/depend-496-497.html\" target=\"_blank\"><strong>Helena<\/strong><\/a> deltar med nyaste kollektionen fr\u00e5n Depend, en riktigt snygg manikyr dessutom med chevronm\u00f6nster. Vackert!<\/li>\n<li><a href=\"https:\/\/www.instagram.com\/p\/BKDrFxaDmWu\/\" target=\"_blank\"><strong>Malin<\/strong><\/a> har hittat en skatt i sina g\u00f6mmor fr\u00e5n A England, detta underbara m\u00e4rke. Snyggt lack dessutom, bra d\u00e4r!<\/li>\n<li><a href=\"http:\/\/lottskypottsky.blogg.se\/2016\/september\/septembergron-onsdag.html\" target=\"_blank\"><strong>Lottsky<\/strong><\/a> visar lustigt nog samma lack som Malin, det fr\u00e5n A England! Lika snyggt p\u00e5 henne minsann!<\/li>\n<li><a href=\"https:\/\/www.instagram.com\/p\/BKD5zd3j9to\/\" target=\"_blank\"><strong>Ankie<\/strong><\/a> har ett magiskt underbart lack fr\u00e5n Color Club, allts\u00e5 det \u00e4r ju s\u00e5 fint med duochromt! Tr\u00f6ttnar aldrig p\u00e5 det.<\/li>\n<li><a href=\"http:\/\/annkicki.blogspot.se\/2016\/09\/repris-pa-cirques-panacea_97.html\" target=\"_blank\"><strong>AnnKicki<\/strong><\/a> k\u00f6r en repris p\u00e5 Cirque, det g\u00e5r alltid bra att k\u00f6ra repriser! Speciellt om det \u00e4r s\u00e5 h\u00e4r vackert!<\/li>\n<li><a href=\"http:\/\/iamalexandra.blogg.se\/2016\/september\/gron-seg-onsdag-2.html\" target=\"_blank\"><strong>Alexandra<\/strong><\/a> har en fin manikyr p\u00e5 lut med\u00a0ok\u00e4nda lack. Blev kanske inte som t\u00e4nkt men v\u00e4ldigt fint \u00e4nd\u00e5! Kan inte kommentera tyv\u00e4rr&#8230;?<\/li>\n<li><strong><a href=\"https:\/\/www.instagram.com\/p\/BKDGvCDjsMs\/\" target=\"_blank\">Emelie<\/a><\/strong>\u00a0har ett h\u00e4rligt h\u00f6stlack fr\u00e5n Pahlish p\u00e5 sin instagram idag. Tror jag visat detta, det \u00e4r s\u00e5 himla vackert! Som en skog!<\/li>\n<li><a href=\"http:\/\/www.sminkan.com\/2016\/09\/zoya-gemma\/\" target=\"_blank\"><strong>Sminkan<\/strong><\/a> visar ett dammigt Zoya, allts\u00e5 nyansen k\u00e4nns dammig. Fin nyans som kanske hade beh\u00f6vt n\u00e5n effekt. \u00c4ndock vackert!<\/li>\n<li><a href=\"http:\/\/skimmerskuggan.blogspot.se\/2016\/09\/grons-onsdag-med-depend-glam-rock.html\" target=\"_blank\"><strong>Kerstin<\/strong><\/a> sladdar in i sista minuten med ett nytt fr\u00e5n Depend, h\u00e4r ser ni faktiskt lite tydligare att det \u00e4r n\u00e4stan ett jellylack. S\u00e5 fint!<\/li>\n<\/ul>\n<p>&nbsp;<\/p>\n<p><!-- start InLinkz script --><\/p>\n<div id=\"661075\" class=\"InLinkzContainer\"><a title=\"click to view in an external page.\" href=\"http:\/\/www.inlinkz.com\/new\/view.php?id=661075\" rel=\"nofollow\">An InLinkz Link-up<\/a><\/div>\n<p><script type='text\/javascript' src='https:\/\/static.inlinkz.com\/cs2.js'><\/script><br \/>\n<!-- end InLinkz script --><\/p>\n","protected":false},"excerpt":{"rendered":"<p>Hall\u00e5! Blev inte mycket gjort idag, jag \u00e4r inne i en v\u00e4ldigt tr\u00f6tt period s\u00e5 vi tog det ganska lugnt hela familjen. Nu sitter vi &hellip; <\/p>\n","protected":false},"author":1,"featured_media":0,"comment_status":"open","ping_status":"open","sticky":false,"template":"","format":"standard","meta":{"footnotes":""},"categories":[43],"tags":[431],"_links":{"self":[{"href":"http:\/\/vackerunderbar.se\/index.php?rest_route=\/wp\/v2\/posts\/70223"}],"collection":[{"href":"http:\/\/vackerunderbar.se\/index.php?rest_route=\/wp\/v2\/posts"}],"about":[{"href":"http:\/\/vackerunderbar.se\/index.php?rest_route=\/wp\/v2\/types\/post"}],"author":[{"embeddable":true,"href":"http:\/\/vackerunderbar.se\/index.php?rest_route=\/wp\/v2\/users\/1"}],"replies":[{"embeddable":true,"href":"http:\/\/vackerunderbar.se\/index.php?rest_route=%2Fwp%2Fv2%2Fcomments&post=70223"}],"version-history":[{"count":3,"href":"http:\/\/vackerunderbar.se\/index.php?rest_route=\/wp\/v2\/posts\/70223\/revisions"}],"predecessor-version":[{"id":70249,"href":"http:\/\/vackerunderbar.se\/index.php?rest_route=\/wp\/v2\/posts\/70223\/revisions\/70249"}],"wp:attachment":[{"href":"http:\/\/vackerunderbar.se\/index.php?rest_route=%2Fwp%2Fv2%2Fmedia&parent=70223"}],"wp:term":[{"taxonomy":"category","embeddable":true,"href":"http:\/\/vackerunderbar.se\/index.php?rest_route=%2Fwp%2Fv2%2Fcategories&post=70223"},{"taxonomy":"post_tag","embeddable":true,"href":"http:\/\/vackerunderbar.se\/index.php?rest_route=%2Fwp%2Fv2%2Ftags&post=70223"}],"curies":[{"name":"wp","href":"https:\/\/api.w.org\/{rel}","templated":true}]}}