{"id":6904,"date":"2009-12-04T19:55:24","date_gmt":"2009-12-04T18:55:24","guid":{"rendered":"http:\/\/www.vackerunderbar.se\/?p=6904"},"modified":"2014-06-03T18:02:37","modified_gmt":"2014-06-03T16:02:37","slug":"dagens-fierce-and-brutal","status":"publish","type":"post","link":"http:\/\/vackerunderbar.se\/?p=6904","title":{"rendered":"Dagens: Fierce and brutal"},"content":{"rendered":"<p><a href=\"http:\/\/www.vackerunderbar.se\/wp-content\/uploads\/2009\/12\/fre-0412-1.jpg\"><img loading=\"lazy\" decoding=\"async\" class=\"alignright size-medium wp-image-6905\" title=\"fre-0412-1\" src=\"http:\/\/www.vackerunderbar.se\/wp-content\/uploads\/2009\/12\/fre-0412-1-183x250.jpg\" alt=\"fre-0412-1\" width=\"183\" height=\"250\" \/><\/a>Vad g\u00f6r man om man skaffar sig en frisyr som \u00e4r aningens fjantig? Jo, mejkar sig tufft, coolt och brutalt f\u00f6r att v\u00e4ga upp! Sammantaget ser det riktigt coolt ut, eller hur? Som Tina skrev, Modesty Blaise! Jag klarar nog inte riktigt att ha luggen rakt ner, den f\u00e5r bli lite flikig \u00e5t sidan. Sedan vet jag inte riktigt om jag ska ha kvar polisongerna eller inte, dom \u00e4r lite f\u00f6r l\u00e5nga egentligen.<\/p>\n<p><a href=\"http:\/\/www.vackerunderbar.se\/wp-content\/uploads\/2009\/12\/fre-0412-2.jpg\"><img loading=\"lazy\" decoding=\"async\" class=\"alignleft size-medium wp-image-6906\" title=\"fre-0412-2\" src=\"http:\/\/www.vackerunderbar.se\/wp-content\/uploads\/2009\/12\/fre-0412-2-250x162.jpg\" alt=\"fre-0412-2\" width=\"199\" height=\"129\" \/><\/a>N\u00e5, detta var allts\u00e5 dagens mejk, svart! Grundade med svarta Black fr\u00e5n Face \u00f6ver hela den r\u00f6rliga delen av \u00f6gonlocket. D\u00e4refter rouget Plum Dust fr\u00e5n Everyday Minerals i den inre \u00f6gonvr\u00e5n (varf\u00f6r vet jag inte, blev inte snyggt direkt) och Barry Ms Petrol Black i den yttre \u00f6gonvr\u00e5n. Lite Vanilla fr\u00e5n Mac f\u00f6r att softa till kanterna. Svart gelliner runt \u00f6gat och mascara, b\u00e5da fram Face.<\/p>\n<p>Jag m\u00e5ste k\u00f6pa mig en Dust It f\u00f6rresten, mousse, gel\u00e9 och spray \u00e4r inget bra!<\/p>\n<p><a href=\"http:\/\/www.vackerunderbar.se\/wp-content\/uploads\/2009\/12\/fre-0412-3.jpg\"><img loading=\"lazy\" decoding=\"async\" class=\"aligncenter size-full wp-image-6907\" title=\"fre-0412-3\" src=\"http:\/\/www.vackerunderbar.se\/wp-content\/uploads\/2009\/12\/fre-0412-3.jpg\" alt=\"fre-0412-3\" width=\"500\" height=\"145\" \/><\/a><a href=\"http:\/\/www.vackerunderbar.se\/wp-content\/uploads\/2009\/12\/fre-0412-4.jpg\"><img loading=\"lazy\" decoding=\"async\" class=\"aligncenter size-full wp-image-6908\" title=\"fre-0412-4\" src=\"http:\/\/www.vackerunderbar.se\/wp-content\/uploads\/2009\/12\/fre-0412-4.jpg\" alt=\"fre-0412-4\" width=\"500\" height=\"125\" \/><\/a><\/p>\n","protected":false},"excerpt":{"rendered":"<p>Vad g\u00f6r man om man skaffar sig en frisyr som \u00e4r aningens fjantig? Jo, mejkar sig tufft, coolt och brutalt f\u00f6r att v\u00e4ga upp! Sammantaget &hellip; <\/p>\n","protected":false},"author":1,"featured_media":0,"comment_status":"open","ping_status":"open","sticky":false,"template":"","format":"standard","meta":{"footnotes":""},"categories":[421],"tags":[505],"_links":{"self":[{"href":"http:\/\/vackerunderbar.se\/index.php?rest_route=\/wp\/v2\/posts\/6904"}],"collection":[{"href":"http:\/\/vackerunderbar.se\/index.php?rest_route=\/wp\/v2\/posts"}],"about":[{"href":"http:\/\/vackerunderbar.se\/index.php?rest_route=\/wp\/v2\/types\/post"}],"author":[{"embeddable":true,"href":"http:\/\/vackerunderbar.se\/index.php?rest_route=\/wp\/v2\/users\/1"}],"replies":[{"embeddable":true,"href":"http:\/\/vackerunderbar.se\/index.php?rest_route=%2Fwp%2Fv2%2Fcomments&post=6904"}],"version-history":[{"count":3,"href":"http:\/\/vackerunderbar.se\/index.php?rest_route=\/wp\/v2\/posts\/6904\/revisions"}],"predecessor-version":[{"id":6911,"href":"http:\/\/vackerunderbar.se\/index.php?rest_route=\/wp\/v2\/posts\/6904\/revisions\/6911"}],"wp:attachment":[{"href":"http:\/\/vackerunderbar.se\/index.php?rest_route=%2Fwp%2Fv2%2Fmedia&parent=6904"}],"wp:term":[{"taxonomy":"category","embeddable":true,"href":"http:\/\/vackerunderbar.se\/index.php?rest_route=%2Fwp%2Fv2%2Fcategories&post=6904"},{"taxonomy":"post_tag","embeddable":true,"href":"http:\/\/vackerunderbar.se\/index.php?rest_route=%2Fwp%2Fv2%2Ftags&post=6904"}],"curies":[{"name":"wp","href":"https:\/\/api.w.org\/{rel}","templated":true}]}}