{"id":67351,"date":"2015-06-29T16:39:54","date_gmt":"2015-06-29T14:39:54","guid":{"rendered":"http:\/\/vackerunderbar.se\/?p=67351"},"modified":"2015-06-30T19:56:57","modified_gmt":"2015-06-30T17:56:57","slug":"67351","status":"publish","type":"post","link":"http:\/\/vackerunderbar.se\/?p=67351","title":{"rendered":"Vecka 26 med Instagram"},"content":{"rendered":"<p>Sommar och sol! Eller amning och tr\u00f6tthet? Jag kommer inte ig\u00e5ng riktigt k\u00e4nner jag. Allt tar fem g\u00e5nger s\u00e5 l\u00e5ng tid, bloggen blir lidande&#8230; S\u00e5 tr\u00e5kigt.<\/p>\n<p>Vi kollar insta iaf d\u00e5! <\/p>\n<p><a href=\"http:\/\/vackerunderbar.se\/wp-content\/uploads\/2015\/06\/wpid-img_20150621_191256.jpg\"><img decoding=\"async\" title=\"IMG_20150621_191256.jpg\" class=\"alignnone size-full\"  alt=\"image\" src=\"http:\/\/vackerunderbar.se\/wp-content\/uploads\/2015\/06\/wpid-img_20150621_191256.jpg\" \/><\/a><a href=\"http:\/\/vackerunderbar.se\/wp-content\/uploads\/2015\/06\/wpid-img_20150622_121657.jpg\"><img decoding=\"async\" title=\"IMG_20150622_121657.jpg\" class=\"alignnone size-full\"  alt=\"image\" src=\"http:\/\/vackerunderbar.se\/wp-content\/uploads\/2015\/06\/wpid-img_20150622_121657.jpg\" \/><\/a><a href=\"http:\/\/vackerunderbar.se\/wp-content\/uploads\/2015\/06\/wpid-img_20150622_181016.jpg\"><img decoding=\"async\" title=\"IMG_20150622_181016.jpg\" class=\"alignnone size-full\"  alt=\"image\" src=\"http:\/\/vackerunderbar.se\/wp-content\/uploads\/2015\/06\/wpid-img_20150622_181016.jpg\" \/><\/a><a href=\"http:\/\/vackerunderbar.se\/wp-content\/uploads\/2015\/06\/wpid-img_20150623_102913.jpg\"><img decoding=\"async\" title=\"IMG_20150623_102913.jpg\" class=\"alignnone size-full\"  alt=\"image\" src=\"http:\/\/vackerunderbar.se\/wp-content\/uploads\/2015\/06\/wpid-img_20150623_102913.jpg\" \/><\/a><\/p>\n<p>1. Morgonmys. Vi g\u00e5r upp vid 7 n\u00e4r Mika ska f\u00e5 sin bricanyl och sedan slumrar vi allihopa till 9-10 kanske.<br \/>\n2. J\u00e4rnv\u00e4gsparken. P\u00e5 v\u00e4g till Link\u00f6ping f\u00f6r \u00f6gontest.<br \/>\n3. S\u00f6to <3\n4. Mika <3  H\u00e4r p\u00e5 v\u00e4g till kommunen f\u00f6r att bekr\u00e4fta Anders faderskap.\n\n&nbsp;\n<a href=\"http:\/\/vackerunderbar.se\/wp-content\/uploads\/2015\/06\/wpid-img_20150625_093406.jpg\"><img decoding=\"async\" title=\"IMG_20150625_093406.jpg\" class=\"alignnone size-full\"  alt=\"image\" src=\"http:\/\/vackerunderbar.se\/wp-content\/uploads\/2015\/06\/wpid-img_20150625_093406.jpg\" \/><\/a><a href=\"http:\/\/vackerunderbar.se\/wp-content\/uploads\/2015\/06\/wpid-img_20150625_182349.jpg\"><img decoding=\"async\" title=\"IMG_20150625_182349.jpg\" class=\"alignnone size-full\"  alt=\"image\" src=\"http:\/\/vackerunderbar.se\/wp-content\/uploads\/2015\/06\/wpid-img_20150625_182349.jpg\" \/><\/a><a href=\"http:\/\/vackerunderbar.se\/wp-content\/uploads\/2015\/06\/wpid-img_20150626_094725.jpg\"><img decoding=\"async\" title=\"IMG_20150626_094725.jpg\" class=\"alignnone size-full\"  alt=\"image\" src=\"http:\/\/vackerunderbar.se\/wp-content\/uploads\/2015\/06\/wpid-img_20150626_094725.jpg\" \/><\/a><a href=\"http:\/\/vackerunderbar.se\/wp-content\/uploads\/2015\/06\/wpid-img_20150626_145004.jpg\"><img decoding=\"async\" title=\"IMG_20150626_145004.jpg\" class=\"alignnone size-full\"  alt=\"image\" src=\"http:\/\/vackerunderbar.se\/wp-content\/uploads\/2015\/06\/wpid-img_20150626_145004.jpg\" \/><\/a><\/p>\n<p>1. Soto och de andra katterna h\u00e5ller sig g\u00e4rna p\u00e5 avst\u00e5nd fr\u00e5n Mika. De st\u00f6rs dock inte av skrikandet och Soto ligger ibland bredvid n\u00e4r jag ammar.<br \/>\n2. Torsdag och en 4 veckor bebis som inte vill f\u00e5 mammapussar!<br \/>\n3. TGIF? Tr\u00f6tta familjen&#8230;<br \/>\n4. Anders f\u00f6delsedag i fredags firades p\u00e5 Lindahls nere p\u00e5 stan. <3\n\n&nbsp;\n<a href=\"http:\/\/vackerunderbar.se\/wp-content\/uploads\/2015\/06\/wpid-img_20150627_140405.jpg\"><img decoding=\"async\" title=\"IMG_20150627_140405.jpg\" class=\"alignnone size-full\"  alt=\"image\" src=\"http:\/\/vackerunderbar.se\/wp-content\/uploads\/2015\/06\/wpid-img_20150627_140405.jpg\" \/><\/a><a href=\"http:\/\/vackerunderbar.se\/wp-content\/uploads\/2015\/06\/wpid-img_20150628_084314.jpg\"><img decoding=\"async\" title=\"IMG_20150628_084314.jpg\" class=\"alignnone size-full\"  alt=\"image\" src=\"http:\/\/vackerunderbar.se\/wp-content\/uploads\/2015\/06\/wpid-img_20150628_084314.jpg\" \/><\/a><a href=\"http:\/\/vackerunderbar.se\/wp-content\/uploads\/2015\/06\/wpid-img_20150628_151118.jpg\"><img decoding=\"async\" title=\"IMG_20150628_151118.jpg\" class=\"alignnone size-full\"  alt=\"image\" src=\"http:\/\/vackerunderbar.se\/wp-content\/uploads\/2015\/06\/wpid-img_20150628_151118.jpg\" \/><\/a><a href=\"http:\/\/vackerunderbar.se\/wp-content\/uploads\/2015\/06\/wpid-img_20150628_152807.jpg\"><img decoding=\"async\" title=\"IMG_20150628_152807.jpg\" class=\"alignnone size-full\"  alt=\"image\" src=\"http:\/\/vackerunderbar.se\/wp-content\/uploads\/2015\/06\/wpid-img_20150628_152807.jpg\" \/><\/a><\/p>\n<p>1. Testade spj\u00e4ls\u00e4ngen. Inte j\u00e4ttepoppis men Soto hade koll p\u00e5 l\u00e4get.<br \/>\n2. I s\u00f6ndags var det fem \u00e5r sedan min pappa dog. T\u00e4nk vad tiden g\u00e5r snabbt! Saknaden f\u00f6rsvinner dock aldrig.<br \/>\n3. Vi hade bes\u00f6k av v\u00e5r v\u00e4n och Mikas fadder Anders Sporring. H\u00e4r fotorunda runt str\u00f6mmen.<br \/>\n4. Slutligen en blomma f\u00f6r min pappa. <3\n<\/p>\n","protected":false},"excerpt":{"rendered":"<p>Sommar och sol! Eller amning och tr\u00f6tthet? Jag kommer inte ig\u00e5ng riktigt k\u00e4nner jag. Allt tar fem g\u00e5nger s\u00e5 l\u00e5ng tid, bloggen blir lidande&#8230; S\u00e5 &hellip; <\/p>\n","protected":false},"author":1,"featured_media":0,"comment_status":"open","ping_status":"open","sticky":false,"template":"","format":"standard","meta":{"footnotes":""},"categories":[56],"tags":[511,436],"_links":{"self":[{"href":"http:\/\/vackerunderbar.se\/index.php?rest_route=\/wp\/v2\/posts\/67351"}],"collection":[{"href":"http:\/\/vackerunderbar.se\/index.php?rest_route=\/wp\/v2\/posts"}],"about":[{"href":"http:\/\/vackerunderbar.se\/index.php?rest_route=\/wp\/v2\/types\/post"}],"author":[{"embeddable":true,"href":"http:\/\/vackerunderbar.se\/index.php?rest_route=\/wp\/v2\/users\/1"}],"replies":[{"embeddable":true,"href":"http:\/\/vackerunderbar.se\/index.php?rest_route=%2Fwp%2Fv2%2Fcomments&post=67351"}],"version-history":[{"count":3,"href":"http:\/\/vackerunderbar.se\/index.php?rest_route=\/wp\/v2\/posts\/67351\/revisions"}],"predecessor-version":[{"id":67392,"href":"http:\/\/vackerunderbar.se\/index.php?rest_route=\/wp\/v2\/posts\/67351\/revisions\/67392"}],"wp:attachment":[{"href":"http:\/\/vackerunderbar.se\/index.php?rest_route=%2Fwp%2Fv2%2Fmedia&parent=67351"}],"wp:term":[{"taxonomy":"category","embeddable":true,"href":"http:\/\/vackerunderbar.se\/index.php?rest_route=%2Fwp%2Fv2%2Fcategories&post=67351"},{"taxonomy":"post_tag","embeddable":true,"href":"http:\/\/vackerunderbar.se\/index.php?rest_route=%2Fwp%2Fv2%2Ftags&post=67351"}],"curies":[{"name":"wp","href":"https:\/\/api.w.org\/{rel}","templated":true}]}}