{"id":67144,"date":"2015-05-31T13:55:00","date_gmt":"2015-05-31T11:55:00","guid":{"rendered":"http:\/\/vackerunderbar.se\/?p=67144"},"modified":"2015-05-31T13:26:50","modified_gmt":"2015-05-31T11:26:50","slug":"grattis-pa-mors-dag-till-mig","status":"publish","type":"post","link":"http:\/\/vackerunderbar.se\/?p=67144","title":{"rendered":"Grattis p\u00e5 Mors Dag&#8230; Till mig!"},"content":{"rendered":"<p><a href=\"http:\/\/vackerunderbar.se\/wp-content\/uploads\/2015\/05\/wpid-img_20150528_182234.jpg\"><img decoding=\"async\" title=\"IMG_20150528_182234.jpg\" class=\"aligncenter size-full\"  alt=\"image\" src=\"http:\/\/vackerunderbar.se\/wp-content\/uploads\/2015\/05\/wpid-img_20150528_182234.jpg\" \/><\/a> <\/p>\n<p>Det st\u00e4mmer! I torsdags den 28e maj blev Anders och jag f\u00f6r\u00e4ldrar till lilla Mika. 3010 gram och 48.7 cm l\u00e5ng. Vi \u00e4r just nu nere i Lund d\u00e4r vi sedan i onsdags bott p\u00e5 patienthotellet, detta eftersom vi var tvungna att f\u00f6rl\u00f6sa Mika med kejsarsnitt och \u00e4ven ha honom under \u00f6vervakning p\u00e5 neonatal h\u00e4r i Lund.<\/p>\n<p>Det har varit en oerh\u00f6rt tuff v\u00e5r, med mycket oro och \u00e5ngest. 24 februari var vi p\u00e5 ett helt vanligt barnmorskebes\u00f6k, vi kollade mina v\u00e4rden och blodtryck och skulle d\u00e4refter lyssna p\u00e5 hj\u00e4rtat genom doppler. Efter mycket s\u00f6kande hittade v\u00e5r barnmorska slutligen en puls, men mycket l\u00e5ngsam. Den snittade p\u00e5 55 n\u00e4r den ska ligga p\u00e5 runt 110-140 slag per minut i v 26. Hela tiden barnmorskan letade med dopplern sparkade han s\u00e5 jag var inte \u00f6verdrivet orolig. L\u00e4karen p\u00e5 Lovisa d\u00e4r vi gick d\u00e5 gjorde ett ultraljud f\u00f6r att konstatera att pulsen var l\u00e5g, \u00e4ven dagen efter gjorde vi ett ultraljud hos klinikens ultraljudspecialist. Nu b\u00f6rjade vi bli oroliga att n\u00e5got var allvarligt fel och fick direkt p\u00e5 eftermiddagen en tid hos \u00f6verl\u00e4karen p\u00e5 Vrinnevi sjukhus, dr Katri Nieminen. En fantastisk l\u00e4kare, s\u00e5 varm och omt\u00e4nksam och hon har verkligen tagit hand om oss och v\u00e5rt \u00e4rende hela v\u00e5ren.<\/p>\n<p><a href=\"http:\/\/vackerunderbar.se\/wp-content\/uploads\/2015\/05\/wpid-img_20150528_181935.jpg\"><img decoding=\"async\" title=\"IMG_20150528_181935.jpg\" class=\"alignnone size-full\"  alt=\"image\" src=\"http:\/\/vackerunderbar.se\/wp-content\/uploads\/2015\/05\/wpid-img_20150528_181935.jpg\" \/><\/a><a href=\"http:\/\/vackerunderbar.se\/wp-content\/uploads\/2015\/05\/wpid-img_20150528_182046.jpg\"><img decoding=\"async\" title=\"IMG_20150528_182046.jpg\" class=\"alignnone size-full\"  alt=\"image\" src=\"http:\/\/vackerunderbar.se\/wp-content\/uploads\/2015\/05\/wpid-img_20150528_182046.jpg\" \/><\/a> <\/p>\n<p>\u00c4ven hos Katri fick vi allts\u00e5 g\u00f6ra ett ultraljud, efter en stund fr\u00e5gade hon om vi hade Sj\u00f6grens Syndrom i sl\u00e4kten. Sj\u00f6grens \u00e4r en autoimmun reumatisk sjukdom, den sl\u00e5r inte lika h\u00e5rt som vanlig reumatism men orsakar torrhet i slemhinnorna och i \u00f6gonen, v\u00e4rk i leder och muskler och hos kvinnor &#8211; en risk att barnet hon b\u00e4r p\u00e5 f\u00e5r komplett hj\u00e4rtblock. Komplett hj\u00e4rtblock inneb\u00e4r att antikropparna f\u00f6r Sj\u00f6grens \u00f6verf\u00f6rs till barnet via moderkakan och st\u00f6r signalerna till AV-knutan p\u00e5 hj\u00e4rtat. Effekten blir antingen att barnet d\u00f6r i magen mellan v 18-24 ungef\u00e4r eller att det \u00f6verlever men med bradykardi (l\u00e5g puls).<\/p>\n<p>Som ni f\u00f6rst\u00e5r har jag Sj\u00f6grens Syndrom liksom \u00e4ven andra autoimmuna sjukdomar s\u00e5som Hashimoto (underfunktion i sk\u00f6ldk\u00f6rten) och Vitiligo (avsaknad av pigment i huden). Sj\u00f6grens hade i februari inte brutit ut, inte tidigare heller, varf\u00f6r ingen l\u00e4kare eller ens jag visste om min f\u00f6rh\u00f6jda risk. Av 120 000 f\u00f6dda barn per \u00e5r i Sverige \u00e4r det ungef\u00e4r 5 st som f\u00e5r komplett hj\u00e4rtblock, det\u00a0\u00e4r en s\u00e4llsynt sjukdom som upptr\u00e4der hos ca 1\/15.000-20.000 nyf\u00f6dda barn. Ca 15% av de som har Sj\u00f6grens har denna f\u00f6rh\u00f6jda risk. F\u00f6r v\u00e5rt n\u00e4sta barn \u00e4r risken ungef\u00e4r 20% att \u00e4ven det drabbas, men d\u00e5 kommer vi \u00f6vervakas fr\u00e5n en tidigare tidpunkt. N\u00e5, nu har iaf Sj\u00f6grens brutit ut hos mig och det med \u00e4nnu mer tr\u00f6tthet, ont i fl\u00e4sket p\u00e5 h\u00f6fterna och svullna spottk\u00f6rtlar osv.<\/p>\n<p>Jag har sedan slutet p\u00e5 februari \u00e4tit kortison, Betapred. Detta f\u00f6r att stabilisera barnets puls s\u00e5 det inte skulle sjunka l\u00e4gre \u00e4n 50. M\u00e5let var att h\u00e5lla bebisen kvar i magen s\u00e5 l\u00e4nge som m\u00f6jligt, \u00e5tminstone fram till v 36 men det blev som tur var \u00e4nda till v 38. En annan effekt f\u00f6rutom just l\u00e4gre puls och ett behov av pacemaker, \u00e4r att barnet blir mindre. Det v\u00e4xer s\u00e4mre i livmodern d\u00e5 allt blod som kan pumpas ut g\u00e5r till hj\u00e4rnan och inte till tillv\u00e4xt. I v 37 var vikten uppskattad till 2700 gram, vid f\u00f6dseln var den allts\u00e5 3010 gram, men \u00e4r inom normalintervallet. Denna litenhet h\u00e5ller i sig ungef\u00e4r till 3 \u00e5rs \u00e5lder d\u00e5 barnen v\u00e4xt ikapp sina j\u00e4mn\u00e5riga.<\/p>\n<p><a href=\"http:\/\/vackerunderbar.se\/wp-content\/uploads\/2015\/05\/wpid-img_20150529_155338.jpg\"><img decoding=\"async\" title=\"IMG_20150529_155338.jpg\" class=\"alignnone size-full\"  alt=\"image\" src=\"http:\/\/vackerunderbar.se\/wp-content\/uploads\/2015\/05\/wpid-img_20150529_155338.jpg\" \/><\/a> <\/p>\n<p><a href=\"http:\/\/vackerunderbar.se\/wp-content\/uploads\/2015\/05\/wpid-img_20150529_062235.jpg\"><img decoding=\"async\" title=\"IMG_20150529_062235.jpg\" class=\"alignnone size-full\"  alt=\"image\" src=\"http:\/\/vackerunderbar.se\/wp-content\/uploads\/2015\/05\/wpid-img_20150529_062235.jpg\" \/><\/a> <\/p>\n<p>Om ni vill l\u00e4sa mer om komplett hj\u00e4rtblock eller AVB-3 som v\u00e5rt barn har kan ni l\u00e4sa h\u00e4r p\u00e5 <a href=\"http:\/\/www.cmm.ki.se\/group_subpage\/medfott-hjartblock\/\" target=\"_blank\">Karolinskas egen sida<\/a>. Alla v\u00e5ra Stockholmsresor under v\u00e5ren har g\u00e5tt till Astrid Lindgrens sjukhus i Solna, d\u00e4r en av v\u00e4rldens ledande forskare p\u00e5 komplett hj\u00e4rtblock finns &#8211; Sven-Erik Sonesson, \u00f6verl\u00e4kare och professor\u00a0vid barnkardiologen. Han har ocks\u00e5 varit helt fantastisk i att f\u00f6rklara och lugna samt svara p\u00e5 alla v\u00e5ra nyfikna fr\u00e5gor. B\u00e5de jag och Anders \u00e4r intresserade av vetenskap\u00a0s\u00e5 vi har h\u00e4ngt med r\u00e4tt bra i allting. Det \u00e4r riktigt intressant att l\u00e4ra sig mer om detta. Vi \u00e4r b\u00e5da med i olika studier dessutom nu f\u00f6r att f\u00f6rs\u00f6ka ta reda p\u00e5 varf\u00f6r en del drabbas och andra inte och \u00e4ven om pappans gener har n\u00e5got med k\u00e4nsligheten att g\u00f6ra. Hoppas de kommer fram till n\u00e5got i min livstid!<\/p>\n<p>S\u00e5, dryga 20 ultraljud senare &#8211; om jag r\u00e4knat r\u00e4tt, minst 1 ultraljud i veckan &#8211; sitter vi nu h\u00e4r p\u00e5 neonatal och firar mors dag. Med ett litet knyte i famnen som i mina \u00f6gon \u00e4r det st\u00f6rsta mirakel som n\u00e5gonsin intr\u00e4ffat. Vi \u00e4r s\u00e5 lyckliga och stolta \u00f6ver v\u00e5rt lilla hj\u00e4rta, v\u00e5r lilla k\u00e4mpe. Vi har g\u00e5tt igenom s\u00e5 extremt mycket &#8211; inte bara den oron som ett hj\u00e4rtfel inneb\u00e4r &#8211; utan ocks\u00e5 en total ekonomisk krash, samt att Anders har kollapsat. Han har m\u00e5tt extremt d\u00e5ligt under m\u00e5nga \u00e5r men \u00e4nd\u00e5 k\u00e4mpat p\u00e5. Nu med detta ocks\u00e5 brast alla f\u00f6rd\u00e4mningar och \u00e4ven om vi hela v\u00e4gen k\u00e4nt oss i trygga h\u00e4nder har oron \u00e4nd\u00e5 tagit p\u00e5 oss. Men v\u00e5r k\u00e4rlek \u00e4r starkare \u00e4n n\u00e5gonsin och det h\u00e4r barnet \u00e4r s\u00e5 efterl\u00e4ngtat att allt \u00e4r v\u00e4rt det.<\/p>\n<p><a href=\"http:\/\/vackerunderbar.se\/wp-content\/uploads\/2015\/05\/wpid-img_20150528_182017.jpg\"><img decoding=\"async\" title=\"IMG_20150528_182017.jpg\" class=\"alignnone size-full\"  alt=\"image\" src=\"http:\/\/vackerunderbar.se\/wp-content\/uploads\/2015\/05\/wpid-img_20150528_182017.jpg\" \/><\/a><a href=\"http:\/\/vackerunderbar.se\/wp-content\/uploads\/2015\/05\/wpid-img_20150528_181901.jpg\"><img decoding=\"async\" title=\"IMG_20150528_181901.jpg\" class=\"alignnone size-full\"  alt=\"image\" src=\"http:\/\/vackerunderbar.se\/wp-content\/uploads\/2015\/05\/wpid-img_20150528_181901.jpg\" \/><\/a> <\/p>\n<p>Jag kommer ber\u00e4tta mer om sj\u00e4lva kejsarsnittet och ev inoperation av en pacemaker som de f\u00f6rmodligen beslutar om n\u00e4sta vecka. Just nu vill jag bara vila i vetskapen att allt g\u00e5tt bra och att vi har varann!<\/p>\n<figure id=\"attachment_67150\" aria-describedby=\"caption-attachment-67150\" style=\"width: 503px\" class=\"wp-caption aligncenter\"><a href=\"http:\/\/vackerunderbar.se\/wp-content\/uploads\/2015\/05\/ultraljud-januari.jpg\"><img loading=\"lazy\" decoding=\"async\" class=\"wp-image-67150\" src=\"http:\/\/vackerunderbar.se\/wp-content\/uploads\/2015\/05\/ultraljud-januari-700x479.jpg\" alt=\"Ultraljud fr\u00e5n 20e januari, i v 20. D\u00e5 var allting utan anm\u00e4rkning.\" width=\"503\" height=\"344\" srcset=\"http:\/\/vackerunderbar.se\/wp-content\/uploads\/2015\/05\/ultraljud-januari-700x479.jpg 700w, http:\/\/vackerunderbar.se\/wp-content\/uploads\/2015\/05\/ultraljud-januari-340x232.jpg 340w, http:\/\/vackerunderbar.se\/wp-content\/uploads\/2015\/05\/ultraljud-januari-732x501.jpg 732w, http:\/\/vackerunderbar.se\/wp-content\/uploads\/2015\/05\/ultraljud-januari.jpg 800w\" sizes=\"(max-width: 503px) 100vw, 503px\" \/><\/a><figcaption id=\"caption-attachment-67150\" class=\"wp-caption-text\">Ultraljud fr\u00e5n 20e januari, i v 20. D\u00e5 var allting utan anm\u00e4rkning.<\/figcaption><\/figure>\n","protected":false},"excerpt":{"rendered":"<p>Det st\u00e4mmer! I torsdags den 28e maj blev Anders och jag f\u00f6r\u00e4ldrar till lilla Mika. 3010 gram och 48.7 cm l\u00e5ng. Vi \u00e4r just nu &hellip; <\/p>\n","protected":false},"author":1,"featured_media":0,"comment_status":"open","ping_status":"open","sticky":false,"template":"","format":"standard","meta":{"footnotes":""},"categories":[581],"tags":[],"_links":{"self":[{"href":"http:\/\/vackerunderbar.se\/index.php?rest_route=\/wp\/v2\/posts\/67144"}],"collection":[{"href":"http:\/\/vackerunderbar.se\/index.php?rest_route=\/wp\/v2\/posts"}],"about":[{"href":"http:\/\/vackerunderbar.se\/index.php?rest_route=\/wp\/v2\/types\/post"}],"author":[{"embeddable":true,"href":"http:\/\/vackerunderbar.se\/index.php?rest_route=\/wp\/v2\/users\/1"}],"replies":[{"embeddable":true,"href":"http:\/\/vackerunderbar.se\/index.php?rest_route=%2Fwp%2Fv2%2Fcomments&post=67144"}],"version-history":[{"count":15,"href":"http:\/\/vackerunderbar.se\/index.php?rest_route=\/wp\/v2\/posts\/67144\/revisions"}],"predecessor-version":[{"id":67172,"href":"http:\/\/vackerunderbar.se\/index.php?rest_route=\/wp\/v2\/posts\/67144\/revisions\/67172"}],"wp:attachment":[{"href":"http:\/\/vackerunderbar.se\/index.php?rest_route=%2Fwp%2Fv2%2Fmedia&parent=67144"}],"wp:term":[{"taxonomy":"category","embeddable":true,"href":"http:\/\/vackerunderbar.se\/index.php?rest_route=%2Fwp%2Fv2%2Fcategories&post=67144"},{"taxonomy":"post_tag","embeddable":true,"href":"http:\/\/vackerunderbar.se\/index.php?rest_route=%2Fwp%2Fv2%2Ftags&post=67144"}],"curies":[{"name":"wp","href":"https:\/\/api.w.org\/{rel}","templated":true}]}}