{"id":66641,"date":"2015-04-13T16:11:00","date_gmt":"2015-04-13T14:11:00","guid":{"rendered":"http:\/\/vackerunderbar.se\/?p=66641"},"modified":"2015-04-13T14:16:15","modified_gmt":"2015-04-13T12:16:15","slug":"vecka-15-med-instagram-2","status":"publish","type":"post","link":"http:\/\/vackerunderbar.se\/?p=66641","title":{"rendered":"Vecka 15 med Instagram"},"content":{"rendered":"<p>Andra veckan i april fl\u00f6g iv\u00e4g, med m\u00e5ndag som \u00e5ts upp i en helg. K\u00e4nns som vi var mycket hemma med katterna, vi var b\u00e5da lite krassliga.<\/p>\n<p>Vi kollar!<\/p>\n<p><a href=\"http:\/\/vackerunderbar.se\/wp-content\/uploads\/2015\/04\/wpid-img_20150406_1155261.jpg\"><img decoding=\"async\" class=\"alignnone size-full\" title=\"IMG_20150406_115526.jpg\" src=\"http:\/\/vackerunderbar.se\/wp-content\/uploads\/2015\/04\/wpid-img_20150406_1155261.jpg\" alt=\"image\" \/><\/a><a href=\"http:\/\/vackerunderbar.se\/wp-content\/uploads\/2015\/04\/wpid-img_20150406_115722.jpg\"><img decoding=\"async\" class=\"alignnone size-full\" title=\"IMG_20150406_115722.jpg\" src=\"http:\/\/vackerunderbar.se\/wp-content\/uploads\/2015\/04\/wpid-img_20150406_115722.jpg\" alt=\"image\" \/><\/a><a href=\"http:\/\/vackerunderbar.se\/wp-content\/uploads\/2015\/04\/wpid-img_20150406_171359.jpg\"><img decoding=\"async\" class=\"alignnone size-full\" title=\"IMG_20150406_171359.jpg\" src=\"http:\/\/vackerunderbar.se\/wp-content\/uploads\/2015\/04\/wpid-img_20150406_171359.jpg\" alt=\"image\" \/><\/a><a href=\"http:\/\/vackerunderbar.se\/wp-content\/uploads\/2015\/04\/wpid-img_20150406_171623.jpg\"><img decoding=\"async\" class=\"alignnone size-full\" title=\"IMG_20150406_171623.jpg\" src=\"http:\/\/vackerunderbar.se\/wp-content\/uploads\/2015\/04\/wpid-img_20150406_171623.jpg\" alt=\"image\" \/><\/a><\/p>\n<p>1. M\u00e5ndagen, som ju var en helgdag, \u00e4gnades \u00e5t hemjobb i form av st\u00e4dande och f\u00f6rsta badet f\u00f6r Soto. Hon var s\u00e5 duktig, klart hon sprattlade men inget gn\u00e4ll eller rivande.<br \/>\n2. Min lilla bebis. Tur hon torkade snabbt.<br \/>\n3. P\u00e5 spaning efter den v\u00e5r som flytt.<br \/>\n4. Snart kanske \u00e4ven magnoliatr\u00e4det i Str\u00f6msparken st\u00e5r i full blom!<\/p>\n<p>&nbsp;<br \/>\n<a href=\"http:\/\/vackerunderbar.se\/wp-content\/uploads\/2015\/04\/wpid-img_20150407_123713.jpg\"><img decoding=\"async\" class=\"alignnone size-full\" title=\"IMG_20150407_123713.jpg\" src=\"http:\/\/vackerunderbar.se\/wp-content\/uploads\/2015\/04\/wpid-img_20150407_123713.jpg\" alt=\"image\" \/><\/a><a href=\"http:\/\/vackerunderbar.se\/wp-content\/uploads\/2015\/04\/wpid-img_20150407_185923.jpg\"><img decoding=\"async\" class=\"alignnone size-full\" title=\"IMG_20150407_185923.jpg\" src=\"http:\/\/vackerunderbar.se\/wp-content\/uploads\/2015\/04\/wpid-img_20150407_185923.jpg\" alt=\"image\" \/><\/a><a href=\"http:\/\/vackerunderbar.se\/wp-content\/uploads\/2015\/04\/wpid-img_20150407_202617.jpg\"><img decoding=\"async\" class=\"alignnone size-full\" title=\"IMG_20150407_202617.jpg\" src=\"http:\/\/vackerunderbar.se\/wp-content\/uploads\/2015\/04\/wpid-img_20150407_202617.jpg\" alt=\"image\" \/><\/a><a href=\"http:\/\/vackerunderbar.se\/wp-content\/uploads\/2015\/04\/wpid-img_20150408_083435.jpg\"><img decoding=\"async\" class=\"alignnone size-full\" title=\"IMG_20150408_083435.jpg\" src=\"http:\/\/vackerunderbar.se\/wp-content\/uploads\/2015\/04\/wpid-img_20150408_083435.jpg\" alt=\"image\" \/><\/a><\/p>\n<p>1. Tisdagen tillbringade vi p\u00e5 Vrinnevisjukhuset, \u00e5t lunch i personalmatsalen. R\u00e4tt tydligt vad v\u00e5rdpersonalen tycker om Becel&#8230;<br \/>\n2. Solnedg\u00e5ng p\u00e5 Nygatan.<br \/>\n3. Och en rosa himmel \u00f6ver Arbetets Museum.<br \/>\n4. Onsdag och lilla Soto var s\u00f6t efter frukost.<\/p>\n<p>&nbsp;<br \/>\n<a href=\"http:\/\/vackerunderbar.se\/wp-content\/uploads\/2015\/04\/wpid-img_20150408_091113.jpg\"><img decoding=\"async\" class=\"alignnone size-full\" title=\"IMG_20150408_091113.jpg\" src=\"http:\/\/vackerunderbar.se\/wp-content\/uploads\/2015\/04\/wpid-img_20150408_091113.jpg\" alt=\"image\" \/><\/a><a href=\"http:\/\/vackerunderbar.se\/wp-content\/uploads\/2015\/04\/wpid-img_20150408_155315.jpg\"><img decoding=\"async\" class=\"alignnone size-full\" title=\"IMG_20150408_155315.jpg\" src=\"http:\/\/vackerunderbar.se\/wp-content\/uploads\/2015\/04\/wpid-img_20150408_155315.jpg\" alt=\"image\" \/><\/a><a href=\"http:\/\/vackerunderbar.se\/wp-content\/uploads\/2015\/04\/wpid-img_20150408_184004.jpg\"><img decoding=\"async\" class=\"alignnone size-full\" title=\"IMG_20150408_184004.jpg\" src=\"http:\/\/vackerunderbar.se\/wp-content\/uploads\/2015\/04\/wpid-img_20150408_184004.jpg\" alt=\"image\" \/><\/a><a href=\"http:\/\/vackerunderbar.se\/wp-content\/uploads\/2015\/04\/wpid-img_20150408_184211.jpg\"><img decoding=\"async\" class=\"alignnone size-full\" title=\"IMG_20150408_184211.jpg\" src=\"http:\/\/vackerunderbar.se\/wp-content\/uploads\/2015\/04\/wpid-img_20150408_184211.jpg\" alt=\"image\" \/><\/a><\/p>\n<p>1. Uchi p\u00e5 v\u00e4g f\u00f6r lite gos.<br \/>\n2. S\u00e5 var vi i Stockholm igen. H\u00e4r \u00e4r \u00e4nder och andra kammaren av Riksdagen. Pampig byggnad.<br \/>\n3. Ett tr\u00e4d blommade i Kungstr\u00e4dg\u00e5rden.<br \/>\n4. Anders Sporring fotar blommorna. Hoppas de fortfarande blommar n\u00e4r vi \u00e4r i Stockholm igen om 1.5 vecka.<\/p>\n<p>&nbsp;<br \/>\n<a href=\"http:\/\/vackerunderbar.se\/wp-content\/uploads\/2015\/04\/wpid-img_20150409_142026.jpg\"><img decoding=\"async\" class=\"alignnone size-full\" title=\"IMG_20150409_142026.jpg\" src=\"http:\/\/vackerunderbar.se\/wp-content\/uploads\/2015\/04\/wpid-img_20150409_142026.jpg\" alt=\"image\" \/><\/a><a href=\"http:\/\/vackerunderbar.se\/wp-content\/uploads\/2015\/04\/wpid-img_20150410_110306.jpg\"><img decoding=\"async\" class=\"alignnone size-full\" title=\"IMG_20150410_110306.jpg\" src=\"http:\/\/vackerunderbar.se\/wp-content\/uploads\/2015\/04\/wpid-img_20150410_110306.jpg\" alt=\"image\" \/><\/a><a href=\"http:\/\/vackerunderbar.se\/wp-content\/uploads\/2015\/04\/wpid-img_20150411_113846.jpg\"><img decoding=\"async\" class=\"alignnone size-full\" title=\"IMG_20150411_113846.jpg\" src=\"http:\/\/vackerunderbar.se\/wp-content\/uploads\/2015\/04\/wpid-img_20150411_113846.jpg\" alt=\"image\" \/><\/a><a href=\"http:\/\/vackerunderbar.se\/wp-content\/uploads\/2015\/04\/wpid-img_20150411_161738.jpg\"><img decoding=\"async\" class=\"alignnone size-full\" title=\"IMG_20150411_161738.jpg\" src=\"http:\/\/vackerunderbar.se\/wp-content\/uploads\/2015\/04\/wpid-img_20150411_161738.jpg\" alt=\"image\" \/><\/a><\/p>\n<p>1. Mellan torsdag och s\u00f6ndag var vi mest hemma. Sjuka och tr\u00f6tta var vi. Katterna hade fest dock.<br \/>\n2. Mina gula naglar :(<br \/>\n3. Deshi. S\u00e5 himla s\u00f6t&#8230;<br \/>\n4. F\u00f6r att inte tala om den h\u00e4r lilla stj\u00e4rnan!<\/p>\n<p>Det var den veckan. F\u00f6lj mig g\u00e4rna p\u00e5 instagram under namnet <a href=\"http:\/\/instagram.com\/akrogirl\">akrogirl <\/a><\/p>\n","protected":false},"excerpt":{"rendered":"<p>Andra veckan i april fl\u00f6g iv\u00e4g, med m\u00e5ndag som \u00e5ts upp i en helg. K\u00e4nns som vi var mycket hemma med katterna, vi var b\u00e5da &hellip; <\/p>\n","protected":false},"author":1,"featured_media":0,"comment_status":"open","ping_status":"open","sticky":false,"template":"","format":"standard","meta":{"footnotes":""},"categories":[56],"tags":[511,436],"_links":{"self":[{"href":"http:\/\/vackerunderbar.se\/index.php?rest_route=\/wp\/v2\/posts\/66641"}],"collection":[{"href":"http:\/\/vackerunderbar.se\/index.php?rest_route=\/wp\/v2\/posts"}],"about":[{"href":"http:\/\/vackerunderbar.se\/index.php?rest_route=\/wp\/v2\/types\/post"}],"author":[{"embeddable":true,"href":"http:\/\/vackerunderbar.se\/index.php?rest_route=\/wp\/v2\/users\/1"}],"replies":[{"embeddable":true,"href":"http:\/\/vackerunderbar.se\/index.php?rest_route=%2Fwp%2Fv2%2Fcomments&post=66641"}],"version-history":[{"count":3,"href":"http:\/\/vackerunderbar.se\/index.php?rest_route=\/wp\/v2\/posts\/66641\/revisions"}],"predecessor-version":[{"id":66658,"href":"http:\/\/vackerunderbar.se\/index.php?rest_route=\/wp\/v2\/posts\/66641\/revisions\/66658"}],"wp:attachment":[{"href":"http:\/\/vackerunderbar.se\/index.php?rest_route=%2Fwp%2Fv2%2Fmedia&parent=66641"}],"wp:term":[{"taxonomy":"category","embeddable":true,"href":"http:\/\/vackerunderbar.se\/index.php?rest_route=%2Fwp%2Fv2%2Fcategories&post=66641"},{"taxonomy":"post_tag","embeddable":true,"href":"http:\/\/vackerunderbar.se\/index.php?rest_route=%2Fwp%2Fv2%2Ftags&post=66641"}],"curies":[{"name":"wp","href":"https:\/\/api.w.org\/{rel}","templated":true}]}}