{"id":65465,"date":"2014-12-20T12:00:56","date_gmt":"2014-12-20T11:00:56","guid":{"rendered":"http:\/\/vackerunderbar.se\/?p=65465"},"modified":"2016-10-31T22:10:42","modified_gmt":"2016-10-31T21:10:42","slug":"god-jul-och-vi-har-har-nagot-att-beratta","status":"publish","type":"post","link":"http:\/\/vackerunderbar.se\/?p=65465","title":{"rendered":"God Jul! Och vi har har n\u00e5got att ber\u00e4tta&#8230;"},"content":{"rendered":"<p><a href=\"http:\/\/vackerunderbar.se\/wp-content\/uploads\/2014\/12\/hurra-1.jpg\"><img loading=\"lazy\" decoding=\"async\" class=\"aligncenter  wp-image-65467\" src=\"http:\/\/vackerunderbar.se\/wp-content\/uploads\/2014\/12\/hurra-1.jpg\" alt=\"hurra-1\" width=\"500\" height=\"688\" srcset=\"http:\/\/vackerunderbar.se\/wp-content\/uploads\/2014\/12\/hurra-1.jpg 690w, http:\/\/vackerunderbar.se\/wp-content\/uploads\/2014\/12\/hurra-1-340x468.jpg 340w\" sizes=\"(max-width: 500px) 100vw, 500px\" \/><\/a><\/p>\n<p>\u00c4ntligen kan jag ber\u00e4tta! Ni ser inte fel, jag \u00e4r med barn! :D Jag \u00e4r just nu i 16e veckan, eller 15+3 som sjukv\u00e5rden r\u00e4knar. Ber\u00e4knad nedkomst \u00e4r i b\u00f6rjan av juni.<\/p>\n<p>Jag har m\u00e5tt r\u00e4tt bra hittills, f\u00f6rutom 6 veckor halsont i b\u00f6rjan och sedan 6 veckor nacksp\u00e4rr som ni minns. Men inget illam\u00e5ende eller andra ordentliga graviditetsbesv\u00e4r. Jobbigaste \u00e4r v\u00e4l att jag \u00e4r hungrig mest hela tiden, kan \u00e4ta en stor middag och bli s\u00e5\u00e5\u00e5 m\u00e4tt f\u00f6r att sedan efter en timme vara lika hungrig igen. F\u00f6r att inte snacka om kissn\u00f6digheten och f\u00f6rstoppningen! Men en l\u00e4r sig leva med det mesta! Magen \u00e4r redan r\u00e4tt bullig, men det \u00e4r mest fett faktiskt&#8230; B\u00e4st \u00e4r ju de st\u00f6rre br\u00f6sten, \u00e4ven om de \u00e4r iv\u00e4gen n\u00e4r jag f\u00f6rs\u00f6ker sova!<\/p>\n<p>Det jag ser fram emot minst \u00e4r foglossningen, jag har ju sk hypermobilitet i mina leder. Det \u00e4r d\u00e4rf\u00f6r mitt kn\u00e4 s\u00e5 l\u00e4tt g\u00e5r ur led. Vid en graviditet blir foglossningen extremt jobbig p\u00e5 oss med \u00f6verr\u00f6rlighet, dessutom kan det sitta i l\u00e4nge efter\u00e5t. D\u00e4rf\u00f6r kan det bli lite jobbigt med mitt jobb ibland, som med lastbilen jag hade i onsdags d\u00e5 det blir stor belastning p\u00e5 b\u00e4ckenet. Planen \u00e4r att jobba s\u00e5 l\u00e4nge det g\u00e5r, men redan idag f\u00e5r jag hj\u00e4lp med tunga lyft och kunder som bor 3 trappor upp utan hiss. Absolut sista arbetsdagen blir 10e april, men troligen kommer det inte g\u00e5 l\u00e4ngre \u00e4n till februari, max mars. Vi f\u00e5r se! Jag m\u00e5r ju bra av att r\u00f6ra p\u00e5 mig s\u00e5 hoppas ju det ska g\u00e5 l\u00e4nge.<\/p>\n<p>Vad s\u00e4ger ni om mitt lilla mirakel? H\u00e4rligt va?<\/p>\n<p><a href=\"http:\/\/vackerunderbar.se\/wp-content\/uploads\/2014\/12\/ultraljud4-officiell.jpg\"><img loading=\"lazy\" decoding=\"async\" class=\"aligncenter size-medium wp-image-65469\" src=\"http:\/\/vackerunderbar.se\/wp-content\/uploads\/2014\/12\/ultraljud4-officiell-340x292.jpg\" alt=\"ultraljud4-officiell\" width=\"340\" height=\"292\" srcset=\"http:\/\/vackerunderbar.se\/wp-content\/uploads\/2014\/12\/ultraljud4-officiell-340x292.jpg 340w, http:\/\/vackerunderbar.se\/wp-content\/uploads\/2014\/12\/ultraljud4-officiell.jpg 700w\" sizes=\"(max-width: 340px) 100vw, 340px\" \/><\/a><\/p>\n<p>&nbsp;<\/p>\n<p>Men inte nog med att vi blir f\u00f6r\u00e4ldrar, vi kommer dessutom i februari f\u00e5 ytterligare en p\u00e4lskling i familjen! Vi v\u00e4lkomnar d\u00e5 lilla S* Pinkalicious Pralin till oss, hon kommer f\u00e5 namnet Soto som tillh\u00f6r samma ordfamilj som Uchi och Deshi. Det \u00e4r en term inom aikidon, d\u00e4r du\u00a0s\u00e4ger att du \u00e5ker p\u00e5 en Uchi Deshi &#8211; dvs ett l\u00e4ger hos m\u00e4staren d\u00e4r du\u00a0bor i dojon. Men du\u00a0kan ocks\u00e5 \u00e5ka p\u00e5 en Soto Deshi, d\u00e5 bor du ist\u00e4llet utanf\u00f6r dojon. Deshi betyder student, Uchi inomhus och Soto utomhus =) N\u00f6rdigt javisst.<\/p>\n<p>Hon \u00e4r f\u00f6dd 15e november, s\u00e5 lite drygt 5 veckor gammal. Troligen \u00e4r hon bruntabby, jag har tidigare haft en bruntabby men hon var inte alls lika fin som Soto \u00e4r. Ska bli otroligt sp\u00e4nnande att se hur hon utvecklas &#8211; och hur hon g\u00e5r ihop med pojkarna! Planen \u00e4r att st\u00e4lla ut henne och \u00e4ven fram\u00f6ver starta v\u00e5r egen uppf\u00f6dning. Men det f\u00e5r vi se n\u00e4r och hur, i och med den lilla m\u00e4nniskobebisens ankomst!<\/p>\n<p>Suzanne \u00e4r en helt otrolig kattuppf\u00f6dare, med ett mycket n\u00e4ra f\u00f6rh\u00e5llningss\u00e4tt till sina kattungar. Soto var ju ensam i sin kull och f\u00e5r d\u00e4rmed hur mycket uppm\u00e4rksamhet som helst av Suzanne och de vuxna katterna Vanilj (mamman), Choklad och Mazarin. Hon \u00e4r extremt charmig, or\u00e4dd och busig, s\u00e5 f\u00f6rhoppningsvis kommer hon blir en helt annorlunda typ av katt \u00e4n Uchi och Deshi, jag hoppas ju p\u00e5 en kn\u00e4katt f\u00f6rst\u00e5s! Som jag har saknat den villkorsl\u00f6sa k\u00e4rleken sedan Wendy dog&#8230;<\/p>\n<p>Kolla in <a href=\"http:\/\/pinkalicious.se\/kategori\/vanilj-2014\/\" target=\"_blank\">fler bilder h\u00e4r hos Suzanne<\/a>! F\u00f6lj dem ocks\u00e5 p\u00e5 Instagram under namnet <a href=\"http:\/\/instagram.com\/suzannes\" target=\"_blank\">@suzannes<\/a> =)<\/p>\n<p><a href=\"http:\/\/vackerunderbar.se\/wp-content\/uploads\/2014\/12\/10847085_10152970692804553_365900943_n1.jpg\"><img loading=\"lazy\" decoding=\"async\" class=\"alignnone  wp-image-65470\" src=\"http:\/\/vackerunderbar.se\/wp-content\/uploads\/2014\/12\/10847085_10152970692804553_365900943_n1-340x473.jpg\" alt=\"10847085_10152970692804553_365900943_n\" width=\"322\" height=\"453\" \/><\/a><a href=\"http:\/\/vackerunderbar.se\/wp-content\/uploads\/2014\/12\/IMG_3212-768x1024.jpg\"><img loading=\"lazy\" decoding=\"async\" class=\"alignnone size-medium wp-image-65468\" src=\"http:\/\/vackerunderbar.se\/wp-content\/uploads\/2014\/12\/IMG_3212-768x1024-340x453.jpg\" alt=\"IMG_3212-768x1024\" width=\"340\" height=\"453\" srcset=\"http:\/\/vackerunderbar.se\/wp-content\/uploads\/2014\/12\/IMG_3212-768x1024-340x453.jpg 340w, http:\/\/vackerunderbar.se\/wp-content\/uploads\/2014\/12\/IMG_3212-768x1024-700x933.jpg 700w, http:\/\/vackerunderbar.se\/wp-content\/uploads\/2014\/12\/IMG_3212-768x1024.jpg 768w\" sizes=\"(max-width: 340px) 100vw, 340px\" \/><\/a><\/p>\n<p>Det var v\u00e4l en julh\u00e4lsning som heter duga?<\/p>\n<p>Nu \u00e5terst\u00e5r bara att h\u00e4lsa alla mina fina l\u00e4sare en riktigt God Jul! Jag hoppas du f\u00e5r en underbar jul med dina n\u00e4ra och k\u00e4ra. Vi \u00e5ker ju till Valdemarsvik fram till ny\u00e5r. Bloggen \u00e4r nog \u00e5ter igen p\u00e5 m\u00e5ndag den 5e januari. Men jag kommer ju svara p\u00e5 era kommentarer och jag finns ju p\u00e5 instagram! <a href=\"http:\/\/instagram.com\/akrogirl\" target=\"_blank\">@akrogirl<\/a> heter jag d\u00e4r fortfarande =)<\/p>\n<p>L\u00e4s h\u00e4r p\u00e5 <a href=\"http:\/\/andersabrahamsson.org\/2014\/12\/20\/med-karleken-som-hjalte-del-tva-crazy-banana-x-och-sotothecat\/\">Anders blogg<\/a> ocks\u00e5! <\/p>\n<p>Stor kram fr\u00e5n djupet av mitt hj\u00e4rta!<\/p>\n","protected":false},"excerpt":{"rendered":"<p>\u00c4ntligen kan jag ber\u00e4tta! Ni ser inte fel, jag \u00e4r med barn! :D Jag \u00e4r just nu i 16e veckan, eller 15+3 som sjukv\u00e5rden r\u00e4knar. &hellip; <\/p>\n","protected":false},"author":1,"featured_media":0,"comment_status":"open","ping_status":"open","sticky":false,"template":"","format":"standard","meta":{"footnotes":""},"categories":[468],"tags":[514],"_links":{"self":[{"href":"http:\/\/vackerunderbar.se\/index.php?rest_route=\/wp\/v2\/posts\/65465"}],"collection":[{"href":"http:\/\/vackerunderbar.se\/index.php?rest_route=\/wp\/v2\/posts"}],"about":[{"href":"http:\/\/vackerunderbar.se\/index.php?rest_route=\/wp\/v2\/types\/post"}],"author":[{"embeddable":true,"href":"http:\/\/vackerunderbar.se\/index.php?rest_route=\/wp\/v2\/users\/1"}],"replies":[{"embeddable":true,"href":"http:\/\/vackerunderbar.se\/index.php?rest_route=%2Fwp%2Fv2%2Fcomments&post=65465"}],"version-history":[{"count":5,"href":"http:\/\/vackerunderbar.se\/index.php?rest_route=\/wp\/v2\/posts\/65465\/revisions"}],"predecessor-version":[{"id":65476,"href":"http:\/\/vackerunderbar.se\/index.php?rest_route=\/wp\/v2\/posts\/65465\/revisions\/65476"}],"wp:attachment":[{"href":"http:\/\/vackerunderbar.se\/index.php?rest_route=%2Fwp%2Fv2%2Fmedia&parent=65465"}],"wp:term":[{"taxonomy":"category","embeddable":true,"href":"http:\/\/vackerunderbar.se\/index.php?rest_route=%2Fwp%2Fv2%2Fcategories&post=65465"},{"taxonomy":"post_tag","embeddable":true,"href":"http:\/\/vackerunderbar.se\/index.php?rest_route=%2Fwp%2Fv2%2Ftags&post=65465"}],"curies":[{"name":"wp","href":"https:\/\/api.w.org\/{rel}","templated":true}]}}