{"id":47790,"date":"2014-05-03T16:47:06","date_gmt":"2014-05-03T14:47:06","guid":{"rendered":"http:\/\/www.vackerunderbar.se\/?p=47790"},"modified":"2014-06-03T17:23:49","modified_gmt":"2014-06-03T15:23:49","slug":"dagens-lila-2","status":"publish","type":"post","link":"http:\/\/vackerunderbar.se\/?p=47790","title":{"rendered":"Dagens: lila"},"content":{"rendered":"<p><img loading=\"lazy\" decoding=\"async\" class=\"alignnone size-large wp-image-47793\" src=\"http:\/\/www.vackerunderbar.se\/wp-content\/uploads\/2014\/05\/ons-3004-1-700x439.jpg\" alt=\"ons-3004-1\" width=\"700\" height=\"439\" \/><\/p>\n<p>Dags s\u00e5 f\u00f6r onsdagsmejken, Valborg! K\u00e4nde mig v\u00e4ldigt snygg faktiskt, hade flawless hy och h\u00e5ret som jag satte upp i en l\u00e5gt sittande h\u00e4stsvans var s\u00e5 l\u00e5ng! H\u00e4rligt!<\/p>\n<p>H\u00e4r har jag anv\u00e4nt tv\u00e5 Make Up Store-skuggor som vanligt, silvriga Vermont Black i deras marbleserie samt lila Flamenco i den yttre \u00f6gonvr\u00e5n. Jag valde medvetet att ha skarpa kanter, det funkade bra tyckte jag. Svart kajal och mascara som vanligt.<\/p>\n<p>Kanske lite m\u00f6rk mejk men jag hade mest solglas\u00f6gon p\u00e5 \u00e4nd\u00e5 =)<\/p>\n<p>&#8211;<\/p>\n<p><em>English: Make Up Store Vermont Black and Flamenco, pretty dark for the season but mostly hidden behind shades.<\/em><\/p>\n<p><a href=\"http:\/\/www.vackerunderbar.se\/wp-content\/uploads\/2014\/05\/ons-3004-2.jpg\"><img loading=\"lazy\" decoding=\"async\" class=\"alignnone size-medium wp-image-47791\" src=\"http:\/\/www.vackerunderbar.se\/wp-content\/uploads\/2014\/05\/ons-3004-2-340x226.jpg\" alt=\"ons-3004-2\" width=\"340\" height=\"226\" \/><\/a><a href=\"http:\/\/www.vackerunderbar.se\/wp-content\/uploads\/2014\/05\/ons-3004-3.jpg\"><img loading=\"lazy\" decoding=\"async\" class=\"alignnone size-medium wp-image-47792\" src=\"http:\/\/www.vackerunderbar.se\/wp-content\/uploads\/2014\/05\/ons-3004-3-340x226.jpg\" alt=\"ons-3004-3\" width=\"340\" height=\"226\" \/><\/a><\/p>\n<p>&nbsp;<\/p>\n<p>\u2014<\/p>\n<h4 style=\"color: #008800;\">Produktlista<\/h4>\n<p><strong>Hud<\/strong><br \/>\nFoundation:\u00a0Clinique\u00a0Stay Matte Foundation<br \/>\nRouge: \u00a0H&amp;M Rouge \u2013 Sugar Coral<\/p>\n<p><strong>\u00d6gon<\/strong><br \/>\n\u00d6gonskuggeprimer: Too Faced Shadow Insurence<br \/>\n\u00d6gonskuggor: Make Up Store Marbleshadow \u2013 Vermont Black. Microshadow \u2013 Flamenco.<br \/>\nMascara: Clinique Waterproof mascara<br \/>\nEyeliner:\u00a0bareMinerals Round The Clock eyeliner \u2013 8PM.<br \/>\n\u00d6gonbryn:\u00a0Clinique Eyebrow pencil<\/p>\n<p>L\u00e4ppar: Models co.<\/p>\n<p>Attityd:\u00a0Lite seg och tr\u00f6tt som alltid&#8230;<\/p>\n","protected":false},"excerpt":{"rendered":"<p>Dags s\u00e5 f\u00f6r onsdagsmejken, Valborg! K\u00e4nde mig v\u00e4ldigt snygg faktiskt, hade flawless hy och h\u00e5ret som jag satte upp i en l\u00e5gt sittande h\u00e4stsvans var &hellip; <\/p>\n","protected":false},"author":1,"featured_media":0,"comment_status":"open","ping_status":"open","sticky":false,"template":"","format":"standard","meta":{"footnotes":""},"categories":[421],"tags":[505],"_links":{"self":[{"href":"http:\/\/vackerunderbar.se\/index.php?rest_route=\/wp\/v2\/posts\/47790"}],"collection":[{"href":"http:\/\/vackerunderbar.se\/index.php?rest_route=\/wp\/v2\/posts"}],"about":[{"href":"http:\/\/vackerunderbar.se\/index.php?rest_route=\/wp\/v2\/types\/post"}],"author":[{"embeddable":true,"href":"http:\/\/vackerunderbar.se\/index.php?rest_route=\/wp\/v2\/users\/1"}],"replies":[{"embeddable":true,"href":"http:\/\/vackerunderbar.se\/index.php?rest_route=%2Fwp%2Fv2%2Fcomments&post=47790"}],"version-history":[{"count":1,"href":"http:\/\/vackerunderbar.se\/index.php?rest_route=\/wp\/v2\/posts\/47790\/revisions"}],"predecessor-version":[{"id":47794,"href":"http:\/\/vackerunderbar.se\/index.php?rest_route=\/wp\/v2\/posts\/47790\/revisions\/47794"}],"wp:attachment":[{"href":"http:\/\/vackerunderbar.se\/index.php?rest_route=%2Fwp%2Fv2%2Fmedia&parent=47790"}],"wp:term":[{"taxonomy":"category","embeddable":true,"href":"http:\/\/vackerunderbar.se\/index.php?rest_route=%2Fwp%2Fv2%2Fcategories&post=47790"},{"taxonomy":"post_tag","embeddable":true,"href":"http:\/\/vackerunderbar.se\/index.php?rest_route=%2Fwp%2Fv2%2Ftags&post=47790"}],"curies":[{"name":"wp","href":"https:\/\/api.w.org\/{rel}","templated":true}]}}