{"id":464,"date":"2008-03-16T23:01:06","date_gmt":"2008-03-16T22:01:06","guid":{"rendered":"http:\/\/vackerunderbar.se\/?p=464"},"modified":"2014-05-31T16:22:06","modified_gmt":"2014-05-31T14:22:06","slug":"jamforelse-shadestick-vs-color-definer","status":"publish","type":"post","link":"http:\/\/vackerunderbar.se\/?p=464","title":{"rendered":"J\u00e4mf\u00f6relse: shadestick vs. color definer"},"content":{"rendered":"<p><a href=\"http:\/\/vackerunderbar.se\/wp-content\/uploads\/2008\/03\/son-1603-3.jpg\" title=\"son-1603-3.jpg\"><img decoding=\"async\" src=\"http:\/\/vackerunderbar.se\/wp-content\/uploads\/2008\/03\/son-1603-3.thumbnail.jpg\" alt=\"son-1603-3.jpg\" align=\"right\" \/><\/a>Idag m\u00e5ste jag ha sett verkligt konstig ut! T\u00e4nkte att jag skulle g\u00f6ra en j\u00e4mf\u00f6relse mellan Mac Shadestick i den bruna f\u00e4rgen Gentle Lentil och den beiga f\u00e4rgen fr\u00e5n Maybellines Color Definer. B\u00e5da \u00e4r kr\u00e4mskugga i stiftform, rekommenderade att anv\u00e4nda under \u00f6gonskuggan som primer och b\u00e4ttre f\u00e4ste. Jag anv\u00e4nder b\u00e5da, den ljusa n\u00e4r jag vill ha ljusare skuggor och den m\u00f6rka n\u00e4r jag vill ha &#8211; ja, du gissa det, m\u00f6rka skuggor.<\/p>\n<p>Idag t\u00e4nkte jag s\u00e5ledes ha en p\u00e5 varje. Dels f\u00f6r att med bilder visa hur olika f\u00e4rgerna blir, men ocks\u00e5 f\u00f6r att testa h\u00e5llbarheten. P\u00e5 dessa bilder har jag lagt dagkr\u00e4m, Matt Touch och foundation, Mac Studio Fix. Dock inte p\u00e5 \u00f6gonlocken.<\/p>\n<p>S\u00e5 h\u00e4r ser det ut direkt efter att jag applicerat de olika stiftskuggorna:<br \/>\n<img decoding=\"async\" src=\"http:\/\/vackerunderbar.se\/wp-content\/uploads\/2008\/03\/son-1603-1.jpg\" alt=\"son-1603-1.jpg\" \/><\/p>\n<p>I b\u00e5da fallen har jag arbetat ut dem en aning f\u00f6r att det ska bli ett j\u00e4mnare underlag. Dock inte s\u00e5 mycket att de inte syns alls, bara s\u00e5 det inte \u00e4r klumpigt eller oj\u00e4mnt f\u00f6rdelat. Mac Shadestick \u00e4r allts\u00e5 den m\u00f6rka p\u00e5 h\u00f6ger \u00f6ga (v\u00e4nstra \u00f6gat sett framifr\u00e5n), den ljusa \u00e4r Color Definer fr\u00e5n Maybelline p\u00e5 v\u00e4nster \u00f6ga (h\u00f6ger \u00f6ga sett framifr\u00e5n).<\/p>\n<p>N\u00e4sta bild visar hur olika skuggorna ser ut med de olika underlagen:<br \/>\n<img decoding=\"async\" src=\"http:\/\/vackerunderbar.se\/wp-content\/uploads\/2008\/03\/son-1603-2.jpg\" alt=\"son-1603-2.jpg\" \/><\/p>\n<p>Ganska rej\u00e4l skillnad i hur lystern och f\u00e4rgerna framtr\u00e4der. D\u00e5 har jag \u00e4nd\u00e5 f\u00f6rs\u00f6kt tona ner den m\u00f6rka f\u00e4rgen en aning och m\u00f6rkat den ljusa. Men det syns \u00e4nd\u00e5 en markant skillnad (som jag inte s\u00e5g i spegeln&#8230;)<\/p>\n<p>Slutligen, hur skuggorna s\u00e5g ut 5 timmar senare, efter att jag varit ute och suttit p\u00e5 ett m\u00f6te och g\u00e4spat:<br \/>\n<img decoding=\"async\" src=\"http:\/\/vackerunderbar.se\/wp-content\/uploads\/2008\/03\/son-1603-41.jpg\" alt=\"son-1603-41.jpg\" \/><\/p>\n<p>L\u00e4gg m\u00e4rke till att Macs Shadestick har samlat sig runt vecket, medan Color Definern sitter mycket b\u00e4ttre fortfarande. Den \u00e4r allts\u00e5 den klara vinnaren p\u00e5 detta test i h\u00e5llbarhet. Mac tycker jag nog \u00e4nd\u00e5 vinner i f\u00e4rg\u00e5tergivningen. D\u00f6tt lopp allts\u00e5!<\/p>\n<p>Dock ser ni ocks\u00e5 att min foundation inte sitter lika bra under glas\u00f6gonen&#8230;<\/p>\n","protected":false},"excerpt":{"rendered":"<p>Idag m\u00e5ste jag ha sett verkligt konstig ut! T\u00e4nkte att jag skulle g\u00f6ra en j\u00e4mf\u00f6relse mellan Mac Shadestick i den bruna f\u00e4rgen Gentle Lentil och &hellip; <\/p>\n","protected":false},"author":1,"featured_media":0,"comment_status":"open","ping_status":"open","sticky":false,"template":"","format":"standard","meta":{"footnotes":""},"categories":[448],"tags":[],"_links":{"self":[{"href":"http:\/\/vackerunderbar.se\/index.php?rest_route=\/wp\/v2\/posts\/464"}],"collection":[{"href":"http:\/\/vackerunderbar.se\/index.php?rest_route=\/wp\/v2\/posts"}],"about":[{"href":"http:\/\/vackerunderbar.se\/index.php?rest_route=\/wp\/v2\/types\/post"}],"author":[{"embeddable":true,"href":"http:\/\/vackerunderbar.se\/index.php?rest_route=\/wp\/v2\/users\/1"}],"replies":[{"embeddable":true,"href":"http:\/\/vackerunderbar.se\/index.php?rest_route=%2Fwp%2Fv2%2Fcomments&post=464"}],"version-history":[{"count":1,"href":"http:\/\/vackerunderbar.se\/index.php?rest_route=\/wp\/v2\/posts\/464\/revisions"}],"predecessor-version":[{"id":58510,"href":"http:\/\/vackerunderbar.se\/index.php?rest_route=\/wp\/v2\/posts\/464\/revisions\/58510"}],"wp:attachment":[{"href":"http:\/\/vackerunderbar.se\/index.php?rest_route=%2Fwp%2Fv2%2Fmedia&parent=464"}],"wp:term":[{"taxonomy":"category","embeddable":true,"href":"http:\/\/vackerunderbar.se\/index.php?rest_route=%2Fwp%2Fv2%2Fcategories&post=464"},{"taxonomy":"post_tag","embeddable":true,"href":"http:\/\/vackerunderbar.se\/index.php?rest_route=%2Fwp%2Fv2%2Ftags&post=464"}],"curies":[{"name":"wp","href":"https:\/\/api.w.org\/{rel}","templated":true}]}}