{"id":4441,"date":"2009-05-04T19:47:59","date_gmt":"2009-05-04T17:47:59","guid":{"rendered":"http:\/\/www.vackerunderbar.se\/?p=4441"},"modified":"2014-06-03T17:19:16","modified_gmt":"2014-06-03T15:19:16","slug":"mimi-brobeck-fran-drew-carey-show","status":"publish","type":"post","link":"http:\/\/vackerunderbar.se\/?p=4441","title":{"rendered":"Mimi Brobeck fr\u00e5n Drew Carey-show"},"content":{"rendered":"<p>Jag tillh\u00f6r inte den skara som \u00e4\u00e4\u00e4\u00e4\u00e4\u00e4lskar Drew Carey show (jag f\u00f6redrar 2\u00bd men, s\u00e5 sk\u00f6nt!) eller som jublar av skratt hela tiden, det \u00e4r inte min typ av humor helt enkelt. Men det \u00e4r \u00e4nd\u00e5 en serie som jag fastnar f\u00f6r ibland d\u00e5 inget annat finns att se. Jag har ju trots allt bara 11 kanaler och sport \u00e4r f\u00f6r tradigt att sl\u00f6titta p\u00e5.<\/p>\n<p style=\"text-align: center;\"><img loading=\"lazy\" decoding=\"async\" class=\"aligncenter\" src=\"http:\/\/www2.warnerbros.com\/drewcareytv\/images\/getloaded\/mimi.jpg\" alt=\"\" width=\"308\" height=\"410\" \/><\/p>\n<p>Anyway, n\u00e5got som slog mig h\u00e4romdagen var att jag tycker Mimi \u00e4r s\u00e5 f\u00f6rskr\u00e4cklig i sitt smink! Jag funderar vidare p\u00e5 saken och inser att jag enbart tycker detta f\u00f6r att hon framst\u00e4lls p\u00e5 det s\u00e4ttet. Hennes smink \u00e4r lika f\u00f6rskr\u00e4ckligt som hennes kl\u00e4der och hennes beteende. Jag luras av konventionerna f\u00f6r att jag sj\u00e4lv \u00e4r s\u00e5 desperat att passa in i det normaliserande m\u00f6nstret som finns d\u00e4r ute.<\/p>\n<p>Det h\u00e4nder ibland att jag faktiskt sk\u00e4ms \u00f6ver mina egna mejker. Inte f\u00f6r att de \u00e4r d\u00e5ligt utf\u00f6rda utan Too Much helt enkelt. De \u00e4r f\u00f6r skrikiga och f\u00f6r hemska och jag g\u00f6mmer mig bakom mina solglas\u00f6gon. Varf\u00f6r? Varf\u00f6r kan jag gladeligen visa upp mina mejker h\u00e4r p\u00e5 Vacker &amp; Underbar och sedan sk\u00e4mmas p\u00e5 pendelt\u00e5get?<\/p>\n<p>Nej, det \u00e4r dags att sluta sk\u00e4mmas och vara stolt \u00f6ver den jag \u00e4r! Precis som Mimi! Jag \u00e4r ju trots allt <strong>Vacker<\/strong> &amp; <strong>Underbar<\/strong>!!<\/p>\n","protected":false},"excerpt":{"rendered":"<p>Jag tillh\u00f6r inte den skara som \u00e4\u00e4\u00e4\u00e4\u00e4\u00e4lskar Drew Carey show (jag f\u00f6redrar 2\u00bd men, s\u00e5 sk\u00f6nt!) eller som jublar av skratt hela tiden, det \u00e4r &hellip; <\/p>\n","protected":false},"author":1,"featured_media":0,"comment_status":"open","ping_status":"open","sticky":false,"template":"","format":"standard","meta":{"footnotes":""},"categories":[448],"tags":[],"_links":{"self":[{"href":"http:\/\/vackerunderbar.se\/index.php?rest_route=\/wp\/v2\/posts\/4441"}],"collection":[{"href":"http:\/\/vackerunderbar.se\/index.php?rest_route=\/wp\/v2\/posts"}],"about":[{"href":"http:\/\/vackerunderbar.se\/index.php?rest_route=\/wp\/v2\/types\/post"}],"author":[{"embeddable":true,"href":"http:\/\/vackerunderbar.se\/index.php?rest_route=\/wp\/v2\/users\/1"}],"replies":[{"embeddable":true,"href":"http:\/\/vackerunderbar.se\/index.php?rest_route=%2Fwp%2Fv2%2Fcomments&post=4441"}],"version-history":[{"count":7,"href":"http:\/\/vackerunderbar.se\/index.php?rest_route=\/wp\/v2\/posts\/4441\/revisions"}],"predecessor-version":[{"id":60552,"href":"http:\/\/vackerunderbar.se\/index.php?rest_route=\/wp\/v2\/posts\/4441\/revisions\/60552"}],"wp:attachment":[{"href":"http:\/\/vackerunderbar.se\/index.php?rest_route=%2Fwp%2Fv2%2Fmedia&parent=4441"}],"wp:term":[{"taxonomy":"category","embeddable":true,"href":"http:\/\/vackerunderbar.se\/index.php?rest_route=%2Fwp%2Fv2%2Fcategories&post=4441"},{"taxonomy":"post_tag","embeddable":true,"href":"http:\/\/vackerunderbar.se\/index.php?rest_route=%2Fwp%2Fv2%2Ftags&post=4441"}],"curies":[{"name":"wp","href":"https:\/\/api.w.org\/{rel}","templated":true}]}}