{"id":44256,"date":"2014-03-19T08:01:14","date_gmt":"2014-03-19T07:01:14","guid":{"rendered":"http:\/\/www.vackerunderbar.se\/?p=44256"},"modified":"2014-06-03T17:58:25","modified_gmt":"2014-06-03T15:58:25","slug":"gron-onsdag-isadora-loden-green","status":"publish","type":"post","link":"http:\/\/vackerunderbar.se\/?p=44256","title":{"rendered":"Gr\u00f6n Onsdag: IsaDora &#8211; Loden Green"},"content":{"rendered":"<p><a href=\"http:\/\/www.vackerunderbar.se\/wp-content\/uploads\/2014\/03\/isadora-lodengreen-1.jpg\"><img loading=\"lazy\" decoding=\"async\" class=\"alignnone size-large wp-image-44257\" alt=\"isadora-lodengreen-1\" src=\"http:\/\/www.vackerunderbar.se\/wp-content\/uploads\/2014\/03\/isadora-lodengreen-1-700x466.jpg\" width=\"700\" height=\"466\" \/><\/a><\/p>\n<p>Varmt varmt v\u00e4lkomna till veckans Gr\u00f6na Onsdag! Jag hoppas du \u00e4r med idag och visar din h\u00e4rliga gr\u00f6na manikyr? L\u00e4gg bara till din l\u00e4nk via inLinkz nedan s\u00e5 sammanfattar jag deltagarlistan efter 21 ikv\u00e4ll =)<\/p>\n<p>Idag vill jag visa er ett lack som ni redan sett p\u00e5 alla bloggar &#8211; men f\u00f6r ett \u00e5r sedan. Jag \u00e4r inte s\u00e5 snabb p\u00e5 nyheter som ni vet, oftast blir jag helt osugen p\u00e5 lack som alla bloggar visar samtidigt.\u00a0<strong>IsaDora &#8211; Loden Green<\/strong> \u00e4r en av dem men \u00e4nd\u00e5 ett av v\u00e4ldigt f\u00e5 IsaDora som tog sig in p\u00e5 min lemminglista! Jag fick det av Amela i julklapp men har inte anv\u00e4nt det f\u00f6rr\u00e4n nu. Jag blev v\u00e4ldigt n\u00f6jd med f\u00e4rgen, formulan, och till och med penseln som iofs var lite f\u00f6r bred f\u00f6r min smak. Det enda jag inte gillar med IsaDora \u00e4r deras lilla lilla flaska med h\u00f6ga h\u00f6ga hals. Det \u00e4r en l\u00e5ng bit att doppa penseln f\u00f6r att n\u00e5 lacket, irriterande.<\/p>\n<p>F\u00e4rgen f\u00f6rresten, den \u00c4R gr\u00f6n! M\u00f6rkt olivgr\u00f6n med ett underbart guldskimmer i det, \u00e4lskar det verkligen! H\u00e4r \u00e4r det tv\u00e5 lager och m\u00f6jligt att jag fick st\u00e4da runt kanterna lite men annars var det v\u00e4ldigt l\u00e4tt att lacka med.<\/p>\n<p>Jag gillar det! Vad tycker du? Ge mig din \u00e5sikt bland kommentarerna! :D<\/p>\n<p>Och l\u00e4gg till din l\u00e4nk!<\/p>\n<p>&#8211;<\/p>\n<p><em>English:\u00a0IsaDora &#8211; Loden Green, lovely olive green with golden shimmer. True delight!<\/em><\/p>\n<p><a href=\"http:\/\/www.vackerunderbar.se\/wp-content\/uploads\/2014\/03\/isadora-lodengreen-2.jpg\"><img loading=\"lazy\" decoding=\"async\" class=\"alignnone size-large wp-image-44258\" alt=\"isadora-lodengreen-2\" src=\"http:\/\/www.vackerunderbar.se\/wp-content\/uploads\/2014\/03\/isadora-lodengreen-2-700x466.jpg\" width=\"700\" height=\"466\" \/><\/a><a href=\"http:\/\/www.vackerunderbar.se\/wp-content\/uploads\/2014\/03\/isadora-lodengreen-3.jpg\"><img loading=\"lazy\" decoding=\"async\" class=\"alignnone size-large wp-image-44259\" alt=\"isadora-lodengreen-3\" src=\"http:\/\/www.vackerunderbar.se\/wp-content\/uploads\/2014\/03\/isadora-lodengreen-3-700x521.jpg\" width=\"700\" height=\"521\" \/><\/a><a href=\"http:\/\/www.vackerunderbar.se\/wp-content\/uploads\/2014\/03\/isadora-lodengreen-4.jpg\"><img loading=\"lazy\" decoding=\"async\" class=\"alignnone size-large wp-image-44260\" alt=\"isadora-lodengreen-4\" src=\"http:\/\/www.vackerunderbar.se\/wp-content\/uploads\/2014\/03\/isadora-lodengreen-4-700x466.jpg\" width=\"700\" height=\"466\" \/><\/a><a href=\"http:\/\/www.vackerunderbar.se\/wp-content\/uploads\/2014\/03\/isadora-lodengreen-5.jpg\"><img loading=\"lazy\" decoding=\"async\" class=\"alignnone size-medium wp-image-44261\" alt=\"isadora-lodengreen-5\" src=\"http:\/\/www.vackerunderbar.se\/wp-content\/uploads\/2014\/03\/isadora-lodengreen-5-340x226.jpg\" width=\"340\" height=\"226\" \/><\/a><a href=\"http:\/\/www.vackerunderbar.se\/wp-content\/uploads\/2014\/03\/isadora-lodengreen-6.jpg\"><img loading=\"lazy\" decoding=\"async\" class=\"alignnone size-medium wp-image-44262\" alt=\"isadora-lodengreen-6\" src=\"http:\/\/www.vackerunderbar.se\/wp-content\/uploads\/2014\/03\/isadora-lodengreen-6-340x226.jpg\" width=\"340\" height=\"226\" \/><\/a><\/p>\n<p>[inlinkz_linkup id=383991 mode=1]<\/p>\n","protected":false},"excerpt":{"rendered":"<p>Varmt varmt v\u00e4lkomna till veckans Gr\u00f6na Onsdag! Jag hoppas du \u00e4r med idag och visar din h\u00e4rliga gr\u00f6na manikyr? L\u00e4gg bara till din l\u00e4nk via &hellip; <\/p>\n","protected":false},"author":1,"featured_media":0,"comment_status":"open","ping_status":"open","sticky":false,"template":"","format":"standard","meta":{"footnotes":""},"categories":[43],"tags":[506,432,475,431],"_links":{"self":[{"href":"http:\/\/vackerunderbar.se\/index.php?rest_route=\/wp\/v2\/posts\/44256"}],"collection":[{"href":"http:\/\/vackerunderbar.se\/index.php?rest_route=\/wp\/v2\/posts"}],"about":[{"href":"http:\/\/vackerunderbar.se\/index.php?rest_route=\/wp\/v2\/types\/post"}],"author":[{"embeddable":true,"href":"http:\/\/vackerunderbar.se\/index.php?rest_route=\/wp\/v2\/users\/1"}],"replies":[{"embeddable":true,"href":"http:\/\/vackerunderbar.se\/index.php?rest_route=%2Fwp%2Fv2%2Fcomments&post=44256"}],"version-history":[{"count":4,"href":"http:\/\/vackerunderbar.se\/index.php?rest_route=\/wp\/v2\/posts\/44256\/revisions"}],"predecessor-version":[{"id":44411,"href":"http:\/\/vackerunderbar.se\/index.php?rest_route=\/wp\/v2\/posts\/44256\/revisions\/44411"}],"wp:attachment":[{"href":"http:\/\/vackerunderbar.se\/index.php?rest_route=%2Fwp%2Fv2%2Fmedia&parent=44256"}],"wp:term":[{"taxonomy":"category","embeddable":true,"href":"http:\/\/vackerunderbar.se\/index.php?rest_route=%2Fwp%2Fv2%2Fcategories&post=44256"},{"taxonomy":"post_tag","embeddable":true,"href":"http:\/\/vackerunderbar.se\/index.php?rest_route=%2Fwp%2Fv2%2Ftags&post=44256"}],"curies":[{"name":"wp","href":"https:\/\/api.w.org\/{rel}","templated":true}]}}