{"id":430,"date":"2008-03-09T23:43:51","date_gmt":"2008-03-09T22:43:51","guid":{"rendered":"http:\/\/vackerunderbar.se\/?p=430"},"modified":"2014-06-03T18:49:04","modified_gmt":"2014-06-03T16:49:04","slug":"dagens-plus-fredag","status":"publish","type":"post","link":"http:\/\/vackerunderbar.se\/?p=430","title":{"rendered":"Dagens: plus fredag"},"content":{"rendered":"<p>Idag har jag varit en sv\u00e4ng i Stockholm p\u00e5 <strong>Forever Success Day<\/strong>. Och vilken dag det blev! Imorse d\u00e5 jag vaknade ville jag bara stanna i den varma sk\u00f6na s\u00e4ngen! Ni ser ju p\u00e5 bilden nedan s\u00e5 r\u00f6d\u00f6gd och tr\u00f6tt jag ser ut. Men d\u00e5 talaren f\u00f6r dagen b\u00f6rjade sin f\u00f6rel\u00e4sning&#8230;  Jag satte mig bokstavligt talat upp ordentligt och viftade med alla \u00f6ron jag hade! Mannen heter <strong>Anders Haglund<\/strong> (se hans <a href=\"http:\/\/www.lifevision.se\" target=\"_blank\">hemsida h\u00e4r<\/a>, det mesta om hans &#8221;l\u00e4ra&#8221; finns d\u00e4r) och \u00e4r framg\u00e5ngscoach.<\/p>\n<p><a href=\"http:\/\/vackerunderbar.se\/?attachment_id=440\" rel=\"attachment wp-att-440\" title=\"anders.jpg\"><\/p>\n<p style=\"text-align: center\"><img decoding=\"async\" src=\"http:\/\/vackerunderbar.se\/wp-content\/uploads\/2008\/03\/anders.jpg\" alt=\"anders.jpg\" \/><\/p>\n<p><\/a>Det gick bla ut p\u00e5 att t\u00e4nka sig situationer d\u00e5 man haft flyt\/flow\/varit lycklig och sedan t\u00e4nka sig in i den nya situationen med samma flow. 3 timmar fl\u00f6g fram och det var en av mina absolut b\u00e4sta dagar n\u00e5nsin! Skrattade precis hela f\u00f6rel\u00e4sningen \u00e4ven om det hela tiden var s\u00e5 ooootroligt t\u00e4nkv\u00e4rt och s\u00e5 huvudet p\u00e5 spiken! Allt handlar om tr\u00e4ning, \u00e4ven positiva och negativa tankar. F\u00f6r inte tror ni v\u00e4l att jag kunde l\u00e4gga en vettig skugga utan lite tr\u00e4ning? ;)<\/p>\n<p>F\u00e5r ni n\u00e5nsin chansen att g\u00e5 p\u00e5 hans f\u00f6rel\u00e4sningar &#8211; G\u00c5!<\/p>\n<p style=\"text-align: center\"><img decoding=\"async\" src=\"http:\/\/vackerunderbar.se\/wp-content\/uploads\/2008\/03\/son-0903-2.jpg\" alt=\"son-0903-2.jpg\" \/><\/p>\n<p style=\"text-align: center\"><img decoding=\"async\" src=\"http:\/\/vackerunderbar.se\/wp-content\/uploads\/2008\/03\/son-0903-1.jpg\" alt=\"son-0903-1.jpg\" \/><\/p>\n<p><a href=\"http:\/\/vackerunderbar.se\/wp-content\/uploads\/2008\/03\/fre-0703-1.jpg\" title=\"fre-0703-1.jpg\"><img decoding=\"async\" src=\"http:\/\/vackerunderbar.se\/wp-content\/uploads\/2008\/03\/fre-0703-1.thumbnail.jpg\" alt=\"fre-0703-1.jpg\" align=\"left\" \/><\/a>Dagens blev iaf Full Frontal &#8211; igen! Ni vet hur det blir n\u00e4r man vill se snygg ut, sminkad men inte \u00f6versminkad. Det \u00e4r Full Frontal f\u00f6r mig. F\u00f6rresten, ni som har lyft \u00f6ver UDPP i en ny burk &#8211; har de torkat f\u00f6r er? F\u00f6rmodligen valde jag helt fel burk f\u00f6r \u00e4ndam\u00e5let =( F\u00e5r k\u00f6ra med kr\u00e4mskuggor som primers ist\u00e4llet.<\/p>\n<p>Som sagt, brunlila skuggan i Full Frontal med den guldiga \u00f6ver och under \u00f6gonfransen. L\u00e4gg m\u00e4rke till mina \u00f6gonfransar! Mascaran fr\u00e5n Yves Rocher som kom med i Beautybagen \u00e4r HELT SUVER\u00c4N! Enda jag testat p\u00e5 18 \u00e5r eller n\u00e5t som faktiskt h\u00e5ller b\u00f6jen!!! Fast ibland blir den bara bl\u00f6t och klumpig, kr\u00e4ver ju fortfarande lite teknik s\u00e5 man slipper spindelbenen. Men \u00e4ndock b\u00f6j!<\/p>\n<p>Shit, riktigt sprudlar av energi! F\u00f6rresten, helbilden \u00e4r fr\u00e5n i fredags. Samma skuggor d\u00e5 fast en annan variant. Bilderna fr\u00e5n i fredags blev b\u00e4ttre \u00e4n dagens tr\u00f6tta.<\/p>\n","protected":false},"excerpt":{"rendered":"<p>Idag har jag varit en sv\u00e4ng i Stockholm p\u00e5 Forever Success Day. Och vilken dag det blev! Imorse d\u00e5 jag vaknade ville jag bara stanna &hellip; <\/p>\n","protected":false},"author":1,"featured_media":0,"comment_status":"open","ping_status":"open","sticky":false,"template":"","format":"standard","meta":{"footnotes":""},"categories":[421],"tags":[505],"_links":{"self":[{"href":"http:\/\/vackerunderbar.se\/index.php?rest_route=\/wp\/v2\/posts\/430"}],"collection":[{"href":"http:\/\/vackerunderbar.se\/index.php?rest_route=\/wp\/v2\/posts"}],"about":[{"href":"http:\/\/vackerunderbar.se\/index.php?rest_route=\/wp\/v2\/types\/post"}],"author":[{"embeddable":true,"href":"http:\/\/vackerunderbar.se\/index.php?rest_route=\/wp\/v2\/users\/1"}],"replies":[{"embeddable":true,"href":"http:\/\/vackerunderbar.se\/index.php?rest_route=%2Fwp%2Fv2%2Fcomments&post=430"}],"version-history":[{"count":1,"href":"http:\/\/vackerunderbar.se\/index.php?rest_route=\/wp\/v2\/posts\/430\/revisions"}],"predecessor-version":[{"id":58526,"href":"http:\/\/vackerunderbar.se\/index.php?rest_route=\/wp\/v2\/posts\/430\/revisions\/58526"}],"wp:attachment":[{"href":"http:\/\/vackerunderbar.se\/index.php?rest_route=%2Fwp%2Fv2%2Fmedia&parent=430"}],"wp:term":[{"taxonomy":"category","embeddable":true,"href":"http:\/\/vackerunderbar.se\/index.php?rest_route=%2Fwp%2Fv2%2Fcategories&post=430"},{"taxonomy":"post_tag","embeddable":true,"href":"http:\/\/vackerunderbar.se\/index.php?rest_route=%2Fwp%2Fv2%2Ftags&post=430"}],"curies":[{"name":"wp","href":"https:\/\/api.w.org\/{rel}","templated":true}]}}