{"id":42647,"date":"2014-02-24T11:13:06","date_gmt":"2014-02-24T10:13:06","guid":{"rendered":"http:\/\/www.vackerunderbar.se\/?p=42647"},"modified":"2014-06-03T18:00:01","modified_gmt":"2014-06-03T16:00:01","slug":"bla-mandag-opi-ink-suede","status":"publish","type":"post","link":"http:\/\/vackerunderbar.se\/?p=42647","title":{"rendered":"Bl\u00e5 M\u00e5ndag: OPI &#8211; Ink (Suede)"},"content":{"rendered":"<p><a href=\"http:\/\/www.vackerunderbar.se\/wp-content\/uploads\/2014\/02\/opi-opiink-suede-1.jpg\"><img loading=\"lazy\" decoding=\"async\" alt=\"opi-opiink-suede-1\" src=\"http:\/\/www.vackerunderbar.se\/wp-content\/uploads\/2014\/02\/opi-opiink-suede-1-700x466.jpg\" width=\"700\" height=\"466\" \/><\/a><\/p>\n<p>Glad M\u00e5ndag! Idag \u00e4r jag iv\u00e4g med mamma, vi ska till Ikea bland annat f\u00f6r lite marknadsunders\u00f6kningar och umg\u00e5s lite. Hon har varit sjuk n\u00e5gra veckor s\u00e5 lite mammah\u00e4ng \u00e4r efterl\u00e4ngtat!<\/p>\n<p>Men det \u00e4r ocks\u00e5 <a href=\"http:\/\/nailme.blogg.se\" target=\"_blank\">Bl\u00e5 M\u00e5ndag, s\u00e5 bes\u00f6k Tove<\/a> f\u00f6r fler bl\u00e5 manikyrer idag!<\/p>\n<table border=\"0\" style=\"border: 1 solid #fff; margin-bottom: 20px;\" width=\"700\" align=\"left\">\n<tr>\n<td><b>Vad tycker du om detta lack? R\u00f6sta h\u00e4r!<\/b>[rate]<\/td>\n<\/tr>\n<\/table>\n<p>Idag vill jag visa er \u00e4nnu ett av OPI&#8217;s Suede-lack, n\u00e4mligen lila <strong>OPI<\/strong>\u00a0<strong>Ink Suede<\/strong>. Ja, det \u00e4r lila och ja lila \u00e4r n\u00e4stan bl\u00e5tt, hehe! Jag \u00e4lskar verkligen Suede-finishen, fattar inte varf\u00f6r de f\u00e5tt ligga s\u00e5 l\u00e4nge i en m\u00f6rk Helmer. Framf\u00f6rallt \u00e4lskar jag att de \u00e4r s\u00e5 l\u00e4tta att fota, inget himmelbl\u00e4nk i dessa inte! Det \u00e4r ingen tydlig lila f\u00f6rresten, f\u00e4rgen \u00e4r mer \u00e5t det bl\u00e5 h\u00e5llet.<\/p>\n<p>Oerh\u00f6rt l\u00e4ttlackat, torkar snabbt som sjutton. H\u00e4r har jag lagt det ovanp\u00e5 ett annat lack och tyv\u00e4rr varit d\u00e5lig p\u00e5 att st\u00e4da efter mig. Ser s\u00e5 tr\u00e5kigt ut med bilder med kladdiga nagelband, finns ingen anledning att lacka s\u00e5 n\u00e4ra.<\/p>\n<p>Men ja, \u00e4lskar detta och tycker b\u00e4ttre om det som matt \u00e4n som blankt. Vad tycker du? Ge mig din \u00e5sikt bland kommentarerna!<\/p>\n<p>&#8211;<\/p>\n<p><em>English: OPI Ink with the Suede finish. A total beauty, love is in the air yada yada.\u00a0<\/em><\/p>\n<p><a href=\"http:\/\/www.vackerunderbar.se\/wp-content\/uploads\/2014\/02\/opi-opiink-suede-2.jpg\"><img loading=\"lazy\" decoding=\"async\" class=\"alignnone size-large wp-image-42649\" alt=\"opi-opiink-suede-2\" src=\"http:\/\/www.vackerunderbar.se\/wp-content\/uploads\/2014\/02\/opi-opiink-suede-2-700x466.jpg\" width=\"700\" height=\"466\" \/><\/a><a href=\"http:\/\/www.vackerunderbar.se\/wp-content\/uploads\/2014\/02\/opi-opiink-suede-3.jpg\"><img loading=\"lazy\" decoding=\"async\" class=\"alignnone size-large wp-image-42650\" alt=\"opi-opiink-suede-3\" src=\"http:\/\/www.vackerunderbar.se\/wp-content\/uploads\/2014\/02\/opi-opiink-suede-3-700x521.jpg\" width=\"700\" height=\"521\" \/><\/a><a href=\"http:\/\/www.vackerunderbar.se\/wp-content\/uploads\/2014\/02\/opi-opiink-suede-5.jpg\"><img loading=\"lazy\" decoding=\"async\" class=\"alignnone size-large wp-image-42652\" alt=\"opi-opiink-suede-5\" src=\"http:\/\/www.vackerunderbar.se\/wp-content\/uploads\/2014\/02\/opi-opiink-suede-5-700x466.jpg\" width=\"700\" height=\"466\" \/><\/a><a href=\"http:\/\/www.vackerunderbar.se\/wp-content\/uploads\/2014\/02\/opi-opiink-suede-4.jpg\"><img loading=\"lazy\" decoding=\"async\" class=\"alignnone size-medium wp-image-42651\" alt=\"opi-opiink-suede-4\" src=\"http:\/\/www.vackerunderbar.se\/wp-content\/uploads\/2014\/02\/opi-opiink-suede-4-340x226.jpg\" width=\"340\" height=\"226\" \/><\/a><a href=\"http:\/\/www.vackerunderbar.se\/wp-content\/uploads\/2014\/02\/opi-opiink-suede-6.jpg\"><img loading=\"lazy\" decoding=\"async\" class=\"alignnone size-medium wp-image-42653\" alt=\"opi-opiink-suede-6\" src=\"http:\/\/www.vackerunderbar.se\/wp-content\/uploads\/2014\/02\/opi-opiink-suede-6-340x226.jpg\" width=\"340\" height=\"226\" \/><\/a><\/p>\n","protected":false},"excerpt":{"rendered":"<p>Glad M\u00e5ndag! Idag \u00e4r jag iv\u00e4g med mamma, vi ska till Ikea bland annat f\u00f6r lite marknadsunders\u00f6kningar och umg\u00e5s lite. Hon har varit sjuk n\u00e5gra &hellip; <\/p>\n","protected":false},"author":1,"featured_media":0,"comment_status":"open","ping_status":"open","sticky":false,"template":"","format":"standard","meta":{"footnotes":""},"categories":[43],"tags":[506,444,440,443],"_links":{"self":[{"href":"http:\/\/vackerunderbar.se\/index.php?rest_route=\/wp\/v2\/posts\/42647"}],"collection":[{"href":"http:\/\/vackerunderbar.se\/index.php?rest_route=\/wp\/v2\/posts"}],"about":[{"href":"http:\/\/vackerunderbar.se\/index.php?rest_route=\/wp\/v2\/types\/post"}],"author":[{"embeddable":true,"href":"http:\/\/vackerunderbar.se\/index.php?rest_route=\/wp\/v2\/users\/1"}],"replies":[{"embeddable":true,"href":"http:\/\/vackerunderbar.se\/index.php?rest_route=%2Fwp%2Fv2%2Fcomments&post=42647"}],"version-history":[{"count":2,"href":"http:\/\/vackerunderbar.se\/index.php?rest_route=\/wp\/v2\/posts\/42647\/revisions"}],"predecessor-version":[{"id":42655,"href":"http:\/\/vackerunderbar.se\/index.php?rest_route=\/wp\/v2\/posts\/42647\/revisions\/42655"}],"wp:attachment":[{"href":"http:\/\/vackerunderbar.se\/index.php?rest_route=%2Fwp%2Fv2%2Fmedia&parent=42647"}],"wp:term":[{"taxonomy":"category","embeddable":true,"href":"http:\/\/vackerunderbar.se\/index.php?rest_route=%2Fwp%2Fv2%2Fcategories&post=42647"},{"taxonomy":"post_tag","embeddable":true,"href":"http:\/\/vackerunderbar.se\/index.php?rest_route=%2Fwp%2Fv2%2Ftags&post=42647"}],"curies":[{"name":"wp","href":"https:\/\/api.w.org\/{rel}","templated":true}]}}