{"id":39928,"date":"2014-01-10T13:31:37","date_gmt":"2014-01-10T12:31:37","guid":{"rendered":"http:\/\/www.vackerunderbar.se\/?p=39928"},"modified":"2014-06-03T19:07:30","modified_gmt":"2014-06-03T17:07:30","slug":"det-har-med-skuldbelaggande","status":"publish","type":"post","link":"http:\/\/vackerunderbar.se\/?p=39928","title":{"rendered":"Det h\u00e4r med skuldbel\u00e4ggande&#8230;"},"content":{"rendered":"<figure style=\"width: 520px\" class=\"wp-caption aligncenter\"><img loading=\"lazy\" decoding=\"async\" alt=\"\" src=\"http:\/\/sverigesradio.se\/diverse\/appdata\/isidor\/images\/news_images\/3118\/2217617_520_292.jpg\" width=\"520\" height=\"292\" \/><figcaption class=\"wp-caption-text\">Foto: Sveriges Radio<\/figcaption><\/figure>\n<p>Om det \u00e4r n\u00e5got som jag \u00e4r vansinnigt tr\u00f6tt p\u00e5 \u00e4r det skam- och skuldbel\u00e4ggande. Denna 50-talskvarleva som f\u00f6rst\u00f6rt generationer av m\u00e4nniskor och f\u00e5tt dem att k\u00e4nna sig fel och otillr\u00e4ckliga.<\/p>\n<p>Ig\u00e5r var det en v\u00e4n p\u00e5 facebook som skrev att hon inte klarade av att sluta r\u00f6ka just nu. Det var f\u00f6r mycket \u00e5ngest kring inskolning och byte av kost samtidigt, hon fixade inte att sluta r\u00f6ka ocks\u00e5. Genast var en av hennes v\u00e4nner framme och sa att hon minsann gav upp f\u00f6r l\u00e4tt. Skuldbel\u00e4ggning! Hur tror ni min v\u00e4n m\u00e5dde n\u00e4r hon fick h\u00f6ra att hon inte gjorde tillr\u00e4ckligt f\u00f6r sina barns h\u00e4lsa, tror ni hon sl\u00e4ngde sina cigaretter eller tror ni hon gr\u00e4t hela kv\u00e4llen?<\/p>\n<p>Jag fick sj\u00e4lv h\u00f6ra att jag minsann var ful och borde sluta med selfies. Skambel\u00e4ggande! Med enda syfte att f\u00e5 mig att k\u00e4nna mig ful. Nu har jag genomlevt \u00e5r av mobbing och \u00e4ven 6 \u00e5r av beautybloggning. Jag har f\u00e5tt en helt annan syn p\u00e5 mitt utseende, jag gillar hur jag ser ut och jag l\u00e4gger inte upp selfies p\u00e5 instagram (eller h\u00e4r) f\u00f6r att jag \u00e4r ute efter att attrahera n\u00e5gon. Jag har absolut inget intresse av det, varken du som l\u00e4sare eller m\u00e4n.<\/p>\n<p>Ni minns debaclet med Miley Cyrus och VMA? Slut shaming, eller ja, skambel\u00e4ggning. Att st\u00e4ndigt racka ner p\u00e5 tjejer som g\u00f6r som de vill, oavsett om de sj\u00e4lva har som syfte att attrahera eller bara g\u00f6r vad fan de k\u00e4nner f\u00f6r \u00e4r fel! Tyv\u00e4rr \u00e4r det m\u00e5nga unga tjejer som tycker hon \u00e4r \u00e4cklig som gjorde s\u00e5. Varf\u00f6r? F\u00f6r att de st\u00e4ndigt f\u00e5tt h\u00f6ra hur fel det \u00e4r. Det \u00e4r ju vi tjejer som ska sk\u00e4mmas och kl\u00e4 p\u00e5 oss rustning innan vi g\u00e5r ut, det \u00e4r inte killarna som ska fatta att de inte ska v\u00e5ldta eller tafsa p\u00e5 oss.<\/p>\n<p>Jag \u00e4r tyv\u00e4rr ocks\u00e5 uppvuxen med skam-\/skuldbel\u00e4ggning, n\u00e4r jag blev mobbad f\u00f6r att jag hade tjock eyeliner sa dom att jag kanske skulle sminka mig lite mindre. Att st\u00e4ndigt f\u00e5 h\u00f6ra att det man g\u00f6r \u00e4r fel och inte passar in \u00e4r OERH\u00d6RT skadligt! Att leva med den villfarelsen \u00e4r d\u00f6dligt! Fundera p\u00e5 hur du t\u00e4nker kring personer med \u00f6vervikt, tycker du att det \u00e4r deras fel att de \u00e4r \u00f6verviktiga? Att de bara borde s\u00e4tta ig\u00e5ng och tr\u00e4na? Eller de med depressioner eller andra psykiska problem?<\/p>\n<p>Sluta skuldbel\u00e4gga! F\u00f6rst\u00e5 att alla m\u00e4nniskor har en fri vilja, g\u00f6r som de vill f\u00f6r att de vill det och f\u00f6rst\u00e5 att du skadar mycket mer \u00e4n du hj\u00e4lper. I fallet med min v\u00e4n och hennes sv\u00e5righeter att r\u00f6ka, hennes kompis hade minsann f\u00e5tt skit tills hon slutade och det hj\u00e4lpte. Tror ni hon m\u00e5dde bra medan hon fick skit? Byggde det upp hennes sj\u00e4lvk\u00e4nsla eller br\u00f6t det ner henne?<\/p>\n<p>T\u00e4nk innan ni f\u00f6rs\u00f6ker ge folk &#8221;r\u00e5d&#8221;.<\/p>\n<p>Tankar om detta?<\/p>\n<h4>Mer l\u00e4sning<\/h4>\n<p>L\u00e4s mer om <a href=\"http:\/\/en.wikipedia.org\/wiki\/Slut-shaming\" target=\"_blank\">&#8221;slut-shaming&#8221; p\u00e5 Wikipedia<\/a>!<\/p>\n<p>&#8211;<\/p>\n<p>English: A rageing post about slut-shaming and other kinds of shameing. How much it hurts the person and the society. STOP SHAMEING!<\/p>\n","protected":false},"excerpt":{"rendered":"<p>Om det \u00e4r n\u00e5got som jag \u00e4r vansinnigt tr\u00f6tt p\u00e5 \u00e4r det skam- och skuldbel\u00e4ggande. Denna 50-talskvarleva som f\u00f6rst\u00f6rt generationer av m\u00e4nniskor och f\u00e5tt dem &hellip; <\/p>\n","protected":false},"author":1,"featured_media":0,"comment_status":"open","ping_status":"open","sticky":false,"template":"","format":"standard","meta":{"footnotes":""},"categories":[468],"tags":[514],"_links":{"self":[{"href":"http:\/\/vackerunderbar.se\/index.php?rest_route=\/wp\/v2\/posts\/39928"}],"collection":[{"href":"http:\/\/vackerunderbar.se\/index.php?rest_route=\/wp\/v2\/posts"}],"about":[{"href":"http:\/\/vackerunderbar.se\/index.php?rest_route=\/wp\/v2\/types\/post"}],"author":[{"embeddable":true,"href":"http:\/\/vackerunderbar.se\/index.php?rest_route=\/wp\/v2\/users\/1"}],"replies":[{"embeddable":true,"href":"http:\/\/vackerunderbar.se\/index.php?rest_route=%2Fwp%2Fv2%2Fcomments&post=39928"}],"version-history":[{"count":1,"href":"http:\/\/vackerunderbar.se\/index.php?rest_route=\/wp\/v2\/posts\/39928\/revisions"}],"predecessor-version":[{"id":39929,"href":"http:\/\/vackerunderbar.se\/index.php?rest_route=\/wp\/v2\/posts\/39928\/revisions\/39929"}],"wp:attachment":[{"href":"http:\/\/vackerunderbar.se\/index.php?rest_route=%2Fwp%2Fv2%2Fmedia&parent=39928"}],"wp:term":[{"taxonomy":"category","embeddable":true,"href":"http:\/\/vackerunderbar.se\/index.php?rest_route=%2Fwp%2Fv2%2Fcategories&post=39928"},{"taxonomy":"post_tag","embeddable":true,"href":"http:\/\/vackerunderbar.se\/index.php?rest_route=%2Fwp%2Fv2%2Ftags&post=39928"}],"curies":[{"name":"wp","href":"https:\/\/api.w.org\/{rel}","templated":true}]}}