{"id":39036,"date":"2013-12-07T11:48:49","date_gmt":"2013-12-07T10:48:49","guid":{"rendered":"http:\/\/www.vackerunderbar.se\/?p=39036"},"modified":"2014-06-03T18:04:50","modified_gmt":"2014-06-03T16:04:50","slug":"opi-pink-flamenco","status":"publish","type":"post","link":"http:\/\/vackerunderbar.se\/?p=39036","title":{"rendered":"OPI &#8211; Pink Flamenco"},"content":{"rendered":"<p>Innan jag skriver om det h\u00e4r lacket fr\u00e5n OPI vill jag klarg\u00f6ra en sak f\u00f6r er spr\u00e5kpoliser d\u00e4r ute. Ig\u00e5r fick jag en dryg kommentar av en Annelie som st\u00f6rde sig p\u00e5 att jag anv\u00e4nder ordet &#8221;mejk&#8221;. Jag har skrivit mejk sedan jag b\u00f6rjade visa mina sminkningar 2007, anledningen \u00e4r att jag hakar upp mig p\u00e5 ordet &#8221;make&#8221; och l\u00e4ser det p\u00e5 svenska. <a href=\"http:\/\/sok.saol.se\/pages\/P566_M.jpg\" target=\"_blank\">Enligt Svenska Akademins Ordlista \u00e4r ocks\u00e5 &#8221;mejka&#8221;<\/a> ett godk\u00e4nt ord s\u00e5 jag kommer forts\u00e4tta anv\u00e4nda det.<\/p>\n<p>Om det st\u00f6r fler \u00e4n Annelie \u00e4r det v\u00e4ldigt enkelt att bara sluta l\u00e4sa min blogg, h\u00e4r inne skriver jag med mitt spr\u00e5k som jag trivs med.<\/p>\n<p><a href=\"http:\/\/www.vackerunderbar.se\/wp-content\/uploads\/2013\/12\/opi-pinkflamenco-1.jpg\"><img loading=\"lazy\" decoding=\"async\" class=\"alignnone size-large wp-image-39041\" alt=\"opi-pinkflamenco-1\" src=\"http:\/\/www.vackerunderbar.se\/wp-content\/uploads\/2013\/12\/opi-pinkflamenco-1-700x466.jpg\" width=\"698\" height=\"464\" \/><\/a><\/p>\n<p>S\u00e5. Lack var det och med tanke p\u00e5 att vi vaknade upp till en sn\u00f6ig verklighet s\u00e5 \u00e4r det v\u00e4l r\u00e4tt underbart att \u00f6sa p\u00e5 med f\u00e4rg?\u00a0<strong>OPI &#8211; Pink Flamenco<\/strong> kom med Espana kollektionen 2009 tror jag \u00e5ret var. En ganska fin r\u00e4tt m\u00f6rk rosa nyans som s\u00e4kert passar de flesta. Personligen \u00e4r jag inget fan av rosa, varken p\u00e5 naglar eller kl\u00e4der men visst kan det pigga upp!<\/p>\n<table style=\"border: 1 solid #fff; margin-right: 20px;\" width=\"190\" align=\"left\">\n<tr>\n<td><b>Vad tycker du om detta lack? R\u00f6sta h\u00e4r!<\/b><br \/>\n[rate]<\/td>\n<\/tr>\n<\/table>\n<p>OPI har v\u00e4l en bra formula med bra pensel, jag tycker de \u00e4r lite f\u00f6r tr\u00e5kiga men de funkar v\u00e4l. L\u00e4tt att m\u00e5la med och f\u00e5 snygga kanter s\u00e5 det finns v\u00e4l inget direkt att klaga p\u00e5. Ni ser ocks\u00e5 att dessa bilder togs i h\u00f6stas n\u00e4r jag hade gel p\u00e5 naglarna, ser inte s\u00e5 snyggt ut \u00e4rligt talat.<\/p>\n<p>N\u00e5, detta \u00e4r ingen favorit f\u00f6r mig &#8211; men vad tycker du? Ge mig din \u00e5sikt bland kommentarerna! =)<\/p>\n<p>Nu ska jag duscha och sen MEJKA mig!<\/p>\n<p> <a href=\"http:\/\/www.vackerunderbar.se\/wp-content\/uploads\/2013\/12\/opi-pinkflamenco-4.jpg\"><img loading=\"lazy\" decoding=\"async\" class=\"alignnone size-large wp-image-39038\" alt=\"opi-pinkflamenco-4\" src=\"http:\/\/www.vackerunderbar.se\/wp-content\/uploads\/2013\/12\/opi-pinkflamenco-4-700x466.jpg\" width=\"698\" height=\"464\" \/><\/a><a href=\"http:\/\/www.vackerunderbar.se\/wp-content\/uploads\/2013\/12\/opi-pinkflamenco-3.jpg\"><img loading=\"lazy\" decoding=\"async\" class=\"alignnone size-large wp-image-39039\" alt=\"opi-pinkflamenco-3\" src=\"http:\/\/www.vackerunderbar.se\/wp-content\/uploads\/2013\/12\/opi-pinkflamenco-3-700x521.jpg\" width=\"698\" height=\"519\" \/><\/a><a href=\"http:\/\/www.vackerunderbar.se\/wp-content\/uploads\/2013\/12\/opi-pinkflamenco-5.jpg\"><img loading=\"lazy\" decoding=\"async\" class=\"alignnone size-medium wp-image-39037\" alt=\"opi-pinkflamenco-5\" src=\"http:\/\/www.vackerunderbar.se\/wp-content\/uploads\/2013\/12\/opi-pinkflamenco-5-345x229.jpg\" width=\"345\" height=\"229\" \/><\/a><a href=\"http:\/\/www.vackerunderbar.se\/wp-content\/uploads\/2013\/12\/opi-pinkflamenco-2.jpg\"><img loading=\"lazy\" decoding=\"async\" class=\"alignnone size-medium wp-image-39040\" alt=\"opi-pinkflamenco-2\" src=\"http:\/\/www.vackerunderbar.se\/wp-content\/uploads\/2013\/12\/opi-pinkflamenco-2-345x229.jpg\" width=\"345\" height=\"229\" \/><\/a><\/p>\n","protected":false},"excerpt":{"rendered":"<p>Innan jag skriver om det h\u00e4r lacket fr\u00e5n OPI vill jag klarg\u00f6ra en sak f\u00f6r er spr\u00e5kpoliser d\u00e4r ute. Ig\u00e5r fick jag en dryg kommentar &hellip; <\/p>\n","protected":false},"author":1,"featured_media":0,"comment_status":"open","ping_status":"open","sticky":false,"template":"","format":"standard","meta":{"footnotes":""},"categories":[43],"tags":[506,440],"_links":{"self":[{"href":"http:\/\/vackerunderbar.se\/index.php?rest_route=\/wp\/v2\/posts\/39036"}],"collection":[{"href":"http:\/\/vackerunderbar.se\/index.php?rest_route=\/wp\/v2\/posts"}],"about":[{"href":"http:\/\/vackerunderbar.se\/index.php?rest_route=\/wp\/v2\/types\/post"}],"author":[{"embeddable":true,"href":"http:\/\/vackerunderbar.se\/index.php?rest_route=\/wp\/v2\/users\/1"}],"replies":[{"embeddable":true,"href":"http:\/\/vackerunderbar.se\/index.php?rest_route=%2Fwp%2Fv2%2Fcomments&post=39036"}],"version-history":[{"count":1,"href":"http:\/\/vackerunderbar.se\/index.php?rest_route=\/wp\/v2\/posts\/39036\/revisions"}],"predecessor-version":[{"id":39042,"href":"http:\/\/vackerunderbar.se\/index.php?rest_route=\/wp\/v2\/posts\/39036\/revisions\/39042"}],"wp:attachment":[{"href":"http:\/\/vackerunderbar.se\/index.php?rest_route=%2Fwp%2Fv2%2Fmedia&parent=39036"}],"wp:term":[{"taxonomy":"category","embeddable":true,"href":"http:\/\/vackerunderbar.se\/index.php?rest_route=%2Fwp%2Fv2%2Fcategories&post=39036"},{"taxonomy":"post_tag","embeddable":true,"href":"http:\/\/vackerunderbar.se\/index.php?rest_route=%2Fwp%2Fv2%2Ftags&post=39036"}],"curies":[{"name":"wp","href":"https:\/\/api.w.org\/{rel}","templated":true}]}}