{"id":38102,"date":"2013-10-21T17:03:38","date_gmt":"2013-10-21T15:03:38","guid":{"rendered":"http:\/\/www.vackerunderbar.se\/?p=38102"},"modified":"2014-06-03T18:56:00","modified_gmt":"2014-06-03T16:56:00","slug":"expeditionen-min-karlekshistoria-illustrerad-utgava-av-bea-uusma","status":"publish","type":"post","link":"http:\/\/vackerunderbar.se\/?p=38102","title":{"rendered":"Expeditionen : min k\u00e4rlekshistoria (illustrerad utg\u00e5va) av Bea Uusma"},"content":{"rendered":"<p><figure style=\"width: 160px\" class=\"wp-caption alignleft\"><a href=\"http:\/\/www.bokus.com\/bok\/9789113037554\/expeditionen-min-karlekshistoria-illustrerad-utgava\/\"><img loading=\"lazy\" decoding=\"async\" class=\" \" alt=\"\" src=\"http:\/\/image.bokus.com\/images2\/9789113037554_200_expeditionen-min-karlekshistoria-illustrerad-utgava\" width=\"160\" height=\"230\" \/><\/a><figcaption class=\"wp-caption-text\">Klicka p\u00e5 bilden f\u00f6r att komma till Bokus!<\/figcaption><\/figure>L\u00e4nge sedan jag recenserade en bok nu, l\u00e4ser egentligen en helt annan bok just nu men den fick v\u00e4nta. F\u00f6r jag reserverade\u00a0<strong>Expeditionen : min k\u00e4rlekshistoria (illustrerad utg\u00e5va) av Bea Uusma<\/strong> p\u00e5 biblioteket och n\u00e4r den v\u00e4l kom in h\u00f6gg jag den direkt. Jag har mer eller mindre str\u00e4ckl\u00e4st den h\u00e4r senaste n\u00e4tterna!<\/p>\n<p>Bea Uusma bes\u00f6kte en fest i mitten p\u00e5 90-talet och hittade en bok om Andr\u00e9e-expeditionen. Kanske \u00e4r de i min generation ovetande om denna h\u00e4ndelse, kanske har du bes\u00f6kt Andr\u00e9e-utst\u00e4llningen i Gr\u00e4nna? \u00a0<em>Andr\u00e9es polarexpedition<\/em>\u00a0var ett f\u00f6rs\u00f6k lett av ingenj\u00f6ren\u00a0S. A. Andr\u00e9e\u00a0att 1897 resa \u00f6ver\u00a0Arktis\u00a0med\u00a0v\u00e4tgasballongen\u00a0\u00d6rnen. Andr\u00e9e och de \u00f6vriga deltagarna,Knut Fr\u00e6nkel\u00a0och\u00a0Nils Strindberg, omkom under expeditionen och deras kroppar hittades f\u00f6rst \u00e5r 1930 p\u00e5\u00a0Vit\u00f6n. Det \u00e4r fortfarande ok\u00e4nt varf\u00f6r de dog.<\/p>\n<p>Uusma hittade en bok och blev besatt, hon bes\u00f6kte Gr\u00e4nna och l\u00e4ste allt hon kom \u00f6ver. Hon utbildade sig till l\u00e4kare samtidigt som hon intensivt forskade i vad som kan ha h\u00e4nt Andr\u00e9e och de andra p\u00e5 Vit\u00f6n. De hade gott om mat, ammunition och varma kl\u00e4der, s\u00e5 vad dog de av? Den r\u00e5dande teorin var trikiner, en mask som finns i bland annat isbj\u00f6rnsk\u00f6tt. Men Uusma, ur sitt l\u00e4karperspektiv, tyckte inte att deras symptom st\u00e4mde p\u00e5 trikinf\u00f6rgiftning. Hon utgick ifr\u00e5n deras egna dagb\u00f6cker f\u00f6r att dag f\u00f6r dag ta reda p\u00e5 olika symptom och h\u00e4ndelser &#8211; vilket tv\u00e4rt upph\u00f6rde n\u00e5gra dagar efter att de kom iland p\u00e5 Vit\u00f6n. De verkade bland annat inte riktigt f\u00f6rst\u00e5 hur farliga isbj\u00f6rnar var, kanske dog de av isbj\u00f6rnsattacker. Eller fr\u00f6s de ihj\u00e4l i sina ylleskjortor och n\u00e4bbst\u00f6vlar?<\/p>\n<p>Uusma kommer helt klart v\u00e4ldigt n\u00e4ra l\u00f6sningen, kanske har hon till och med r\u00e4tt. Oavsett vilket \u00e4r detta en mycket l\u00e4sv\u00e4rd bok, den \u00e4r otroligt bra formgiven (den illustrerade utg\u00e5van) och trots sitt lite st\u00f6rre format \u00e4r den l\u00e4ttl\u00e4st och mycket begriplig. Oerh\u00f6rt sp\u00e4nnande!<\/p>\n<p>\u00c4r du det minsta intresserad av ol\u00f6sta mysterier och naiva 1800-talsforskare \u00e4r denna extremt l\u00e4sv\u00e4rd! Under tiden kan du l\u00e4sa om <a href=\"http:\/\/sv.wikipedia.org\/wiki\/Andr%C3%A9es_polarexpedition\" target=\"_blank\">expeditionen p\u00e5 Wikipedia<\/a>.<\/p>\n<p><strong>Betyg:<\/strong> 5 av 5 | <strong>Genre:<\/strong> Historisk fakta |\u00a0<strong>ISBN:<\/strong>\u00a09789113037554 |\u00a0<strong>Sidor:<\/strong>\u00a0313<\/p>\n<blockquote><p>Juli 1897. Ingenj\u00f6r Andr\u00e9es expedition ger sig iv\u00e4g i en v\u00e4tgasballong med riktning Nordpolen. En dj\u00e4rv id\u00e9, chansl\u00f6s fr\u00e5n start. Snart befinner sig tre m\u00e4n, med minimala kunskaper om arktiska f\u00f6rh\u00e5llanden, mitt i en vit mardr\u00f6m.<\/p>\n<p>I trettiotre \u00e5r undrar en kvinna vart hennes f\u00e4stman tog v\u00e4gen. \u00c5r 1930 hittas m\u00e4nnen p\u00e5 en \u00f6de glaci\u00e4r\u00f6 i ishavet. Deras infrusna dagbok meddelar: n\u00f6dlandning p\u00e5 isen efter tre dagar i luften. I m\u00e5nader drar de sina flera hundra kilo tunga sl\u00e4dar och f\u00f6rs\u00f6ker ta sig tillbaka till fast mark. P\u00e5 Vit\u00f6n upph\u00f6r pl\u00f6tsligt alla anteckningar.<\/p>\n<p>I \u00f6ver hundra \u00e5r har l\u00e4kare, polarhistoriker, f\u00f6rfattare och journalister f\u00f6rs\u00f6kt l\u00f6sa g\u00e5tan vad som h\u00e4nde p\u00e5 Vit\u00f6n. Varf\u00f6r dog expeditionsmedlemmarna innan de ens packat upp sl\u00e4darna, med varma kl\u00e4der ouppackade, med matkonserver o\u00f6ppnade, med tre fungerande gev\u00e4r och l\u00e5dvis av ammunition?<\/p>\n<p>I Expeditionen. Min k\u00e4rlekshistoria letar f\u00f6rfattaren och l\u00e4karen Bea Uusma efter sanningen om expeditionens \u00f6de. Hon gr\u00e4ver i arkiv och i polartrakternas permafrusna jordlager. Hon reser i Arktis och till Nordpolen. Hon tr\u00e4ffar efterlevande, r\u00e4ttsl\u00e4kare, osteologer, kriminaltekniker och brottsplatsutredare och s\u00f6ker svar i laboratorieprov, packlistor och i det enda som finns kvar av Andr\u00e9e sj\u00e4lv n\u00e5gra nagelfragment som fastnat l\u00e4ngst in i hans handskar.<\/p>\n<p>Resultatet \u00e4r inte enbart en bok som kullkastar gamla teorier och ger nya svar p\u00e5 vad som egentligen h\u00e4nde. Ber\u00e4ttelsen om v\u00e4rldens mest misslyckade polarexpedition rymmer \u00e4ven en konsertpianist vars h\u00e4nder inte kan sluta skaka och en sp\u00e5dam i en cykelk\u00e4llare i Bred\u00e4ng. Men det \u00e4r ocks\u00e5 en historia om Bea sj\u00e4lv. Varf\u00f6r blir en ovanligt bekv\u00e4m person som hatar att frysa besatt av en hundra \u00e5r gammal polarexpedition och \u00e4gnar sitt liv \u00e5t att f\u00f6lja i dess igensn\u00f6ade fotsp\u00e5r? St\u00e4ndigt p\u00e5 r\u00e4tt plats, men i fel tid.<\/p>\n<p>Expeditionen. Min k\u00e4rlekshistoria ges samtidigt ut i tv\u00e5 utf\u00f6randen: en textbok i mjukband och en p\u00e5kostad illustrerad utg\u00e5va med foton, teckningar, kartor och ett omf\u00e5ngsrikt extramaterial.<\/p><\/blockquote>\n","protected":false},"excerpt":{"rendered":"<p>L\u00e4nge sedan jag recenserade en bok nu, l\u00e4ser egentligen en helt annan bok just nu men den fick v\u00e4nta. F\u00f6r jag reserverade\u00a0Expeditionen : min k\u00e4rlekshistoria &hellip; <\/p>\n","protected":false},"author":1,"featured_media":0,"comment_status":"open","ping_status":"open","sticky":false,"template":"","format":"standard","meta":{"footnotes":""},"categories":[424],"tags":[512],"_links":{"self":[{"href":"http:\/\/vackerunderbar.se\/index.php?rest_route=\/wp\/v2\/posts\/38102"}],"collection":[{"href":"http:\/\/vackerunderbar.se\/index.php?rest_route=\/wp\/v2\/posts"}],"about":[{"href":"http:\/\/vackerunderbar.se\/index.php?rest_route=\/wp\/v2\/types\/post"}],"author":[{"embeddable":true,"href":"http:\/\/vackerunderbar.se\/index.php?rest_route=\/wp\/v2\/users\/1"}],"replies":[{"embeddable":true,"href":"http:\/\/vackerunderbar.se\/index.php?rest_route=%2Fwp%2Fv2%2Fcomments&post=38102"}],"version-history":[{"count":1,"href":"http:\/\/vackerunderbar.se\/index.php?rest_route=\/wp\/v2\/posts\/38102\/revisions"}],"predecessor-version":[{"id":38107,"href":"http:\/\/vackerunderbar.se\/index.php?rest_route=\/wp\/v2\/posts\/38102\/revisions\/38107"}],"wp:attachment":[{"href":"http:\/\/vackerunderbar.se\/index.php?rest_route=%2Fwp%2Fv2%2Fmedia&parent=38102"}],"wp:term":[{"taxonomy":"category","embeddable":true,"href":"http:\/\/vackerunderbar.se\/index.php?rest_route=%2Fwp%2Fv2%2Fcategories&post=38102"},{"taxonomy":"post_tag","embeddable":true,"href":"http:\/\/vackerunderbar.se\/index.php?rest_route=%2Fwp%2Fv2%2Ftags&post=38102"}],"curies":[{"name":"wp","href":"https:\/\/api.w.org\/{rel}","templated":true}]}}