{"id":37811,"date":"2013-10-08T18:50:55","date_gmt":"2013-10-08T16:50:55","guid":{"rendered":"http:\/\/www.vackerunderbar.se\/?p=37811"},"modified":"2014-05-31T15:22:52","modified_gmt":"2014-05-31T13:22:52","slug":"liebster-award","status":"publish","type":"post","link":"http:\/\/vackerunderbar.se\/?p=37811","title":{"rendered":"Liebster Award"},"content":{"rendered":"<p>Jag har f\u00e5tt en Liebster Award! Det \u00e4r Sanna fr\u00e5n <a href=\"http:\/\/sannasnaglar.blogspot.se\/\" target=\"_blank\">Sannas Naglar<\/a> som f\u00f6r\u00e4rat mig den &#8211; tack s\u00e5 mycket!<\/p>\n<p style=\"text-align: center;\"><a href=\"http:\/\/2.bp.blogspot.com\/-iB7Dy5hh4HI\/UlOzCK0EWsI\/AAAAAAAACx4\/vx-pEQMpEog\/s200\/liebester-award+copy.png\"><img loading=\"lazy\" decoding=\"async\" class=\"alignnone aligncenter\" alt=\"\" src=\"http:\/\/2.bp.blogspot.com\/-iB7Dy5hh4HI\/UlOzCK0EWsI\/AAAAAAAACx4\/vx-pEQMpEog\/s200\/liebester-award+copy.png\" width=\"200\" height=\"200\" \/><\/a><\/p>\n<p><b>Reglerna \u00e4r:<\/b><\/p>\n<ul>\n<li>L\u00e4nka tillbaka till bloggen som nominerade dig.<\/li>\n<li>Svara p\u00e5 de elva fr\u00e5gor du fick av bloggen som nominerade dig.<\/li>\n<li>Skriv 11 egna fr\u00e5gor till de du nominerar.<\/li>\n<li>Dela med dig av 11 fakta om dig sj\u00e4lv.<\/li>\n<\/ul>\n<h4>Sannas elva fr\u00e5gor:<\/h4>\n<ol>\n<li><strong>Ber\u00e4tta om hur du vanligtvis lackar naglarna! Plats? Sittandes? Framf\u00f6r TV:n? Rutin?<\/strong><br \/>\nOftast framf\u00f6r teven p\u00e5 f\u00f6rmiddagen. M\u00e5ste passa ljuset som f\u00f6rsvinner runt halv 1 f\u00f6r att kunna fota det.<\/li>\n<p>&nbsp;<\/p>\n<li><strong>Hur f\u00f6rvarar du dina nagellack?<\/strong><br \/>\nLacken jag testat st\u00e5r i tv\u00e5 vita Helmer i sovrummet. De otestade st\u00e5r i sm\u00e5 l\u00e5dor i vardagsrummet och p\u00e5 skrivbordet. Problemet \u00e4r att dessa l\u00e5dor blivit fler med tiden&#8230; Jag h\u00e4nger inte med!<\/li>\n<p>&nbsp;<\/p>\n<li><strong>T\u00e4nk dig att nagellack blir f\u00f6rbjudet och inte f\u00e5r anv\u00e4ndas, alls! B\u00f6terna f\u00f6r nagellacksanv\u00e4ndning \u00e4r 10.000 kr. Skulle du smuggla och ha p\u00e5 dig det hemma eller ge upp ditt intresse?<\/strong><br \/>\nAnv\u00e4nda i hemlighet!<\/li>\n<p>&nbsp;<\/p>\n<li><strong>Du f\u00e5r bara anv\u00e4nda 2 lackf\u00e4rger i resten ditt liv. Vilka? (Alla finishar till\u00e5tna)<\/strong><br \/>\nTurkos som Shanghai Nights och lila kanske?<\/li>\n<p>&nbsp;<\/p>\n<li><strong>Har du n\u00e5gon speciell fotograferingsplats f\u00f6r dina m\u00e5lade naglar? Vid n\u00e5got f\u00f6nster? Balkongen?<\/strong><br \/>\nI ena vardagsrumsf\u00f6nstret! Finns bilder p\u00e5 hur det ser ut n\u00e4r jag fotar mina naglar, s\u00f6k p\u00e5 &#8221;Hur man fotar naglarna&#8221; tror jag.<\/li>\n<p>&nbsp;<\/p>\n<li><strong>Vilken \u00e4r din favoritfinish?<\/strong><br \/>\nSkimmer. Och holo.<\/li>\n<p>&nbsp;<\/p>\n<li><strong>Om du startade ditt eget nagellacksm\u00e4rke, vad skulle det heta?<\/strong><br \/>\nIngen aning, aldrig funderat p\u00e5 det&#8230;<\/li>\n<p>&nbsp;<\/p>\n<li><strong>Vilken \u00e4r din b\u00e4sta nagelv\u00e5rdsprodukt?<\/strong><br \/>\nSnabbtorkande topplack!<\/li>\n<p>&nbsp;<\/p>\n<li><strong>Har du n\u00e5got favoritm\u00e4rke inom nagellack?<\/strong><br \/>\nNej.<\/li>\n<p>&nbsp;<\/p>\n<li><strong>Hur blev du intresserad av att b\u00f6rja m\u00e5la naglarna?<\/strong><br \/>\nDet har jag gjort sedan ton\u00e5ren, hade hur l\u00e5nga naglar som helst d\u00e5. Med Nailmail och bloggen blev det ju mer ett jobb men \u00e4r fortfarande roligt.<\/li>\n<p>&nbsp;<\/p>\n<li><strong>Vad \u00e4r det b\u00e4sta med att ha en nagellackblogg?<\/strong><br \/>\nAtt f\u00e5 dela med sig av f\u00e4rggl\u00e4djen! Och konsumentupplysningen!<\/li>\n<\/ol>\n<h4>11 fakta om mig<\/h4>\n<ol>\n<li>Jag har aldrig tidigare varit sjukskriven. Det fyller mig med lika delar \u00e5ngest, l\u00e4ttnad och uttr\u00e5kning. Vi f\u00e5r se vad ortopeden s\u00e4ger imorgon.<\/li>\n<li>Jag m\u00e5r r\u00e4tt d\u00e5ligt just nu och det h\u00e4r att ingen av mina sk v\u00e4nner skickat ett sms och fr\u00e5gat hur jag m\u00e5r?<\/li>\n<li>Jag \u00f6nskar att jag var mer pysslig! Tycker inte alls det \u00e4r roligt att baka, pyssla eller dona hemma&#8230;<\/li>\n<li>Jag tror att universum h\u00f6r min \u00f6nskan. Men det g\u00e4ller att man \u00e4r specifik om vad man vill ha!<\/li>\n<li>Jag \u00e4r mindre smart och engagerad \u00e4n jag var f\u00f6r 10 \u00e5r sedan. Jag har b\u00f6rjat tappa greppet k\u00e4nns det som.<\/li>\n<li>P\u00e5 torsdag \u00e4r det 1 \u00e5r sedan Wendy dog. Jag saknar henne varje dag fortfarande! Jag \u00f6nskar att Br\u00f6derna Fluff kunde vara lite gosigare&#8230;<\/li>\n<li>Jag \u00e4r trots allt ganska allm\u00e4nbildad. Problemet \u00e4r bara att jag inte kan n\u00e5gon enskild sak riktigt riktigt bra.<\/li>\n<li>Jag har inget sj\u00e4lvf\u00f6rtroende vad det g\u00e4ller relationer med andra. Jag f\u00f6ruts\u00e4tter n\u00e4stan att de ska ogilla mig efter ett tag &#8211; h\u00e4nder oftast ocks\u00e5 att de v\u00e4nder mig ryggen.<\/li>\n<li>N\u00e4r jag g\u00e5r ig\u00e5ng p\u00e5 n\u00e5got som en ny vana exempelvis, g\u00f6r jag det r\u00e4tt ordentligt &#8211; f\u00f6r att sedan tr\u00f6ttna och g\u00e5 tillbaka till de gamla vanorna. Trist beteende.<\/li>\n<li>Hade jag obegr\u00e4nsat med pengar skulle jag l\u00e4tt operera n\u00e4san, fettsuga mig och&#8230; ja s\u00e5nt. Sedan skulle jag sitta hemma och vara lika oomtyckt som innan.<\/li>\n<li>Jag tycker visst lite synd om mig sj\u00e4lv!<\/li>\n<\/ol>\n<p>Jag vill inte nominera n\u00e5gra s\u00e4rskilda, alla som kommenterar i min blogg och l\u00e4mnar sin adress till sin blogg f\u00e5r g\u00e4rna svara!<\/p>\n<h4>11 nya fr\u00e5gor f\u00f6r den som vill:<\/h4>\n<ol>\n<li>Varf\u00f6r bloggar du? F\u00f6r din egen skull eller f\u00f6r andras?<\/li>\n<li>\u00c4r du personlig p\u00e5 din blogg eller \u00e4r du &#8221;hemlig&#8221;? Varf\u00f6r?<\/li>\n<li>Har du uppn\u00e5tt dina dr\u00f6mmar? Hur k\u00e4ndes det d\u00e5, blev det tomt eller skaffade du nya dr\u00f6mmar?<\/li>\n<li>Vad \u00e4r din inst\u00e4llning till nagellack? \u00c4r det en del av din personlighet eller bara n\u00e5t kul du sysslar med ibland?<\/li>\n<li>N\u00e5gon i din n\u00e4rhet s\u00e4ger att hen inte tycker om hur du har ditt h\u00e5r. Hur reagerar du p\u00e5 det?<\/li>\n<li>Hur m\u00e5nga nagellack har du? Hur f\u00f6rvarar och sorterar du dem? Eller m\u00e4rke? F\u00e4rg?<\/li>\n<li>Jag har ju drivit Nailmail i 5 \u00e5r, har du n\u00e5gonsin t\u00e4nkt starta ett eget f\u00f6retag? Vad stoppade dig om inte?<\/li>\n<li>Har du n\u00e5gra dubbletter i din samling? Vilka?<\/li>\n<li>N\u00e4r du var l\u00e5t s\u00e4ga 15 \u00e5r, trodde du att ditt liv skulle se ut s\u00e5h\u00e4r d\u00e5 som det g\u00f6r idag?<\/li>\n<li>Vem \u00e4r din f\u00f6rebild inom bloggv\u00e4rlden?<\/li>\n<li>Slutligen: hur skulle du vilja f\u00f6r\u00e4ndra v\u00e4rlden?<\/li>\n<\/ol>\n<p>Som sagt, t\u00e4nker inte nominera n\u00e5gon men alla ni som ofta l\u00e4ser min blogg och har en egen &#8211; det vore j\u00e4tteroligt att se era svar!!<\/p>\n","protected":false},"excerpt":{"rendered":"<p>Jag har f\u00e5tt en Liebster Award! Det \u00e4r Sanna fr\u00e5n Sannas Naglar som f\u00f6r\u00e4rat mig den &#8211; tack s\u00e5 mycket! Reglerna \u00e4r: L\u00e4nka tillbaka till &hellip; <\/p>\n","protected":false},"author":1,"featured_media":0,"comment_status":"open","ping_status":"open","sticky":false,"template":"","format":"standard","meta":{"footnotes":""},"categories":[448],"tags":[489],"_links":{"self":[{"href":"http:\/\/vackerunderbar.se\/index.php?rest_route=\/wp\/v2\/posts\/37811"}],"collection":[{"href":"http:\/\/vackerunderbar.se\/index.php?rest_route=\/wp\/v2\/posts"}],"about":[{"href":"http:\/\/vackerunderbar.se\/index.php?rest_route=\/wp\/v2\/types\/post"}],"author":[{"embeddable":true,"href":"http:\/\/vackerunderbar.se\/index.php?rest_route=\/wp\/v2\/users\/1"}],"replies":[{"embeddable":true,"href":"http:\/\/vackerunderbar.se\/index.php?rest_route=%2Fwp%2Fv2%2Fcomments&post=37811"}],"version-history":[{"count":8,"href":"http:\/\/vackerunderbar.se\/index.php?rest_route=\/wp\/v2\/posts\/37811\/revisions"}],"predecessor-version":[{"id":37820,"href":"http:\/\/vackerunderbar.se\/index.php?rest_route=\/wp\/v2\/posts\/37811\/revisions\/37820"}],"wp:attachment":[{"href":"http:\/\/vackerunderbar.se\/index.php?rest_route=%2Fwp%2Fv2%2Fmedia&parent=37811"}],"wp:term":[{"taxonomy":"category","embeddable":true,"href":"http:\/\/vackerunderbar.se\/index.php?rest_route=%2Fwp%2Fv2%2Fcategories&post=37811"},{"taxonomy":"post_tag","embeddable":true,"href":"http:\/\/vackerunderbar.se\/index.php?rest_route=%2Fwp%2Fv2%2Ftags&post=37811"}],"curies":[{"name":"wp","href":"https:\/\/api.w.org\/{rel}","templated":true}]}}