{"id":3759,"date":"2009-04-05T10:00:28","date_gmt":"2009-04-05T08:00:28","guid":{"rendered":"http:\/\/www.vackerunderbar.se\/?p=3759"},"modified":"2014-06-03T17:08:48","modified_gmt":"2014-06-03T15:08:48","slug":"temavecka-de-sju-dodssynderna","status":"publish","type":"post","link":"http:\/\/vackerunderbar.se\/?p=3759","title":{"rendered":"Temavecka: De sju d\u00f6dssynderna"},"content":{"rendered":"<p>Jag tycker att tema-veckor \u00e4r r\u00e4tt s\u00e5 trevliga, de ger en gemenskap bland bloggarna och ett roligt s\u00e4tt att inspireras p\u00e5. Att bara ha en f\u00e4rg dock till mitt tema k\u00e4ndes f\u00f6r tr\u00e5kigt, s\u00e5 jag bad er r\u00f6sta om vilket tema vi ska ha nu p\u00e5 m\u00e5ndag.<\/p>\n<p>Vinnaren blev &#8221;De sju d\u00f6dssynderna&#8221; med 61 r\u00f6ster, 45%, och detta tema passar v\u00e4l bra nu n\u00e4r det \u00e4r p\u00e5sk? <a href=\"http:\/\/sv.wikipedia.org\/wiki\/De_sju_d%C3%B6dssynderna\" target=\"_blank\"><strong>De sju d\u00f6dssynderna<\/strong><\/a>, <strong>huvudsynderna<\/strong> eller <strong>kardinalsynderna<\/strong>, \u00e4r ett begrepp inom katolicismen. De har alla positiva motsvarigheter i De sju dygderna. De sju d\u00f6dssynderna var under medeltiden tillsammans med <span class=\"mw-redirect\">tio budorden<\/span> de fr\u00e4msta utg\u00e5ngspunkterna f\u00f6r etiska diskussioner och betraktelser.<\/p>\n<p>Termen kommer av att de dels anses leda till andra laster och synder och dels leder till evig <span class=\"new\">f\u00f6rd\u00f6melse<\/span>, ifall syndaren inte \u00e5ngrar sig.<\/p>\n<p>De sju d\u00f6dssynderna och den f\u00e4rg som de f\u00f6rknippas med \u00e4r som f\u00f6ljer (i parentes dess positiva motsvarighet):<\/p>\n<blockquote>\n<figure style=\"width: 182px\" class=\"wp-caption alignright\"><a href=\"http:\/\/upload.wikimedia.org\/wikipedia\/commons\/2\/26\/Hieronymus_Bosch_095.jpg\"><img loading=\"lazy\" decoding=\"async\" src=\"http:\/\/upload.wikimedia.org\/wikipedia\/commons\/2\/26\/Hieronymus_Bosch_095.jpg\" alt=\"De sju d\u00f6dssynderna, m\u00e5lning av Hieronymus Bosch ca 1475-1480\" width=\"182\" height=\"154\" \/><\/a><figcaption class=\"wp-caption-text\">De sju d\u00f6dssynderna, m\u00e5lning av Hieronymus Bosch ca 1475-1480<\/figcaption><\/figure>\n<p>\u221a <strong>H\u00f6gmod <\/strong>= Violett (<em>Dygd<\/em>)<br \/>\n\u221a <strong>Girighet <\/strong>= Gul (<em><span class=\"new\">\u00d6ppenhet<\/span><\/em>)<br \/>\n\u221a <strong>V\u00e4llust <\/strong>= Bl\u00e5 (<em>Avh\u00e5llsamhet<\/em>)<br \/>\n\u221a <strong>Avund <\/strong>= Gr\u00f6n (<em><span class=\"new\">Flit<\/span><\/em>)<br \/>\n\u221a <strong>Frosseri <\/strong>= Orange (<em>T\u00e5lamod<\/em>)<br \/>\n\u221a <strong>Vrede <\/strong>= R\u00f6d (<em><span class=\"new\">Medm\u00e4nsklighet<\/span><\/em>)<br \/>\n\u221a <strong>L\u00e4ttja <\/strong>= Ljusbl\u00e5 (<em>\u00d6dmjukhet<\/em>)<\/p><\/blockquote>\n<p>Alla har v\u00e4l h\u00f6rt begreppen R\u00f6d av vrede eller Gr\u00f6n av Avund?<\/p>\n<p>Jag kommer att l\u00e4gga upp ett inl\u00e4gg som kommer publiceras kl 8 varje morgon. I detta inl\u00e4gg kommer jag ber\u00e4tta lite om d\u00f6dssynden i sig och d\u00e4r kan ni ocks\u00e5 anv\u00e4nda det Mr Linky-formul\u00e4r som jag kommer l\u00e4gga in. Detta formul\u00e4r m\u00f6jligg\u00f6r att ni sj\u00e4lva kan skriva in ert namn och adress till den post som \u00e4r till just den dagen &#8211; s\u00e5 fler kan se era l\u00e4ckra sminkningar! Jag kommer publicera min mejk lite senare samma dag &#8211; men jag kommer vara med, var s\u00e5 s\u00e4ker!<\/p>\n<p>Vi b\u00f6rjar s\u00e5 klart med H\u00f6gmod p\u00e5 m\u00e5ndag, d\u00e4refter Girighet p\u00e5 tisdag, V\u00e4llust p\u00e5 onsdag, Avund p\u00e5 torsdag, Frosseri p\u00e5 fredag, Vrede p\u00e5 l\u00f6rdag och s\u00e5 slutar vi veckan med lite sk\u00f6n L\u00e4ttja p\u00e5 s\u00f6ndag.<\/p>\n","protected":false},"excerpt":{"rendered":"<p>Jag tycker att tema-veckor \u00e4r r\u00e4tt s\u00e5 trevliga, de ger en gemenskap bland bloggarna och ett roligt s\u00e4tt att inspireras p\u00e5. Att bara ha en &hellip; <\/p>\n","protected":false},"author":1,"featured_media":0,"comment_status":"open","ping_status":"open","sticky":false,"template":"","format":"standard","meta":{"footnotes":""},"categories":[448],"tags":[],"_links":{"self":[{"href":"http:\/\/vackerunderbar.se\/index.php?rest_route=\/wp\/v2\/posts\/3759"}],"collection":[{"href":"http:\/\/vackerunderbar.se\/index.php?rest_route=\/wp\/v2\/posts"}],"about":[{"href":"http:\/\/vackerunderbar.se\/index.php?rest_route=\/wp\/v2\/types\/post"}],"author":[{"embeddable":true,"href":"http:\/\/vackerunderbar.se\/index.php?rest_route=\/wp\/v2\/users\/1"}],"replies":[{"embeddable":true,"href":"http:\/\/vackerunderbar.se\/index.php?rest_route=%2Fwp%2Fv2%2Fcomments&post=3759"}],"version-history":[{"count":10,"href":"http:\/\/vackerunderbar.se\/index.php?rest_route=\/wp\/v2\/posts\/3759\/revisions"}],"predecessor-version":[{"id":9986,"href":"http:\/\/vackerunderbar.se\/index.php?rest_route=\/wp\/v2\/posts\/3759\/revisions\/9986"}],"wp:attachment":[{"href":"http:\/\/vackerunderbar.se\/index.php?rest_route=%2Fwp%2Fv2%2Fmedia&parent=3759"}],"wp:term":[{"taxonomy":"category","embeddable":true,"href":"http:\/\/vackerunderbar.se\/index.php?rest_route=%2Fwp%2Fv2%2Fcategories&post=3759"},{"taxonomy":"post_tag","embeddable":true,"href":"http:\/\/vackerunderbar.se\/index.php?rest_route=%2Fwp%2Fv2%2Ftags&post=3759"}],"curies":[{"name":"wp","href":"https:\/\/api.w.org\/{rel}","templated":true}]}}